{"id":122461,"date":"2025-05-23T17:04:13","date_gmt":"2025-05-23T17:04:13","guid":{"rendered":"https:\/\/www.europesays.com\/fr\/122461\/"},"modified":"2025-05-23T17:04:13","modified_gmt":"2025-05-23T17:04:13","slug":"rollers-concerts-pitch-love-que-faire-a-rennes-ce-week-end-voici-nos-idees-de-sorties","status":"publish","type":"post","link":"https:\/\/www.europesays.com\/fr\/122461\/","title":{"rendered":"Rollers, concerts, Pitch Love&#8230; Que faire \u00e0 Rennes ce week-end ? Voici nos id\u00e9es de sorties"},"content":{"rendered":"<p>            Par<br \/>\n        <strong><br \/>\n            <a href=\"https:\/\/actu.fr\/auteur\/clemence-pays02-actu-fr\" title=\"Consulter tous les articles de Cl\u00e9mence Pays\" rel=\"nofollow noopener\" target=\"_blank\">Cl\u00e9mence Pays<\/a><br \/>\n        <\/strong><\/p>\n<p>        Publi\u00e9 le<\/p>\n<p>            23 mai 2025 \u00e0 18h02        <\/p>\n<p>Le week-end s\u2019annonce nuageux \u00e0 <a href=\"https:\/\/actu.fr\/rennes\/\" rel=\"nofollow noopener\" target=\"_blank\">Rennes<\/a>. Alors pour parer \u00e0 la grise mine, la r\u00e9daction d\u2019actu Rennes vous propose, comme chaque vendredi, une <strong>s\u00e9lection d\u2019id\u00e9es pour sortir<\/strong> dans la capitale bretonne, <strong>samedi\u00a024 et dimanche 25\u00a0mai 2025.<\/strong> Objectif\u2009: se divertir seul ou \u00e0 plusieurs et toujours sans se ruiner\u2009!<\/p>\n<p>Glisser, rouler, p\u00e9daler, esplanade Charles-de-Gaulle<\/p>\n<p class=\" wall-content\">Rollers, trottinettes, skateboard ou encore BMX seront les stars du week-end, esplanade Charles-de-Gaulle. <a href=\"https:\/\/actu.fr\/bretagne\/rennes_35238\/rennes-sur-roulettes-les-inscriptions-sont-ouvertes-voici-quand-a-lieu-la-43e-edition-et-ce-qui-vous-attend_62259986.html\" rel=\"nofollow noopener\" target=\"_blank\">L\u2019\u00e9v\u00e9nement Rennes sur roulettes est de retour pour sa 43e \u00e9dition<\/a>.<\/p>\n<p class=\" wall-content\">Les plus comp\u00e9titeurs se d\u00e9fieront lors de <strong>courses<\/strong> endiabl\u00e9es. Pour celles et ceux qui seraient plus \u00e0 l\u2019aise \u00e0 pied que sur des roulettes, il y a toujours la possibilit\u00e9 d\u2019encourager les participants. Le spectacle vaudra \u00e9galement le d\u00e9tour du c\u00f4t\u00e9 des \u00e9preuves de<strong> freestyle.<\/strong><\/p>\n<p class=\" wall-content\"><a href=\"https:\/\/www.instagram.com\/p\/DJ2MBmKMT5p\/embed\" title=\"Ouvrir le lien sur Instagram\" rel=\"nofollow noopener\" target=\"_blank\">Visualiser le contenu sur Instagram<\/a><\/p>\n<p class=\" wall-content\">Un village sera install\u00e9, avec des<strong> animations v\u00e9lo encadr\u00e9es<\/strong> ou encore des <strong>initiations gratuites au roller.<\/strong> Et bien s\u00fbr, il y aura de la musique\u2009!<\/p>\n<p>Samedi\u00a024 et dimanche 25\u00a0mai, Rennes sur roulettes, esplanade Charles-de-Gaulle \u00e0 Rennes. Entr\u00e9e gratuite.<br \/>\nProgramme complet sur <a href=\"https:\/\/rennessurroulettes.com\/\" rel=\"nofollow noopener\" target=\"_blank\">le site de l\u2019\u00e9v\u00e9nement<\/a>.C\u00e9l\u00e9brer le Mur habit\u00e9<\/p>\n<p class=\" wall-content\">Samedi, l\u2019<strong>Atelier RK<\/strong> et <strong>Le Mur Habit\u00e9<\/strong> f\u00eateront leurs <strong>cinq ans.<\/strong> \u00c0 cette occasion, un \u00e9v\u00e9nement festif et cr\u00e9atif est organis\u00e9 aux Ateliers du vent.<\/p>\n<p class=\" wall-content\"><strong>Au programme\u2009:<\/strong><\/p>\n<ul class=\" wall-content\">\n<li>d\u00e9fil\u00e9 des \u00e9l\u00e8ves et partenaires de l\u2019Atelier RK\u2009;<\/li>\n<li>\u0153uvre participative ouverte au public\u2009;<\/li>\n<li>showroom d\u2019artisan(e)s du Mur Habit\u00e9\u2009;<\/li>\n<li>tombola avec des surprises \u00e0 gagner\u2009;<\/li>\n<li>DJ sets.<\/li>\n<\/ul>\n<p class=\" wall-content\">Il sera par ailleurs possible de se restaurer sur place.<\/p>\n<p class=\" wall-content\"><a href=\"https:\/\/www.instagram.com\/p\/DJhbEqYNbsW\/embed\" title=\"Ouvrir le lien sur Instagram\" rel=\"nofollow noopener\" target=\"_blank\">Visualiser le contenu sur Instagram<\/a><\/p>\n<p class=\" wall-content\">\u00ab Un moment unique pour <strong>mettre en lumi\u00e8re la richesse des talents<\/strong> qui animent ce lieu et f\u00eater ensemble cinq ans de cr\u00e9ation, de transmission et d\u2019engagement artistique et social\u2009\u00bb, annoncent les organisateurs.<\/p>\n<p>Samedi 24\u00a0mai, de 17h \u00e0 minuit, 5\u00a0ans de l\u2019Atelier RK et du Mur Habit\u00e9, aux Ateliers du Vent, 59, rue Alexandre-Duval, Rennes.<\/p>\n<p>D\u00e9couvrir une marque 100\u2009% rennaise<\/p>\n<p class=\" wall-content\">La marque rennaise <a href=\"https:\/\/actu.fr\/bretagne\/rennes_35238\/a-rennes-la-marque-a-succes-les-cotons-de-romane-ouvre-exceptionnellement-son-atelier-au-public_62631437.html\" rel=\"nofollow noopener\" target=\"_blank\">Les Cotons de Romane organise une grande vente dans son atelier<\/a> habituellement ferm\u00e9 au public. Lors de ces <strong>portes ouvertes,<\/strong> les clientes et les clients pourront d\u00e9couvrir l\u2019int\u00e9gralit\u00e9 des collections con\u00e7ues par des couturi\u00e8res \u00e0 Rennes et imagin\u00e9es par <strong>Romane Gautret,<\/strong> fondatrice de la marque.<\/p>\n<p class=\" wall-content\">L\u2019occasion de faire le plein de<strong> produits et accessoires \u00e9coresponsables<\/strong> et de faire un pas vers le z\u00e9ro d\u00e9chet.<\/p>\n<p>Vendredi\u00a023 et samedi 24\u00a0mai 2025, de 10h \u00e0 19h, portes ouvertes de l\u2019atelier Les Cotons de Romane, 4, rue de la Sauvaie \u00e0 Rennes. Paiement uniquement en carte bancaire.<\/p>\n<p>Trouver (peut-\u00eatre) l\u2019amour<\/p>\n<p class=\" wall-content\">Apr\u00e8s <a href=\"https:\/\/actu.fr\/bretagne\/rennes_35238\/nouveau-a-rennes-une-soiree-inedite-pour-pitcher-ses-amis-celibataires-et-trouver-l-amour_62255013.html\" rel=\"nofollow noopener\" target=\"_blank\">le succ\u00e8s de la premi\u00e8re soir\u00e9e<\/a>, <strong>Pitch Love<\/strong> revient pour un deuxi\u00e8me \u00e9v\u00e9nement, cette fois-ci au Morex.<\/p>\n<p class=\" wall-content\">Le principe est simple, des <strong>bin\u00f4mes pitcheur\/pitch\u00e9<\/strong> montent sur sc\u00e8ne. Le pitcheur pr\u00e9sente au public le pitch\u00e9, soit un proche c\u00e9libataire et \u00e0 la recherche d\u2019un ou d\u2019une partenaire.<\/p>\n<p class=\" wall-content\"><a href=\"https:\/\/www.instagram.com\/p\/DJbT0jIIWFF\/embed\" title=\"Ouvrir le lien sur Instagram\" rel=\"nofollow noopener\" target=\"_blank\">Visualiser le contenu sur Instagram<\/a><\/p>\n<p class=\" wall-content\">S\u2019il ne reste plus de place pour pr\u00e9senter un proche, il est toujours possible de venir assister \u00e0 la soir\u00e9e en tant que spectateur. L\u2019occasion de rencontrer de nouvelles personnes, de faire connaissance et peut-\u00eatre de commencer une <strong>relation amoureuse. <\/strong>Plus d\u2019infos dans notre article d\u00e9di\u00e9.<\/p>\n<p>Danser au Made festival<\/p>\n<p class=\" wall-content\">Le<strong> Made festival<\/strong> est de retour \u00e0 Rennes. Centr\u00e9 sur les <strong>musiques \u00e9lectroniques,<\/strong> le festival propose plusieurs \u00e9v\u00e9nements, <strong>gratuits et payants,<\/strong> dans diff\u00e9rents lieux de la capitale bretonne. Dans les bars, \u00e0 la Glaz Arena ou encore en open air au parc des Gayeulles, il y a de quoi faire. Et ce, de jour comme de nuit.<\/p>\n<p class=\" wall-content\"><a href=\"https:\/\/www.instagram.com\/p\/DJJZOEhseWM\/embed\" title=\"Ouvrir le lien sur Instagram\" rel=\"nofollow noopener\" target=\"_blank\">Visualiser le contenu sur Instagram<\/a><\/p>\n<p class=\" wall-content\">Quelques <strong>places sont toujours disponibles<\/strong> sur <a href=\"https:\/\/made-festival.fr\/billetterie.html\" rel=\"nofollow noopener\" target=\"_blank\">la billetterie en ligne<\/a> pour les \u00e9v\u00e9nements payants de samedi. Dimanche, le festival s\u2019installe au Morex, de 15h \u00e0 22h30, avec FLY2K X After Made festival (\u00e9v\u00e9nement gratuit).<\/p>\n<p>Vendredi 23, samedi 24 et dimanche 25 mai, Made festival \u00e0 Rennes (multisites). Programmation compl\u00e8te des \u00e9v\u00e9nements et des lieux\u00a0<a href=\"https:\/\/made-festival.fr\/programmation.html\" rel=\"nofollow noopener\" target=\"_blank\">en ligne<\/a>.Une vente de plantes \u00e0 petits prix<\/p>\n<p class=\" wall-content\">Samedi, ce sera le dernier jour pour se rendre au <a href=\"https:\/\/actu.fr\/bretagne\/cesson-sevigne_35051\/bon-plan-a-rennes-profitez-d-une-vente-ephemere-de-plantes-de-saison-a-des-prix-doux_62614213.html\" rel=\"nofollow noopener\" target=\"_blank\">pop-up store Jardin Nomade<\/a>. La <strong>boutique \u00e9ph\u00e9m\u00e8re<\/strong> install\u00e9e au centre commercial Carrefour Rennes-Cesson propose des <strong>plantes vertes,<\/strong> grasses ou encore des cactus et herbes aromatiques <strong>\u00e0 partir de 1,50\u00a0euro.<\/strong><\/p>\n<p class=\" wall-content\">Des tickets \u00e0 gratter seront aussi propos\u00e9s pour tenter de gagner des cadeaux.<\/p>\n<p class=\" wall-content\"><a href=\"https:\/\/www.instagram.com\/p\/DJ6OlhCoSyZ\/embed\" title=\"Ouvrir le lien sur Instagram\" rel=\"nofollow noopener\" target=\"_blank\">Visualiser le contenu sur Instagram<\/a><\/p>\n<p>Samedi 24\u00a0mai, de 9h30 \u00e0 20h, vente \u00e9ph\u00e9m\u00e8re au centre commercial Carrefour, Z.A. La Rigourdi\u00e8re, Cesson-S\u00e9vign\u00e9.<\/p>\n<p class=\" wall-content\">Suivez toute l\u2019actualit\u00e9 de vos villes et m\u00e9dias favoris en vous inscrivant \u00e0 <a href=\"https:\/\/moncompte.actu.fr\" title=\"D\u00e9couvez Mon Actu\" rel=\"nofollow noopener\" data-trk=\"{&quot;cta&quot;:{&quot;action&quot;:&quot;https:\\\/\\\/moncompte.actu.fr&quot;,&quot;category&quot;:&quot;mon compte&quot;,&quot;from&quot;:&quot;article footer&quot;,&quot;name&quot;:&quot;Mon actu&quot;,&quot;type&quot;:&quot;cta&quot;}}\" target=\"_blank\">Mon Actu<\/a>.<\/p>\n<p>                    <script async src=\"\/\/www.instagram.com\/embed.js\"><\/script><\/p>\n","protected":false},"excerpt":{"rendered":"Par Cl\u00e9mence Pays Publi\u00e9 le 23 mai 2025 \u00e0 18h02 Le week-end s\u2019annonce nuageux \u00e0 Rennes. Alors pour&hellip;\n","protected":false},"author":2,"featured_media":122462,"comment_status":"","ping_status":"","sticky":false,"template":"","format":"standard","meta":{"footnotes":""},"categories":[2821],"tags":[1111,11,1063,829,1777,674,1011,27,1305,12,584,25],"class_list":{"0":"post-122461","1":"post","2":"type-post","3":"status-publish","4":"format-standard","5":"has-post-thumbnail","7":"category-rennes","8":"tag-actu","9":"tag-actualites","10":"tag-animations","11":"tag-bretagne","12":"tag-eu","13":"tag-europe","14":"tag-fr","15":"tag-france","16":"tag-lifestyle","17":"tag-news","18":"tag-rennes","19":"tag-republique-francaise"},"share_on_mastodon":{"url":"https:\/\/pubeurope.com\/@fr\/114558236335755421","error":""},"_links":{"self":[{"href":"https:\/\/www.europesays.com\/fr\/wp-json\/wp\/v2\/posts\/122461","targetHints":{"allow":["GET"]}}],"collection":[{"href":"https:\/\/www.europesays.com\/fr\/wp-json\/wp\/v2\/posts"}],"about":[{"href":"https:\/\/www.europesays.com\/fr\/wp-json\/wp\/v2\/types\/post"}],"author":[{"embeddable":true,"href":"https:\/\/www.europesays.com\/fr\/wp-json\/wp\/v2\/users\/2"}],"replies":[{"embeddable":true,"href":"https:\/\/www.europesays.com\/fr\/wp-json\/wp\/v2\/comments?post=122461"}],"version-history":[{"count":0,"href":"https:\/\/www.europesays.com\/fr\/wp-json\/wp\/v2\/posts\/122461\/revisions"}],"wp:featuredmedia":[{"embeddable":true,"href":"https:\/\/www.europesays.com\/fr\/wp-json\/wp\/v2\/media\/122462"}],"wp:attachment":[{"href":"https:\/\/www.europesays.com\/fr\/wp-json\/wp\/v2\/media?parent=122461"}],"wp:term":[{"taxonomy":"category","embeddable":true,"href":"https:\/\/www.europesays.com\/fr\/wp-json\/wp\/v2\/categories?post=122461"},{"taxonomy":"post_tag","embeddable":true,"href":"https:\/\/www.europesays.com\/fr\/wp-json\/wp\/v2\/tags?post=122461"}],"curies":[{"name":"wp","href":"https:\/\/api.w.org\/{rel}","templated":true}]}}