{"id":122465,"date":"2025-05-23T17:06:12","date_gmt":"2025-05-23T17:06:12","guid":{"rendered":"https:\/\/www.europesays.com\/fr\/122465\/"},"modified":"2025-05-23T17:06:12","modified_gmt":"2025-05-23T17:06:12","slug":"eurometropole-de-strasbourg-collecte-des-dechets-a-domicile-dans-la-seconde-couronne-le-juste-prix","status":"publish","type":"post","link":"https:\/\/www.europesays.com\/fr\/122465\/","title":{"rendered":"Eurom\u00e9tropole de Strasbourg. Collecte des d\u00e9chets \u00e0 domicile dans la seconde couronne\u00a0: le juste prix"},"content":{"rendered":"<p>C\u2019est un \u00ab\u00a0bouleversement\u00a0\u00bb qui attend les communes de la deuxi\u00e8me couronne de l\u2019agglom\u00e9ration, pr\u00e9vient le maire de Souffelweyersheim, Alain Perrin. Comme \u00e9voqu\u00e9 dans nos pages ce 22\u00a0mai, l\u2019Eurom\u00e9tropole de Strasbourg pr\u00e9voit d\u2019instaurer <a href=\"https:\/\/www.dna.fr\/economie\/2025\/05\/21\/la-collecte-des-dechets-a-domicile-en-voie-d-etre-harmonisee-dans-les-communes-de-la-seconde-couronne\" target=\"_blank\" rel=\"noopener\">le ramassage \u00e0 domicile des poubelles bleues et jaunes<\/a> , en alternance tous les quinze jours, dans les communes de moins de 10\u00a0000 habitants. Cette \u00e9volution a fait l\u2019objet d\u2019une d\u00e9lib\u00e9ration pr\u00e9sent\u00e9e (et adopt\u00e9e) lors du conseil de la collectivit\u00e9 ce vendredi 23\u00a0mai.<\/p>\n<p>En plus d\u2019\u00ab\u00a0am\u00e9liorer <a href=\"https:\/\/www.dna.fr\/environnement\/2023\/01\/03\/tri-des-dechets-tous-les-papiers-et-emballages-sont-concernes\" target=\"_blank\" rel=\"noopener\">le tri<\/a> \u00bb en changeant la fr\u00e9quence, selon Mich\u00e8le Leckler, maire de Plobsheim, l\u2019int\u00e9r\u00eat de cette mesure est d\u2019\u00e9quiper la majorit\u00e9 de ces communes (*) en bacs de tri. \u00ab\u00a0De Wissembourg \u00e0 Saint-Louis, il n\u2019y a que [nos] 21 communes sans&#8230;<\/p>\n","protected":false},"excerpt":{"rendered":"C\u2019est un \u00ab\u00a0bouleversement\u00a0\u00bb qui attend les communes de la deuxi\u00e8me couronne de l\u2019agglom\u00e9ration, pr\u00e9vient le maire de Souffelweyersheim,&hellip;\n","protected":false},"author":2,"featured_media":122466,"comment_status":"","ping_status":"","sticky":false,"template":"","format":"standard","meta":{"footnotes":""},"categories":[2820],"tags":[1111,11,2880,436,1777,674,107,1011,27,775,12,1800,25,104,640,2879],"class_list":{"0":"post-122465","1":"post","2":"type-post","3":"status-publish","4":"format-standard","5":"has-post-thumbnail","7":"category-strasbourg","8":"tag-actu","9":"tag-actualites","10":"tag-edition-strasbourg","11":"tag-environnement","12":"tag-eu","13":"tag-europe","14":"tag-fil-info","15":"tag-fr","16":"tag-france","17":"tag-grand-est","18":"tag-news","19":"tag-pollution","20":"tag-republique-francaise","21":"tag-societe","22":"tag-strasbourg","23":"tag-strasbourg-ville"},"share_on_mastodon":{"url":"https:\/\/pubeurope.com\/@fr\/114558244190737301","error":""},"_links":{"self":[{"href":"https:\/\/www.europesays.com\/fr\/wp-json\/wp\/v2\/posts\/122465","targetHints":{"allow":["GET"]}}],"collection":[{"href":"https:\/\/www.europesays.com\/fr\/wp-json\/wp\/v2\/posts"}],"about":[{"href":"https:\/\/www.europesays.com\/fr\/wp-json\/wp\/v2\/types\/post"}],"author":[{"embeddable":true,"href":"https:\/\/www.europesays.com\/fr\/wp-json\/wp\/v2\/users\/2"}],"replies":[{"embeddable":true,"href":"https:\/\/www.europesays.com\/fr\/wp-json\/wp\/v2\/comments?post=122465"}],"version-history":[{"count":0,"href":"https:\/\/www.europesays.com\/fr\/wp-json\/wp\/v2\/posts\/122465\/revisions"}],"wp:featuredmedia":[{"embeddable":true,"href":"https:\/\/www.europesays.com\/fr\/wp-json\/wp\/v2\/media\/122466"}],"wp:attachment":[{"href":"https:\/\/www.europesays.com\/fr\/wp-json\/wp\/v2\/media?parent=122465"}],"wp:term":[{"taxonomy":"category","embeddable":true,"href":"https:\/\/www.europesays.com\/fr\/wp-json\/wp\/v2\/categories?post=122465"},{"taxonomy":"post_tag","embeddable":true,"href":"https:\/\/www.europesays.com\/fr\/wp-json\/wp\/v2\/tags?post=122465"}],"curies":[{"name":"wp","href":"https:\/\/api.w.org\/{rel}","templated":true}]}}