{"id":122471,"date":"2025-05-23T17:09:55","date_gmt":"2025-05-23T17:09:55","guid":{"rendered":"https:\/\/www.europesays.com\/fr\/122471\/"},"modified":"2025-05-23T17:09:55","modified_gmt":"2025-05-23T17:09:55","slug":"le-voleur-sen-prend-au-scooter-des-policiers-attables-dans-un-restaurant","status":"publish","type":"post","link":"https:\/\/www.europesays.com\/fr\/122471\/","title":{"rendered":"Le voleur s\u2019en prend au scooter des policiers attabl\u00e9s dans un restaurant"},"content":{"rendered":"<p>Il s\u2019est attaqu\u00e9 au mauvais deux-roues.<\/p>\n<p>Un homme s\u2019en est pris \u00e0 un scooter banalis\u00e9 de la police nationale, mardi 20\u00a0mai 2025 \u00e0 13\u00a0h\u00a010, \u00e0 l\u2019angle des rues Scribe et Corneille, dans le centre-ville de Nantes. Il a d\u00e9rob\u00e9 un sac dans le coffre mais s\u2019est tr\u00e8s vite fait remarquer.<\/p>\n<p>Il se rebelle lors de son interpellation<\/p>\n<p>Trois policiers en civil attabl\u00e9s dans un restaurant proche l\u2019ont en effet pris en chasse. En les voyant arriver, le voleur a pris la fuite mais il a \u00e9t\u00e9 tr\u00e8s vite rattrap\u00e9. Il s\u2019est ensuite rebell\u00e9 au moment de son interpellation, ce qui n\u2019a pas emp\u00each\u00e9 son placement en garde \u00e0 vue. Il a ensuite fait l\u2019objet d\u2019une composition p\u00e9nale et d\u2019une amende, a fait savoir le parquet de Nantes. Il n\u2019avait pas d\u2019ant\u00e9c\u00e9dents judiciaires.<\/p>\n<p>\u00a0<\/p>\n","protected":false},"excerpt":{"rendered":"Il s\u2019est attaqu\u00e9 au mauvais deux-roues. Un homme s\u2019en est pris \u00e0 un scooter banalis\u00e9 de la police&hellip;\n","protected":false},"author":2,"featured_media":122472,"comment_status":"","ping_status":"","sticky":false,"template":"","format":"standard","meta":{"footnotes":""},"categories":[2818],"tags":[1111,11,24466,1777,674,1011,27,766,12,2636,6890,6020,25,1340,6291,10912],"class_list":{"0":"post-122471","1":"post","2":"type-post","3":"status-publish","4":"format-standard","5":"has-post-thumbnail","7":"category-nantes","8":"tag-actu","9":"tag-actualites","10":"tag-attables","11":"tag-eu","12":"tag-europe","13":"tag-fr","14":"tag-france","15":"tag-nantes","16":"tag-news","17":"tag-pays-de-la-loire","18":"tag-policiers","19":"tag-prend","20":"tag-republique-francaise","21":"tag-restaurant","22":"tag-scooter","23":"tag-voleur"},"share_on_mastodon":{"url":"https:\/\/pubeurope.com\/@fr\/114558259929781160","error":""},"_links":{"self":[{"href":"https:\/\/www.europesays.com\/fr\/wp-json\/wp\/v2\/posts\/122471","targetHints":{"allow":["GET"]}}],"collection":[{"href":"https:\/\/www.europesays.com\/fr\/wp-json\/wp\/v2\/posts"}],"about":[{"href":"https:\/\/www.europesays.com\/fr\/wp-json\/wp\/v2\/types\/post"}],"author":[{"embeddable":true,"href":"https:\/\/www.europesays.com\/fr\/wp-json\/wp\/v2\/users\/2"}],"replies":[{"embeddable":true,"href":"https:\/\/www.europesays.com\/fr\/wp-json\/wp\/v2\/comments?post=122471"}],"version-history":[{"count":0,"href":"https:\/\/www.europesays.com\/fr\/wp-json\/wp\/v2\/posts\/122471\/revisions"}],"wp:featuredmedia":[{"embeddable":true,"href":"https:\/\/www.europesays.com\/fr\/wp-json\/wp\/v2\/media\/122472"}],"wp:attachment":[{"href":"https:\/\/www.europesays.com\/fr\/wp-json\/wp\/v2\/media?parent=122471"}],"wp:term":[{"taxonomy":"category","embeddable":true,"href":"https:\/\/www.europesays.com\/fr\/wp-json\/wp\/v2\/categories?post=122471"},{"taxonomy":"post_tag","embeddable":true,"href":"https:\/\/www.europesays.com\/fr\/wp-json\/wp\/v2\/tags?post=122471"}],"curies":[{"name":"wp","href":"https:\/\/api.w.org\/{rel}","templated":true}]}}