{"id":122473,"date":"2025-05-23T17:10:10","date_gmt":"2025-05-23T17:10:10","guid":{"rendered":"https:\/\/www.europesays.com\/fr\/122473\/"},"modified":"2025-05-23T17:10:10","modified_gmt":"2025-05-23T17:10:10","slug":"la-poste-met-linnovation-en-pleine-lumiere","status":"publish","type":"post","link":"https:\/\/www.europesays.com\/fr\/122473\/","title":{"rendered":"la Poste met l&rsquo;innovation en pleine lumi\u00e8re"},"content":{"rendered":"<p>\nInaugur\u00e9e le 30 avril sur l&rsquo;\u00eele de Nantes (Loire-Atlantique), la Maison de l&rsquo;innovation de La Poste est d\u00e9sormais le point de convergence de 1 200 informaticiens et chercheurs \u0153uvrant \u00e0 la transformation digitale de l&rsquo;entreprise. Con\u00e7u par l&rsquo;agence d&rsquo;architecture Baumschlager Eberle, ce b\u00e2timent de 15 375 m\u00b2 SP les accueille dans un univers lumineux et chaleureux, gr\u00e2ce notamment \u00e0 sa structure bois apparente et son vaste atrium sous verri\u00e8re.<\/p>\n<p>\nMais, discr\u00e9tion oblige, cette ouverture int\u00e9rieure se dissimule derri\u00e8re un rideau de lames d&rsquo;<a title=\"\" href=\"https:\/\/www.lemoniteur.fr\/aluminium\/\" rel=\"noopener\" target=\"\" class=\"lien-contextuel\">aluminium<\/a> recycl\u00e9 brun, juste \u00e9chancr\u00e9 par quelques grandes arches cens\u00e9es \u00e9voquer les ponts sur la Loire. Ce choix d&rsquo;une monumentalit\u00e9 imposante signale aux passants le r\u00f4le institutionnel de l&rsquo;\u00e9difice. R\u00e9alis\u00e9 par un groupement d&rsquo;entreprises men\u00e9 par Legendre Construction, le chantier a repr\u00e9sent\u00e9 un co\u00fbt TCE de 47 M\u20ac HT.<\/p>\n","protected":false},"excerpt":{"rendered":"Inaugur\u00e9e le 30 avril sur l&rsquo;\u00eele de Nantes (Loire-Atlantique), la Maison de l&rsquo;innovation de La Poste est d\u00e9sormais&hellip;\n","protected":false},"author":2,"featured_media":122474,"comment_status":"","ping_status":"","sticky":false,"template":"","format":"standard","meta":{"footnotes":""},"categories":[2818],"tags":[1111,11,1350,4154,1777,674,1011,27,5701,3047,766,12,6534,2636,19469,25],"class_list":{"0":"post-122473","1":"post","2":"type-post","3":"status-publish","4":"format-standard","5":"has-post-thumbnail","7":"category-nantes","8":"tag-actu","9":"tag-actualites","10":"tag-architecture","11":"tag-bois","12":"tag-eu","13":"tag-europe","14":"tag-fr","15":"tag-france","16":"tag-innovation","17":"tag-loire-atlantique","18":"tag-nantes","19":"tag-news","20":"tag-ouest-et-centre","21":"tag-pays-de-la-loire","22":"tag-realisations","23":"tag-republique-francaise"},"share_on_mastodon":{"url":"https:\/\/pubeurope.com\/@fr\/114558260020619513","error":""},"_links":{"self":[{"href":"https:\/\/www.europesays.com\/fr\/wp-json\/wp\/v2\/posts\/122473","targetHints":{"allow":["GET"]}}],"collection":[{"href":"https:\/\/www.europesays.com\/fr\/wp-json\/wp\/v2\/posts"}],"about":[{"href":"https:\/\/www.europesays.com\/fr\/wp-json\/wp\/v2\/types\/post"}],"author":[{"embeddable":true,"href":"https:\/\/www.europesays.com\/fr\/wp-json\/wp\/v2\/users\/2"}],"replies":[{"embeddable":true,"href":"https:\/\/www.europesays.com\/fr\/wp-json\/wp\/v2\/comments?post=122473"}],"version-history":[{"count":0,"href":"https:\/\/www.europesays.com\/fr\/wp-json\/wp\/v2\/posts\/122473\/revisions"}],"wp:featuredmedia":[{"embeddable":true,"href":"https:\/\/www.europesays.com\/fr\/wp-json\/wp\/v2\/media\/122474"}],"wp:attachment":[{"href":"https:\/\/www.europesays.com\/fr\/wp-json\/wp\/v2\/media?parent=122473"}],"wp:term":[{"taxonomy":"category","embeddable":true,"href":"https:\/\/www.europesays.com\/fr\/wp-json\/wp\/v2\/categories?post=122473"},{"taxonomy":"post_tag","embeddable":true,"href":"https:\/\/www.europesays.com\/fr\/wp-json\/wp\/v2\/tags?post=122473"}],"curies":[{"name":"wp","href":"https:\/\/api.w.org\/{rel}","templated":true}]}}