{"id":12248,"date":"2025-04-09T09:18:12","date_gmt":"2025-04-09T09:18:12","guid":{"rendered":"https:\/\/www.europesays.com\/fr\/12248\/"},"modified":"2025-04-09T09:18:12","modified_gmt":"2025-04-09T09:18:12","slug":"pont-saint-martin-nouvelle-exposition-du-photo-club","status":"publish","type":"post","link":"https:\/\/www.europesays.com\/fr\/12248\/","title":{"rendered":"Pont-Saint-Martin. Nouvelle exposition du Photo club"},"content":{"rendered":"<p>Le Photo club organise, \u00e0 nouveau, une exposition, salle du Vieux Pressoir, les 12 et 13\u00a0avril, de 10\u00a0h\u00a030 \u00e0 12\u00a0h\u00a030 et de 14\u00a0h\u00a030 \u00e0 18\u00a0h\u00a030, en entr\u00e9e libre.<\/p>\n<p>\u00a0Cette exposition, sans th\u00e8me impos\u00e9, est une s\u00e9lection d\u2019images des adh\u00e9rents. Elle permet une grande libert\u00e9 sur les formats et le mode de pr\u00e9sentation. Exposer est un moment privil\u00e9gi\u00e9. Avec les visiteurs, nous partageons et \u00e9changeons avec plaisir autour de nos photos\u00a0\u00bb, commente Patrick Bour\u00e9, pr\u00e9sident du Photo club. Les photographes amateurs font ainsi d\u00e9couvrir leur travail, invitant les visiteurs \u00e0 un moment d\u2019\u00e9vasion en leur compagnie. Le Photo club est d\u00e9j\u00e0 dans les pr\u00e9paratifs pour le prochain festival photo pr\u00e9vu du 8 au 11\u00a0novembre prochains, avec comme \u00e0 l\u2019accoutum\u00e9e de belles surprises. \u00a0D\u2019ailleurs, nous recherchons des sponsors pour soutenir cet \u00e9v\u00e9nement. Lors de l\u2019exposition, si des personnes sont int\u00e9ress\u00e9es pour nous soutenir pour notre manifestation d\u2019ampleur nationale, qu\u2019elles n\u2019h\u00e9sitent pas \u00e0 se faire conna\u00eetre\u00a0\u00bb, invite le pr\u00e9sident.<\/p>\n<p>Pour tout contact, le joindre sur patboure@wanadoo.fr<\/p>\n<p>\u00a0<\/p>\n","protected":false},"excerpt":{"rendered":"Le Photo club organise, \u00e0 nouveau, une exposition, salle du Vieux Pressoir, les 12 et 13\u00a0avril, de 10\u00a0h\u00a030&hellip;\n","protected":false},"author":2,"featured_media":12249,"comment_status":"","ping_status":"","sticky":false,"template":"","format":"standard","meta":{"footnotes":""},"categories":[2818],"tags":[1111,11,5244,1777,674,3293,1011,27,766,12,2043,2636,2745,5689,25,3272],"class_list":{"0":"post-12248","1":"post","2":"type-post","3":"status-publish","4":"format-standard","5":"has-post-thumbnail","7":"category-nantes","8":"tag-actu","9":"tag-actualites","10":"tag-club","11":"tag-eu","12":"tag-europe","13":"tag-exposition","14":"tag-fr","15":"tag-france","16":"tag-nantes","17":"tag-news","18":"tag-nouvelle","19":"tag-pays-de-la-loire","20":"tag-photo","21":"tag-pont-saint-martin","22":"tag-republique-francaise","23":"tag-saint-nazaire"},"share_on_mastodon":{"url":"https:\/\/pubeurope.com\/@fr\/114307262298267332","error":""},"_links":{"self":[{"href":"https:\/\/www.europesays.com\/fr\/wp-json\/wp\/v2\/posts\/12248","targetHints":{"allow":["GET"]}}],"collection":[{"href":"https:\/\/www.europesays.com\/fr\/wp-json\/wp\/v2\/posts"}],"about":[{"href":"https:\/\/www.europesays.com\/fr\/wp-json\/wp\/v2\/types\/post"}],"author":[{"embeddable":true,"href":"https:\/\/www.europesays.com\/fr\/wp-json\/wp\/v2\/users\/2"}],"replies":[{"embeddable":true,"href":"https:\/\/www.europesays.com\/fr\/wp-json\/wp\/v2\/comments?post=12248"}],"version-history":[{"count":0,"href":"https:\/\/www.europesays.com\/fr\/wp-json\/wp\/v2\/posts\/12248\/revisions"}],"wp:featuredmedia":[{"embeddable":true,"href":"https:\/\/www.europesays.com\/fr\/wp-json\/wp\/v2\/media\/12249"}],"wp:attachment":[{"href":"https:\/\/www.europesays.com\/fr\/wp-json\/wp\/v2\/media?parent=12248"}],"wp:term":[{"taxonomy":"category","embeddable":true,"href":"https:\/\/www.europesays.com\/fr\/wp-json\/wp\/v2\/categories?post=12248"},{"taxonomy":"post_tag","embeddable":true,"href":"https:\/\/www.europesays.com\/fr\/wp-json\/wp\/v2\/tags?post=12248"}],"curies":[{"name":"wp","href":"https:\/\/api.w.org\/{rel}","templated":true}]}}