{"id":122488,"date":"2025-05-23T17:18:14","date_gmt":"2025-05-23T17:18:14","guid":{"rendered":"https:\/\/www.europesays.com\/fr\/122488\/"},"modified":"2025-05-23T17:18:14","modified_gmt":"2025-05-23T17:18:14","slug":"marseille-la-rtm-annonce-des-transports-en-plus-voici-quand-et-pour-quelles-destinations","status":"publish","type":"post","link":"https:\/\/www.europesays.com\/fr\/122488\/","title":{"rendered":"Marseille. La RTM annonce des transports en plus, voici quand et pour quelles destinations"},"content":{"rendered":"<p>            Par<br \/>\n        <strong><br \/>\n            <a href=\"https:\/\/actu.fr\/auteur\/fabien-binacchi\" title=\"Consulter tous les articles de Fabien Binacchi\" rel=\"nofollow noopener\" target=\"_blank\">Fabien Binacchi<\/a><br \/>\n        <\/strong><\/p>\n<p>        Publi\u00e9 le<\/p>\n<p>            23 mai 2025 \u00e0 18h21        <\/p>\n<p>L\u2019\u00e9t\u00e9 arrive et les touristes aussi. Avec cette forte hausse de la fr\u00e9quentation annonc\u00e9e \u00e0 <a href=\"https:\/\/actu.fr\/marseille\/\" rel=\"nofollow noopener\" target=\"_blank\">Marseille<\/a>, la <a href=\"https:\/\/actu.fr\/tag\/rtm\" rel=\"nofollow noopener\" target=\"_blank\">R\u00e9gie des transports m\u00e9tropolitains (RTM)<\/a> annonce un renforcement de son offre <strong>sur terre, mais aussi en mer.<\/strong> Ces transports en plus s\u2019adressent aux visiteurs, bien s\u00fbr, mais aussi aux habitants de la cit\u00e9 phoc\u00e9enne pour <strong>leur permettre de profiter au mieux de la belle saison<\/strong> dans la deuxi\u00e8me ville de France. On vous explique tout ce qui est pr\u00e9vu, \u00e0 quelle fr\u00e9quence et vers quelles destinations.<\/p>\n<p class=\" wall-content\">Vivre \u00e0 Marseille, c\u2019est aussi accepter de partager un peu tout ce qu\u2019elle a \u00e0 offrir avec des voyageurs du monde en entier. Surtout l\u2019\u00e9t\u00e9, quand ils d\u00e9barquent en masse.<\/p>\n<p class=\" wall-content\">Alors pour s\u2019adapter, la RTM promet un renforcement de ses lignes de bus les plus fr\u00e9quent\u00e9es \u00e0 cette p\u00e9riode l\u2019ann\u00e9e\u2009: <strong>celles qui desservent les plages et le littoral.<\/strong><\/p>\n<p class=\" wall-content\">Du jeudi 29 mai au dimanche 31 ao\u00fbt 2025, <strong>la 19, la 20, la 35 et la 83<\/strong> seront concern\u00e9es. La r\u00e9gie dimensionne le r\u00e9seau \u00e0 l\u2019identique de ce qui avait \u00e9t\u00e9 pr\u00e9vu en 2024, ann\u00e9e des JO, qui avait enregistr\u00e9 une hausse de la fr\u00e9quentation de 13\u2009% par rapport \u00e0 l\u2019\u00e9t\u00e9 2023.<\/p>\n<p>Voil\u00e0 ce qui est pr\u00e9vu dans le d\u00e9tail\u2009:<\/p>\n<ul class=\" wall-content\">\n<li>Sur la ligne 19, entre Castellane et la Madrague de Montredon, qui accueille jusqu\u2019\u00e0 16000 voyageurs par jour en \u00e9t\u00e9, la capacit\u00e9 est doubl\u00e9e par rapport \u00e0 l\u2019offre hivernale. Avec un bus toutes les 4 minutes, au maximum. Le \u00ab\u2009Bus des plages\u2009\u00bb, 19 B, entre le Rond-Point du Prado et la Pointe Rouge, circulera \u00e9galement 7 jours sur 7, avec un renfort de 8 bus articul\u00e9s.<\/li>\n<\/ul>\n<ul class=\" wall-content\">\n<li>De la Madrague de Montredon \u00e0 Callelongue, la capacit\u00e9 de la ligne 20 est multipli\u00e9e par 4 \u00ab\u2009gr\u00e2ce au doublement de l\u2019offre et au doublement de la capacit\u00e9 des v\u00e9hicules\u2009\u00bb, indique la RTM. Les trois minibus de 22 places sont remplac\u00e9s par trois bus de 42 places. Un passage toutes les 15 minutes sera propos\u00e9, pour 1200 voyageurs par jour en \u00e9t\u00e9.<\/li>\n<\/ul>\n<ul class=\" wall-content\">\n<li>La ligne 35, de la Joliette \u00e0 l\u2019Estaque \u00ab\u2009Riaux\u2009\u00bb, vers les Plages de Corbi\u00e8re, gagne de son c\u00f4t\u00e9 20\u2009% de capacit\u00e9 suppl\u00e9mentaire, avec jusqu\u2019\u00e0 7 bus articul\u00e9s l\u2019apr\u00e8s-midi. Elle offrira un passage toutes les 12 minutes, au plus fort de la journ\u00e9e, pour 5000 voyageurs par jour en moyenne \u00e0 cette p\u00e9riode de l\u2019ann\u00e9e.<\/li>\n<\/ul>\n<ul class=\" wall-content\">\n<li>Enfin, la 83, entre les arr\u00eats Mucem Saint-Jean et M\u00e9tro Rond-Point Prado, fait un vrai bond avec une augmentation de sa capacit\u00e9 de 130\u2009%. Cette ligne, qui transporte jusqu\u2019\u00e0 16000 voyageurs par jour en \u00e9t\u00e9, aura droit \u00e0 des bus \u00e0 imp\u00e9riale entre 13h et 19h. Passage toutes les 6 minutes.<\/li>\n<\/ul>\n<p class=\" wall-content\">\u00c0 noter que <a href=\"https:\/\/www.rtm.fr\/se-deplacer\/reseau-soir-et-nuit#:~:text=Lignes%20de%20soir%C3%A9e%20B3%2C%20145,du%20matin%20toute%20l&#039;ann%C3%A9e.\" rel=\"nofollow noopener\" target=\"_blank\">17 lignes de soir\u00e9es<\/a> seront \u00e9galement en services, dont 6 nouvelles.<\/p>\n<p>Et en mer\u2009?<\/p>\n<p class=\" wall-content\">Du c\u00f4t\u00e9 de la Grande bleue, en plus des navettes qui desservent \u00e0 nouveau <strong>l\u2019Estaque<\/strong> et <strong>Pointe rouge<\/strong>, depuis le 26\u00a0avril, celle des <strong>Goudes<\/strong>\u00a0reprendra du service le 29\u00a0mai.<\/p>\n<blockquote class=\"ac-article-quote wall-content\">\n<p>\u00ab\u00a0Les navettes maritimes font partie int\u00e9grante de l\u2019offre de mobilit\u00e9 maritime de la RTM, aux c\u00f4t\u00e9s du bateau pour le Frioul et du mythique ferry-boat.\u00a0\u00bb<\/p>\n<p>    <strong>La RTM<\/strong>\n            <\/p><\/blockquote>\n<p class=\" wall-content\">La r\u00e9gie rappelle qu\u2019elles sont <strong>gratuites pour les abonn\u00e9s RTM<\/strong> (Pass permanent, abonnement annuel, 30\u00a0jours ou 7\u00a0jours, titulaires de la libre circulation), et les enfants de moins de 6\u00a0ans. Ce service est aussi propos\u00e9 \u00e0 tous, \u00e0 5\u00a0\u20ac \u00e0 8\u00a0\u20ac selon la ligne.<\/p>\n<ul class=\" wall-content\">\n<li>Ligne Vieux-Port \u2013 Pointe Rouge\u2009: d\u00e9part toutes les heures du Vieux-Port, de 8h00 \u00e0 19h00, et de Pointe rouge de 7h00 \u00e0 19h00. Du 28\u00a0juin au 31\u00a0ao\u00fbt, 3 d\u00e9parts suppl\u00e9mentaires sont propos\u00e9s \u00e0 20h, 21h et 22h.<\/li>\n<li>Ligne Vieux-Port \u2013 L\u2019Estaque\u2009: d\u00e9part toutes les heures du Vieux-Port, de 8h30 \u00e0 19h30, et de l\u2019Estaque de 7h30 \u00e0 19h30. Du 28\u00a0juin au 31\u00a0ao\u00fbt 2025, 3 d\u00e9parts suppl\u00e9mentaires sont \u00e9galement programm\u00e9s \u00e0 20h30, 21h30 et 22h30.<\/li>\n<li>Ligne Pointe Rouge \u2013 Les Goudes\u2009: d\u00e9part toutes les heures de Pointe-Rouge, de 8h50 \u00e0 19h50 et des Goudes, de 9h20 \u00e0 20h20.<\/li>\n<\/ul>\n<p class=\" wall-content\">Suivez toute l\u2019actualit\u00e9 de vos villes et m\u00e9dias favoris en vous inscrivant \u00e0 <a href=\"https:\/\/moncompte.actu.fr\" title=\"D\u00e9couvez Mon Actu\" rel=\"nofollow noopener\" data-trk=\"{&quot;cta&quot;:{&quot;action&quot;:&quot;https:\\\/\\\/moncompte.actu.fr&quot;,&quot;category&quot;:&quot;mon compte&quot;,&quot;from&quot;:&quot;article footer&quot;,&quot;name&quot;:&quot;Mon actu&quot;,&quot;type&quot;:&quot;cta&quot;}}\" target=\"_blank\">Mon Actu<\/a>.<\/p>\n","protected":false},"excerpt":{"rendered":"Par Fabien Binacchi Publi\u00e9 le 23 mai 2025 \u00e0 18h21 L\u2019\u00e9t\u00e9 arrive et les touristes aussi. Avec cette&hellip;\n","protected":false},"author":2,"featured_media":122489,"comment_status":"","ping_status":"","sticky":false,"template":"","format":"standard","meta":{"footnotes":""},"categories":[2814],"tags":[1111,11,1777,674,1011,27,884,12,882,25,10783,104,2803],"class_list":{"0":"post-122488","1":"post","2":"type-post","3":"status-publish","4":"format-standard","5":"has-post-thumbnail","7":"category-marseille","8":"tag-actu","9":"tag-actualites","10":"tag-eu","11":"tag-europe","12":"tag-fr","13":"tag-france","14":"tag-marseille","15":"tag-news","16":"tag-provence-alpes-cote-dazur","17":"tag-republique-francaise","18":"tag-rtm","19":"tag-societe","20":"tag-transport"},"share_on_mastodon":{"url":"https:\/\/pubeurope.com\/@fr\/114558291436671734","error":""},"_links":{"self":[{"href":"https:\/\/www.europesays.com\/fr\/wp-json\/wp\/v2\/posts\/122488","targetHints":{"allow":["GET"]}}],"collection":[{"href":"https:\/\/www.europesays.com\/fr\/wp-json\/wp\/v2\/posts"}],"about":[{"href":"https:\/\/www.europesays.com\/fr\/wp-json\/wp\/v2\/types\/post"}],"author":[{"embeddable":true,"href":"https:\/\/www.europesays.com\/fr\/wp-json\/wp\/v2\/users\/2"}],"replies":[{"embeddable":true,"href":"https:\/\/www.europesays.com\/fr\/wp-json\/wp\/v2\/comments?post=122488"}],"version-history":[{"count":0,"href":"https:\/\/www.europesays.com\/fr\/wp-json\/wp\/v2\/posts\/122488\/revisions"}],"wp:featuredmedia":[{"embeddable":true,"href":"https:\/\/www.europesays.com\/fr\/wp-json\/wp\/v2\/media\/122489"}],"wp:attachment":[{"href":"https:\/\/www.europesays.com\/fr\/wp-json\/wp\/v2\/media?parent=122488"}],"wp:term":[{"taxonomy":"category","embeddable":true,"href":"https:\/\/www.europesays.com\/fr\/wp-json\/wp\/v2\/categories?post=122488"},{"taxonomy":"post_tag","embeddable":true,"href":"https:\/\/www.europesays.com\/fr\/wp-json\/wp\/v2\/tags?post=122488"}],"curies":[{"name":"wp","href":"https:\/\/api.w.org\/{rel}","templated":true}]}}