{"id":122490,"date":"2025-05-23T17:19:09","date_gmt":"2025-05-23T17:19:09","guid":{"rendered":"https:\/\/www.europesays.com\/fr\/122490\/"},"modified":"2025-05-23T17:19:09","modified_gmt":"2025-05-23T17:19:09","slug":"la-vie-de-roland-haas-resistant-racontee-par-ses-enfants","status":"publish","type":"post","link":"https:\/\/www.europesays.com\/fr\/122490\/","title":{"rendered":"la vie de Roland Haas, r\u00e9sistant, racont\u00e9e par ses enfants"},"content":{"rendered":"<p>\u00ab\u00a0Un jour, j\u2019ai demand\u00e9 \u00e0 mon p\u00e8re ce qu\u2019il ferait s\u2019il rencontrait ses tortionnaires, nous raconte Patrick Haas, journaliste \u00e0 la retraite. Il m\u2019a r\u00e9pondu\u00a0: \u201cJe crois que je leur pardonnerai\u201d.\u00a0\u00bb Patrick et sa s\u0153ur, Isabelle, nous retracent le parcours exceptionnel de leur p\u00e8re, Roland Haas\u00a0: un homme qui a eu \u00ab\u00a0une belle et longue vie\u00a0\u00bb, mais qui n\u2019a jamais oubli\u00e9 ni son combat contre l\u2019oppression, ni l\u2019horreur des camps.<\/p>\n<p>Il refuse de porter l\u2019\u00e9toile jaune<\/p>\n<p>Roland Haas est n\u00e9 le 26\u00a0avril 1922, d\u2019une famille \u00ab\u00a0bourgeoise\u00a0\u00bb d\u2019origine juive mais non-pratiquante. De r\u00e9gion parisienne, int\u00e8gre \u00e0 Lyon l\u2019ESCIL, \u00e9cole sup\u00e9rieure de chimie aujourd\u2019hui CPE Lyon, qui lui rend hommage ce mardi. \u00c2g\u00e9&#8230;<\/p>\n","protected":false},"excerpt":{"rendered":"\u00ab\u00a0Un jour, j\u2019ai demand\u00e9 \u00e0 mon p\u00e8re ce qu\u2019il ferait s\u2019il rencontrait ses tortionnaires, nous raconte Patrick Haas,&hellip;\n","protected":false},"author":2,"featured_media":122491,"comment_status":"","ping_status":"","sticky":false,"template":"","format":"standard","meta":{"footnotes":""},"categories":[1889],"tags":[1111,11,2430,2757,1777,674,1011,27,937,2428,12,25,2429,104,6345,6346],"class_list":{"0":"post-122490","1":"post","2":"type-post","3":"status-publish","4":"format-standard","5":"has-post-thumbnail","7":"category-lyon","8":"tag-actu","9":"tag-actualites","10":"tag-auvergne-rhone-alpes","11":"tag-edition-lyon-villeurbanne","12":"tag-eu","13":"tag-europe","14":"tag-fr","15":"tag-france","16":"tag-histoire","17":"tag-lyon","18":"tag-news","19":"tag-republique-francaise","20":"tag-rhone","21":"tag-societe","22":"tag-villeurbanne","23":"tag-villeurbanne-bassin"},"share_on_mastodon":{"url":"https:\/\/pubeurope.com\/@fr\/114558295520487109","error":""},"_links":{"self":[{"href":"https:\/\/www.europesays.com\/fr\/wp-json\/wp\/v2\/posts\/122490","targetHints":{"allow":["GET"]}}],"collection":[{"href":"https:\/\/www.europesays.com\/fr\/wp-json\/wp\/v2\/posts"}],"about":[{"href":"https:\/\/www.europesays.com\/fr\/wp-json\/wp\/v2\/types\/post"}],"author":[{"embeddable":true,"href":"https:\/\/www.europesays.com\/fr\/wp-json\/wp\/v2\/users\/2"}],"replies":[{"embeddable":true,"href":"https:\/\/www.europesays.com\/fr\/wp-json\/wp\/v2\/comments?post=122490"}],"version-history":[{"count":0,"href":"https:\/\/www.europesays.com\/fr\/wp-json\/wp\/v2\/posts\/122490\/revisions"}],"wp:featuredmedia":[{"embeddable":true,"href":"https:\/\/www.europesays.com\/fr\/wp-json\/wp\/v2\/media\/122491"}],"wp:attachment":[{"href":"https:\/\/www.europesays.com\/fr\/wp-json\/wp\/v2\/media?parent=122490"}],"wp:term":[{"taxonomy":"category","embeddable":true,"href":"https:\/\/www.europesays.com\/fr\/wp-json\/wp\/v2\/categories?post=122490"},{"taxonomy":"post_tag","embeddable":true,"href":"https:\/\/www.europesays.com\/fr\/wp-json\/wp\/v2\/tags?post=122490"}],"curies":[{"name":"wp","href":"https:\/\/api.w.org\/{rel}","templated":true}]}}