{"id":122492,"date":"2025-05-23T17:20:12","date_gmt":"2025-05-23T17:20:12","guid":{"rendered":"https:\/\/www.europesays.com\/fr\/122492\/"},"modified":"2025-05-23T17:20:12","modified_gmt":"2025-05-23T17:20:12","slug":"lyon-une-decharge-a-ciel-ouvert-decouverte-au-parc-de-la-tete-dor-la-mairie-repond","status":"publish","type":"post","link":"https:\/\/www.europesays.com\/fr\/122492\/","title":{"rendered":"Lyon. Une d\u00e9charge \u00e0 ciel ouvert d\u00e9couverte au parc de la T\u00eate d\u2019Or, la mairie r\u00e9pond"},"content":{"rendered":"<p>            Par<br \/>\n        <strong><br \/>\n            <a href=\"https:\/\/actu.fr\/auteur\/julien-damboise\" title=\"Consulter tous les articles de Julien Damboise\" target=\"_blank\" rel=\"noopener\">Julien Damboise<\/a><br \/>\n        <\/strong><\/p>\n<p>        Publi\u00e9 le<\/p>\n<p>            23 mai 2025 \u00e0 18h39        <\/p>\n<p>Un coin de nature\u2026 et de <strong>nombreux d\u00e9chets<\/strong>, au milieu du plus grand parc urbain de France \u00e0 <a href=\"https:\/\/actu.fr\/auvergne-rhone-alpes\/lyon_69123\" target=\"_blank\" rel=\"noopener\">Lyon<\/a>. Le petit \u00eelot de verdure de <strong>l\u2019\u00eele des Tamaris<\/strong>, sur le lac du parc de la <a href=\"https:\/\/actu.fr\/tag\/parc-de-la-tete-d-or\" target=\"_blank\" rel=\"noopener\">T\u00eate d\u2019Or<\/a> \u00e0 Lyon, cacherait en r\u00e9alit\u00e9 une v\u00e9ritable d\u00e9charge \u00e0 ciel ouvert selon l\u2019opposition au maire <a href=\"https:\/\/actu.fr\/tag\/gregory-doucet\" target=\"_blank\" rel=\"noopener\">Gr\u00e9gory Doucet<\/a>. Un \u00e9lu demande des comptes, la mairie apporte sa r\u00e9ponse.<\/p>\n<p>    <a href=\"https:\/\/www.google.com\/maps\/embed?pb=!1m18!1m12!1m3!1d7333.146485227415!2d4.846505078475047!3d45.78045084628733!2m3!1f0!2f0!3f0!3m2!1i1024!2i768!4f13.1!3m3!1m2!1s0x47f4eaeaf74640b5%3A0x7b4c91e13fd25562!2sLac%20de%20la%20T%C3%AAte%20d%27or!5e1!3m2!1sfr!2sfr!4v1748003981100!5m2!1sfr!2sfr\" title=\"Ouvrie le lien\" target=\"_blank\" rel=\"noopener\">Cliquez ici pour visualiser le contenu<\/a><\/p>\n<p>T\u00f4les, embarcations et autres d\u00e9chets<\/p>\n<p class=\" wall-content\">Dans ce lieu discret, accessible uniquement en barque, on penserait \u00e0 un havre de paix pr\u00e9serv\u00e9 de toute pollution. Depuis la rive, on ne distingue que la dense v\u00e9g\u00e9tation et les <a href=\"https:\/\/actu.fr\/auvergne-rhone-alpes\/lyon_69123\/lyon-un-mysterieux-oiseau-bleu-apercu-dans-ce-quartier-et-sauve-par-une-habitante_62243602.html\" target=\"_blank\" rel=\"noopener\">oiseaux<\/a> qui viennent se poser dans les branches. Pourtant, c\u2019est bien ici que l\u2019opposition municipale affirme avoir d\u00e9couvert une <strong>d\u00e9charge \u00e0 ciel ouvert<\/strong>.<\/p>\n<p>    <img   decoding=\"async\" loading=\"lazy\" src=\"https:\/\/www.europesays.com\/fr\/wp-content\/uploads\/2025\/05\/nids-pollution-parc-tete-dor-lyon-960x640.png\" alt=\"Des oiseaux ont d\u00e9cid\u00e9 de nicher dans ce paradis vert pollu\u00e9.\" width=\"960\" height=\"640\"\/><br \/>\n    Des oiseaux ont d\u00e9cid\u00e9 de nicher dans ce paradis vert pollu\u00e9. (\u00a9Document remis \u00e0 actu Lyon)<\/p>\n<blockquote class=\"tiktok-embed\" cite=\"https:\/\/www.tiktok.com\/@actulyon\/video\/7507680163107327254\" data-video-id=\"7507680163107327254\" data-embed-from=\"oembed\" style=\"max-width:605px; min-width:325px;\"><p>\n<a target=\"_blank\" title=\"@actulyon\" href=\"https:\/\/www.tiktok.com\/@actulyon?refer=embed\" rel=\"noopener\">@actulyon<\/a> <\/p>\n<p>\ud83d\udd35 L\u2019opposition au maire de Lyon Gr\u00e9gory Doucet a d\u00e9nonc\u00e9 une zone laiss\u00e9e \u00e0 l\u2019abandon et pollu\u00e9e au sein m\u00eame du parc de la T\u00eate d\u2019Or et demande des comptes. \ud83d\udccdIl s\u2019agit du petit \u00eelot de l\u2019\u00eele des Tamaris, sur le lac, accessible uniquement en barque. <a title=\"park\" target=\"_blank\" href=\"https:\/\/www.tiktok.com\/tag\/park?refer=embed\" rel=\"noopener\">#park<\/a> <a title=\"bird\" target=\"_blank\" href=\"https:\/\/www.tiktok.com\/tag\/bird?refer=embed\" rel=\"noopener\">#bird<\/a> <a title=\"pollution\" target=\"_blank\" href=\"https:\/\/www.tiktok.com\/tag\/pollution?refer=embed\" rel=\"noopener\">#pollution<\/a> <a title=\"ecologie\" target=\"_blank\" href=\"https:\/\/www.tiktok.com\/tag\/ecologie?refer=embed\" rel=\"noopener\">#ecologie<\/a> <\/p>\n<p> <a target=\"_blank\" title=\"\u266c Silent March - Ernesto P. Neto\" href=\"https:\/\/www.tiktok.com\/music\/Silent-March-7403761360846473233?refer=embed\" rel=\"noopener\">\u266c Silent March \u2013 Ernesto P. Neto<\/a> <\/p>\n<\/blockquote>\n<p class=\" wall-content\">Photos \u00e0 l\u2019appui, on d\u00e9couvre au sol des t\u00f4les rouill\u00e9es, des f\u00fbts m\u00e9talliques ou encore des carcasses d\u2019embarcations anciennes. Des vestiges d\u00e9sormais habit\u00e9s par une<strong> faune abondante<\/strong>. Des oiseaux comme les h\u00e9rons cendr\u00e9s, esp\u00e8ce prot\u00e9g\u00e9e depuis 1974, viennent m\u00eame y nicher.<\/p>\n<p class=\" wall-content\">Ces \u00e9l\u00e9ments lourds, selon la mairie, sont les restes \u00ab\u00a0d\u2019un ancien abri de location et des luges datant des ann\u00e9es 40-50\u2033 \u00e0 une \u00e9poque o\u00f9 il n\u2019\u00e9tait pas rare de patiner sur les eaux gel\u00e9es du lac du Parc de la T\u00eate d\u2019Or en hiver selon la mairie. Un loisir qui \u00e9tait particuli\u00e8rement appr\u00e9ci\u00e9 des Lyonnais\u00a0\u00bb, selon la mairie.<\/p>\n<p>    <img   decoding=\"async\" loading=\"lazy\" src=\"https:\/\/www.europesays.com\/fr\/wp-content\/uploads\/2025\/05\/patin-a-glace-lyon-tete-dor-960x640.png\" alt=\"Des Lyonnais font de la luge sur le lac glac\u00e9 de la T\u00eate d'Or.\" width=\"960\" height=\"640\"\/><br \/>\n    Des Lyonnais font de la luge sur le lac glac\u00e9 de la T\u00eate d\u2019Or. (\u00a9Document remis \u00e0 actu Lyon)L\u2019opposition d\u00e9nonce une fanfaronnade<\/p>\n<p class=\" wall-content\">L\u2019affaire<strong> fait tache <\/strong>selon l\u2019opposition, d\u2019autant plus apr\u00e8s les annonces en d\u00e9but de semaine de la municipalit\u00e9 \u00e9cologiste de Gr\u00e9gory Doucet qui a d\u00e9voil\u00e9 <a href=\"https:\/\/actu.fr\/auvergne-rhone-alpes\/lyon_69123\/lyon-ce-coin-ignore-du-parc-de-la-tete-d-or-va-devenir-un-paradis-vegetal-les-details_62656714.html\" target=\"_blank\" rel=\"noopener\">l\u2019investissement de 550 000\u20ac<\/a> pour le jardin botanique au sein du parc de la T\u00eate d\u2019Or.<\/p>\n<blockquote class=\"ac-article-quote wall-content\">\n<p>C\u2019est une poubelle, pour ne pas dire une d\u00e9charge sauvage. Pour nous, \u00e7a tranche avec la fanfaronnade de la mairie qui se vante d\u2019investir dans le parc de la T\u00eate d\u2019Or&#8230; alors qu&rsquo;il y a une d\u00e9charge au milieu du parc. Il faut d\u00e9j\u00e0 s\u2019occuper de son environnement local avant de pouvoir faire des grands discours. C\u2019est notre joyau, on alerte !<\/p>\n<p>    <strong>Romain Billard<\/strong><br \/>\n        Conseiller municipal LR du 6e arrondissement de Lyon    <\/p><\/blockquote>\n<p class=\" wall-content\">Selon Romain Billard, il suffirait d\u2019un peu de volont\u00e9 pour r\u00e9soudre le probl\u00e8me rapidement, \u00ab\u00a0en une semaine\u00a0\u00bb. Un discours qui cible directement la mairie alors que l\u2019adjoint a rejoint les rangs de <a href=\"https:\/\/actu.fr\/auvergne-rhone-alpes\/lyon_69123\/lyon-plainte-intimidations-pierre-oliver-denonce-les-methodes-des-equipes-aulas_62640869.html\" target=\"_blank\" rel=\"noopener\">Pierre Oliver<\/a> pour les \u00e9lections municipales l\u2019ann\u00e9e prochaine.<\/p>\n<p>    <img   decoding=\"async\" loading=\"lazy\" src=\"https:\/\/www.europesays.com\/fr\/wp-content\/uploads\/2025\/05\/parc-tete-dor-lac-lyon-960x640.png\" alt=\"L'\u00eele des Tamaris, sur le lac du parc de la T\u00eate d'Or \u00e0 Lyon, cacherait une \" width=\"960\" height=\"640\"\/><br \/>\n    L\u2019\u00eele des Tamaris, sur le lac du parc de la T\u00eate d\u2019Or \u00e0 Lyon, cacherait une \u00ab\u00a0d\u00e9charge \u00e0 ciel ouvert\u00a0\u00bb selon l\u2019opposition. (\u00a9JD \/ actu Lyon)Les oiseaux en priorit\u00e9 ?<\/p>\n<p class=\" wall-content\">Contact\u00e9e, la mairie indique que les \u00e9quipements rest\u00e9s sur place n\u2019ont jamais \u00e9t\u00e9 retir\u00e9s \u00ab\u00a0en raison de <strong>l\u2019inaccessibilit\u00e9<\/strong> du site et de la n\u00e9cessit\u00e9 de faire appel \u00e0 des moyens assez lourds\u00a0\u00bb.<\/p>\n<p class=\" wall-content\">La Ville de Lyon ajoute avoir \u00ab\u00a0pr\u00e9vu de d\u00e9buter un <strong>travail d\u2019\u00e9valuation<\/strong> avec la Ligue pour la protection des oiseaux (LPO) pour savoir dans quelle mesure ces vestiges jouent ou non un r\u00f4le favorable \u00e0 la nidification\u00a0\u00bb. Aucune date n\u2019a encore \u00e9t\u00e9 avanc\u00e9e.<\/p>\n<p class=\" wall-content\">Suivez toute l\u2019actualit\u00e9 de vos villes et m\u00e9dias favoris en vous inscrivant \u00e0 <a href=\"https:\/\/moncompte.actu.fr\" title=\"D\u00e9couvez Mon Actu\" rel=\"nofollow noopener\" data-trk=\"{&quot;cta&quot;:{&quot;action&quot;:&quot;https:\\\/\\\/moncompte.actu.fr&quot;,&quot;category&quot;:&quot;mon compte&quot;,&quot;from&quot;:&quot;article footer&quot;,&quot;name&quot;:&quot;Mon actu&quot;,&quot;type&quot;:&quot;cta&quot;}}\" target=\"_blank\">Mon Actu<\/a>.<\/p>\n<p>                    <script async src=\"\/\/www.tiktok.com\/embed.js\"><\/script><\/p>\n","protected":false},"excerpt":{"rendered":"Par Julien Damboise Publi\u00e9 le 23 mai 2025 \u00e0 18h39 Un coin de nature\u2026 et de nombreux d\u00e9chets,&hellip;\n","protected":false},"author":2,"featured_media":122493,"comment_status":"","ping_status":"","sticky":false,"template":"","format":"standard","meta":{"footnotes":""},"categories":[1889],"tags":[1111,11,2430,436,1777,674,1011,27,2428,12,13760,52,1800,25],"class_list":{"0":"post-122492","1":"post","2":"type-post","3":"status-publish","4":"format-standard","5":"has-post-thumbnail","7":"category-lyon","8":"tag-actu","9":"tag-actualites","10":"tag-auvergne-rhone-alpes","11":"tag-environnement","12":"tag-eu","13":"tag-europe","14":"tag-fr","15":"tag-france","16":"tag-lyon","17":"tag-news","18":"tag-parc-de-la-tete-dor","19":"tag-planete","20":"tag-pollution","21":"tag-republique-francaise"},"share_on_mastodon":{"url":"https:\/\/pubeurope.com\/@fr\/114558299566161290","error":""},"_links":{"self":[{"href":"https:\/\/www.europesays.com\/fr\/wp-json\/wp\/v2\/posts\/122492","targetHints":{"allow":["GET"]}}],"collection":[{"href":"https:\/\/www.europesays.com\/fr\/wp-json\/wp\/v2\/posts"}],"about":[{"href":"https:\/\/www.europesays.com\/fr\/wp-json\/wp\/v2\/types\/post"}],"author":[{"embeddable":true,"href":"https:\/\/www.europesays.com\/fr\/wp-json\/wp\/v2\/users\/2"}],"replies":[{"embeddable":true,"href":"https:\/\/www.europesays.com\/fr\/wp-json\/wp\/v2\/comments?post=122492"}],"version-history":[{"count":0,"href":"https:\/\/www.europesays.com\/fr\/wp-json\/wp\/v2\/posts\/122492\/revisions"}],"wp:featuredmedia":[{"embeddable":true,"href":"https:\/\/www.europesays.com\/fr\/wp-json\/wp\/v2\/media\/122493"}],"wp:attachment":[{"href":"https:\/\/www.europesays.com\/fr\/wp-json\/wp\/v2\/media?parent=122492"}],"wp:term":[{"taxonomy":"category","embeddable":true,"href":"https:\/\/www.europesays.com\/fr\/wp-json\/wp\/v2\/categories?post=122492"},{"taxonomy":"post_tag","embeddable":true,"href":"https:\/\/www.europesays.com\/fr\/wp-json\/wp\/v2\/tags?post=122492"}],"curies":[{"name":"wp","href":"https:\/\/api.w.org\/{rel}","templated":true}]}}