{"id":122501,"date":"2025-05-23T17:25:07","date_gmt":"2025-05-23T17:25:07","guid":{"rendered":"https:\/\/www.europesays.com\/fr\/122501\/"},"modified":"2025-05-23T17:25:07","modified_gmt":"2025-05-23T17:25:07","slug":"apres-la-plainte-dun-supporter-du-psg-ligpn-saisie-pour-violences-policieres","status":"publish","type":"post","link":"https:\/\/www.europesays.com\/fr\/122501\/","title":{"rendered":"apr\u00e8s la plainte d&rsquo;un supporter du PSG, L&rsquo;IGPN saisie pour violences polici\u00e8res"},"content":{"rendered":"<p>            Par<br \/>\n        <strong><br \/>\n            <a href=\"https:\/\/actu.fr\/auteur\/augustin-delaporte\" title=\"Consulter tous les articles de Augustin Delaporte\" rel=\"nofollow noopener\" target=\"_blank\">Augustin Delaporte<\/a><br \/>\n        <\/strong><\/p>\n<p>        Publi\u00e9 le<\/p>\n<p>            23 mai 2025 \u00e0 19h02        <\/p>\n<p>Le parquet de Paris a saisi l\u2019Inspection g\u00e9n\u00e9rale de la police nationale (<strong>IGPN<\/strong>), apr\u00e8s la <strong>plainte d\u2019un jeune supporter<\/strong> du <a href=\"https:\/\/actu.fr\/tag\/paris-saint-germain-psg\" rel=\"nofollow noopener\" target=\"_blank\">PSG<\/a>, d\u00e9non\u00e7ant des <a href=\"https:\/\/actu.fr\/tag\/violences-policieres\" rel=\"nofollow noopener\" target=\"_blank\">violences polici\u00e8res<\/a>, qui seraient survenues le 7 mai 2025, a appris l\u2019AFP, vendredi 23 mai 2025, de source proche du dossier.<br \/>Ce soir-l\u00e0, le club francilien s\u2019\u00e9tait qualifi\u00e9 pour la finale de la <a href=\"https:\/\/actu.fr\/tag\/ligue-des-champions\" rel=\"nofollow noopener\" target=\"_blank\">Ligue des champions<\/a>, en disposant d\u2019Arsenal au <strong>Parc des Princes (2-1)<\/strong>, une semaine apr\u00e8s sa victoire (1-0) de l\u2019aller. Dans la soir\u00e9e, <a href=\"https:\/\/actu.fr\/ile-de-france\/paris_75056\/incomprehensible-apres-la-liesse-de-la-victoire-du-psg-face-a-arsenal-le-chaos-a-paris-des-blesses-graves_62610675.html\" rel=\"nofollow noopener\" target=\"_blank\">des incidents avaient \u00e9clat\u00e9<\/a> dans les rues de la capitale, <a href=\"https:\/\/actu.fr\/ile-de-france\/paris_75056\/psg-arsenal-les-commercants-de-l-avenue-des-champs-elysees-pries-de-fermer-boutique-avant-21h30-mercredi_62598477.html\" rel=\"nofollow noopener\" target=\"_blank\">comme l\u2019avait craint dans nos colonnes<\/a> la maire du 8e arrondissement, Jeanne d\u2019Hauteserre (LR).<\/p>\n<p>Une infraction passible de sept ans d\u2019emprisonnement<\/p>\n<p class=\" wall-content\">Sollicit\u00e9, le minist\u00e8re public a confirm\u00e9 avoir \u00ab\u00a0saisi l\u2019IGPN\u00a0\u00bb, la police des polices, sur ce dossier. Selon la source proche du dossier, Constantin (pr\u00e9nom modifi\u00e9) a d\u00e9pos\u00e9 plainte mardi \u00e0 l\u2019IGPN pour violences volontaires par personne d\u00e9positaire de l\u2019autorit\u00e9 publique avec arme, ayant entra\u00een\u00e9 une ITT sup\u00e9rieure \u00e0 huit jours, soit une <strong>infraction passible de sept ans d\u2019emprisonnement<\/strong> et 100 000 euros d\u2019amende.<\/p>\n<p class=\" wall-content\">Selon sa plainte, dont l\u2019AFP a eu connaissance, ce Breton de 17 ans qui doit passer le bac en juin, \u00e9tait \u00e0 Paris pour des oraux d\u2019admission \u00e0 l\u2019enseignement sup\u00e9rieur et s\u2019est rendu sur les <a href=\"https:\/\/actu.fr\/tag\/champs-elysees\" rel=\"nofollow noopener\" target=\"_blank\">Champs-Elys\u00e9es<\/a> le 7 mai pour f\u00eater l\u2019accession du PSG en finale de la Ligue des champions.<\/p>\n<blockquote class=\"ac-article-quote wall-content\">\n<p>Je n&rsquo;ai pas compris pourquoi les forces de l&rsquo;ordre ont charg\u00e9<\/p>\n<p>    <strong>Constantin<\/strong><br \/>\n        jeune supporter du PSG    <\/p><\/blockquote>\n<p class=\" wall-content\">Cherchant \u00e0 retrouver des amis dans la foule, il a indiqu\u00e9 s\u2019\u00eatre retrouv\u00e9 pris dans une \u00ab\u00a0<a href=\"https:\/\/actu.fr\/ile-de-france\/paris_75056\/manifestation-du-1er-mai-2025-intervention-de-la-police-en-tete-de-cortege-avec-de-nouvelles-interpellations_62585232.html\" rel=\"nofollow noopener\" target=\"_blank\"><strong>charge de policiers<\/strong><\/a> ou de CRS ou de gendarmes\u00a0\u00bb alors m\u00eame qu\u2019il n\u2019avait observ\u00e9 \u00ab\u00a0ni jets de projectiles sur les forces de l\u2019ordre, ni d\u00e9gradations, ni violences, ni feux de quoi que ce soit\u00a0\u00bb.<\/p>\n<p>Vid\u00e9os : en ce moment sur Actu\u00ab\u00a0Des coups de matraque sur la t\u00eate, dans le dos et sur l\u2019\u00e9paule\u00a0\u00bb\u00a0<\/p>\n<p class=\" wall-content\">Constantin a dit n\u2019avoir \u00ab\u00a0pas eu le temps\u00a0\u00bb de se \u00ab\u00a0prot\u00e9ger\u00a0\u00bb et s\u2019\u00eatre pris \u00ab\u00a0des coups de matraque\u00a0\u00bb, d\u2019abord \u00ab\u00a0sur la t\u00eate\u00a0\u00bb, \u00ab\u00a0derri\u00e8re la t\u00eate\u00a0\u00bb, puis \u00ab\u00a0dans le dos\u00a0\u00bb et \u00ab\u00a0l\u2019\u00e9paule gauche\u00a0\u00bb.<br \/>D\u00e9s\u00e9quilibr\u00e9 par la charge, Constantin a racont\u00e9 s\u2019\u00eatre retrouv\u00e9 sur une rambarde d\u2019acc\u00e8s \u00e0 un parking dont il a \u00ab\u00a0bascul\u00e9\u00a0\u00bb, \u00ab\u00a0tombant de 3 ou 4 m\u00e8tres\u00a0\u00bb, \u00ab\u00a0sur les mains\u00a0\u00bb.<\/p>\n<p class=\" wall-content\">\u00ab\u00a0Sonn\u00e9, je me mets en boule\u00a0\u00bb, poursuit-il. Mais \u00ab\u00a0le m\u00eame CRS ou gendarme\u00a0\u00bb \u00ab\u00a0a fait le tour pour s\u2019engager dans la rampe du parking et revenir jusqu\u2019\u00e0 moi\u00a0\u00bb, avant de lui \u00ab\u00a0r\u00e9ass\u00e9ner environ cinq coups de matraque au sol\u00a0\u00bb, de le \u00ab\u00a0soulever\u00a0\u00bb puis le \u00ab\u00a0jeter au sol\u00a0\u00bb, toujours selon les d\u00e9clarations de l\u2019adolescent.<\/p>\n<p class=\" wall-content\">Constantin a \u00e9t\u00e9 op\u00e9r\u00e9 pour \u00ab\u00a0de <strong>multiples fractures d\u00e9plac\u00e9es des phalanges<\/strong> du pouce droit\u00a0\u00bb, qui lui ont valu un premier diagnostic de 45 jours d\u2019indisponibilit\u00e9 de la main, sous r\u00e9serve d\u2019un nouveau diagnostic ult\u00e9rieur.<\/p>\n<p class=\" wall-content\">\u00ab\u00a0Nous sommes aux antipodes d\u2019une action relative \u00e0 du maintien de l\u2019ordre, le d\u00e9cha\u00eenement de violence du policier aurait pu entra\u00eener sa mort\u00a0\u00bb, a r\u00e9agi aupr\u00e8s de l\u2019AFP son avocat, Me Pierre Brunisso.<\/p>\n<p class=\" wall-content\">Avec AFP<\/p>\n<p class=\" wall-content\">Suivez toute l\u2019actualit\u00e9 de vos villes et m\u00e9dias favoris en vous inscrivant \u00e0 <a href=\"https:\/\/moncompte.actu.fr\" title=\"D\u00e9couvez Mon Actu\" rel=\"nofollow noopener\" data-trk=\"{&quot;cta&quot;:{&quot;action&quot;:&quot;https:\\\/\\\/moncompte.actu.fr&quot;,&quot;category&quot;:&quot;mon compte&quot;,&quot;from&quot;:&quot;article footer&quot;,&quot;name&quot;:&quot;Mon actu&quot;,&quot;type&quot;:&quot;cta&quot;}}\" target=\"_blank\">Mon Actu<\/a>.<\/p>\n","protected":false},"excerpt":{"rendered":"Par Augustin Delaporte Publi\u00e9 le 23 mai 2025 \u00e0 19h02 Le parquet de Paris a saisi l\u2019Inspection g\u00e9n\u00e9rale&hellip;\n","protected":false},"author":2,"featured_media":118983,"comment_status":"","ping_status":"","sticky":false,"template":"","format":"standard","meta":{"footnotes":""},"categories":[1888],"tags":[11,1777,674,1011,27,12,626,2332,1072,25,104,7374],"class_list":{"0":"post-122501","1":"post","2":"type-post","3":"status-publish","4":"format-standard","5":"has-post-thumbnail","7":"category-paris","8":"tag-actualites","9":"tag-eu","10":"tag-europe","11":"tag-fr","12":"tag-france","13":"tag-news","14":"tag-paris","15":"tag-paris-saint-germain-psg","16":"tag-police","17":"tag-republique-francaise","18":"tag-societe","19":"tag-violences-policieres"},"share_on_mastodon":{"url":"https:\/\/pubeurope.com\/@fr\/114558318931158965","error":""},"_links":{"self":[{"href":"https:\/\/www.europesays.com\/fr\/wp-json\/wp\/v2\/posts\/122501","targetHints":{"allow":["GET"]}}],"collection":[{"href":"https:\/\/www.europesays.com\/fr\/wp-json\/wp\/v2\/posts"}],"about":[{"href":"https:\/\/www.europesays.com\/fr\/wp-json\/wp\/v2\/types\/post"}],"author":[{"embeddable":true,"href":"https:\/\/www.europesays.com\/fr\/wp-json\/wp\/v2\/users\/2"}],"replies":[{"embeddable":true,"href":"https:\/\/www.europesays.com\/fr\/wp-json\/wp\/v2\/comments?post=122501"}],"version-history":[{"count":0,"href":"https:\/\/www.europesays.com\/fr\/wp-json\/wp\/v2\/posts\/122501\/revisions"}],"wp:featuredmedia":[{"embeddable":true,"href":"https:\/\/www.europesays.com\/fr\/wp-json\/wp\/v2\/media\/118983"}],"wp:attachment":[{"href":"https:\/\/www.europesays.com\/fr\/wp-json\/wp\/v2\/media?parent=122501"}],"wp:term":[{"taxonomy":"category","embeddable":true,"href":"https:\/\/www.europesays.com\/fr\/wp-json\/wp\/v2\/categories?post=122501"},{"taxonomy":"post_tag","embeddable":true,"href":"https:\/\/www.europesays.com\/fr\/wp-json\/wp\/v2\/tags?post=122501"}],"curies":[{"name":"wp","href":"https:\/\/api.w.org\/{rel}","templated":true}]}}