{"id":122504,"date":"2025-05-23T17:27:13","date_gmt":"2025-05-23T17:27:13","guid":{"rendered":"https:\/\/www.europesays.com\/fr\/122504\/"},"modified":"2025-05-23T17:27:13","modified_gmt":"2025-05-23T17:27:13","slug":"baltique-la-pologne-dit-avoir-intercepte-un-su-24-russe-menacant-dans-lespace-aerien-international","status":"publish","type":"post","link":"https:\/\/www.europesays.com\/fr\/122504\/","title":{"rendered":"Baltique : La Pologne dit avoir intercept\u00e9 un Su-24 russe \u00ab\u00a0mena\u00e7ant\u00a0\u00bb dans l&rsquo;espace a\u00e9rien international"},"content":{"rendered":"<p><img fetchpriority=\"high\" decoding=\"async\" src=\"https:\/\/www.europesays.com\/fr\/wp-content\/uploads\/2025\/05\/su24-gotland-20240615.jpg\" alt=\"\" width=\"600\" height=\"337\" class=\"alignnone size-full wp-image-76667\"  \/><\/p>\n<p>Apr\u00e8s de nouvelles sanctions prises par l\u2019Union europ\u00e9enne [UE] \u00e0 l\u2019\u00e9gard de la \u00ab\u00a0flotte fant\u00f4me\u00a0\u00bb de p\u00e9troliers qu\u2019elle utilise pour contourner les restrictions impos\u00e9es \u00e0 ses exportations d\u2019hydrocarbures, la Russie a assur\u00e9 qu\u2019elle ne resterait pas les bras crois\u00e9s. C\u2019est en effet ce qu\u2019a affirm\u00e9 Dmitri Peskov, le porte-parole du Kremlin, le 21 mai. <\/p>\n<p>\u00ab\u00a0Un \u00e9ventail assez large de moyens est disponible, bien entendu, dans le cadre du droit international\u00a0\u00bb, a-t-il dit. \u00ab\u00a0Comme l\u2019ont montr\u00e9 les r\u00e9cents \u00e9v\u00e9nements li\u00e9s \u00e0 une tentative d\u2019attaque pirate contre l\u2019un des p\u00e9troliers, la Russie a d\u00e9montr\u00e9 sa capacit\u00e9 \u00e0 r\u00e9agir avec une grande fermet\u00e9\u00a0\u00bb, a-t-il ajout\u00e9. <\/p>\n<p>Sauf que l\u2019incident auquel a fait r\u00e9f\u00e9rence M. Peskov a donn\u00e9 lieu \u00e0 une violation de l\u2019espace a\u00e9rien de l\u2019Estonie par un avion de combat russe Su-35 Flanker E, ce dernier \u00e9tant intervenu alors que la marine estonienne cherchait \u00e0 contr\u00f4ler le p\u00e9trolier M\/T Jaguar. Du moins est-ce la version des faits avanc\u00e9e par Tallinn. <\/p>\n<p>Cela \u00e9tant, les p\u00e9troliers de cette \u00ab\u00a0flotte fant\u00f4me\u00a0\u00bb ne font pas que transporter des hydrocarbures russes. Certains d\u2019entre eux ont \u00e9t\u00e9 accus\u00e9s de se livrer \u00e0 des actions relevant de la guerre hybride, par exemple en laissant tra\u00eener leur ancre sur plusieurs dizaines de nautiques afin d\u2019endommager des infrastructures sous-marines critiques. Mais encore faut-il pouvoir prouver l\u2019intentionnalit\u00e9 de tels actes\u2026 ce qui est loin d\u2019\u00eatre simple. <\/p>\n<p>\u00ab\u00a0Dans la Baltique, innocemment, certains bateaux laissent tra\u00eener leurs ancres pendant plus de 100 km\u2026 Pour avoir command\u00e9 un bateau, je peux vous dire que c\u2019est quand m\u00eame \u00e9tonnant de naviguer avec une ancre qui r\u00e2cle le fond\u00a0\u00bb, a ironis\u00e9 l\u2019amiral Nicolas Vaujour, le chef d\u2019\u00e9tat-major de la Marine nationale [CEMM], lors d\u2019une audition parlementaire, le 21 mai. <\/p>\n<p>Quoi qu\u2019il en soit, le lendemain, le Premier ministre polonais, Donald Tusk, a indiqu\u00e9 que le navire hydrographique ORP Heweliusz \u00e9tait en train de v\u00e9rifier si des explosifs n\u2019avaient pas \u00e9t\u00e9 d\u00e9pos\u00e9s pr\u00e8s d\u2019un c\u00e2ble \u00e9lectrique reliant la Pologne \u00e0 la Su\u00e8de par l\u2019un des p\u00e9troliers de cette \u00ab\u00a0flotte fant\u00f4me\u00a0\u00bb, le comportement de ce dernier ayant paru \u00ab\u00a0suspect\u00a0\u00bb. Un tel mode op\u00e9ratoire, s\u2019il \u00e9tait av\u00e9r\u00e9, serait in\u00e9dit\u2026 <\/p>\n<p>C\u2019est dans ce contexte que deux avions de combat polonais, dont le type n\u2019a pas \u00e9t\u00e9 pr\u00e9cis\u00e9 [F-16 ou MiG-29, ndlr] ont, \u00e0 la demande du \u00ab\u00a0commandement op\u00e9rationnel\u00a0\u00bb de l\u2019Otan, intercept\u00e9 et \u00ab\u00a0dissuad\u00e9\u00a0\u00bb un bombardier tactique Su-24 Fencer des forces a\u00e9riennes russes\u2026 dans l\u2019espace a\u00e9rien international de la Baltique. Ce qui, l\u00e0 encore, n\u2019est pas commun. <\/p>\n<p>Selon le ministre polonais de la D\u00e9fense, W\u0142adys\u0142aw Kosiniak-Kamysz, ce Su-24 Fencer a \u00e9t\u00e9 intercept\u00e9 parce qu\u2019il \u00ab\u00a0effectuait des man\u0153uvres dangereuses et d\u00e9lib\u00e9r\u00e9es, posant une menace\u00a0\u00bb. En quoi l\u2019avion russe \u00e9tait-il dangereux ? Il ne l\u2019a pas pr\u00e9cis\u00e9. <\/p>\n<p>On peut cependant se risquer \u00e0 avancer trois hypoth\u00e8ses. La premi\u00e8re est que le Su-24 a cherch\u00e9 \u00e0 intimider un navire engag\u00e9 dans l\u2019une des op\u00e9rations men\u00e9es par l\u2019Otan dans la r\u00e9gion de la Baltique. Ce qui ne serait pas un premi\u00e8re\u2026 La seconde est qu\u2019il volait sans transpondeur, ce qui n\u2019aurait rien d\u2019in\u00e9dit. Quant \u00e0 la derni\u00e8re, il est possible que l\u2019avion russe en question ait \u00e9t\u00e9 un Su-24MR, c\u2019est-\u00e0-dire un avion sp\u00e9cialis\u00e9 dans le recueil du renseignement, et qu\u2019il se soit montr\u00e9 un peu trop curieux. <\/p>\n<p>Le ministre polonais a li\u00e9 cet incident aux man\u0153uvres suspectes d\u2019un des navires de la \u00ab\u00a0flotte fant\u00f4me\u00a0\u00bb pr\u00e8s du c\u00e2ble \u00e9lectrique entre la Su\u00e8de et la Pologne. Au passage, il a pr\u00e9cis\u00e9 que les donn\u00e9es r\u00e9cup\u00e9r\u00e9es par l\u2019ORP Heweliusz allaient \u00eatre analys\u00e9es par des experts de l\u2019op\u00e9rateur national du r\u00e9seau \u00e9lectrique PSE.<\/p>\n<p>\u00ab\u00a0Ces deux \u00e9v\u00e9nements montrent \u00e0 quel point la mer Baltique est vitale pour maintenir ouvertes les lignes de communication, de commerce et de transport, ainsi que pour prot\u00e9ger les infrastructures critiques\u00a0\u00bb, a comment\u00e9 M. Kosiniak-Kamysz, avant de pr\u00e9ciser que la Pologne demanderait \u00e0 l\u2019Otan de prolonger et d\u2019\u00e9tendre l\u2019op\u00e9ration Baltic Sentry, lanc\u00e9e en janvier pour pr\u00e9venir tout acte de sabotage dans la r\u00e9gion. <\/p>\n","protected":false},"excerpt":{"rendered":"Apr\u00e8s de nouvelles sanctions prises par l\u2019Union europ\u00e9enne [UE] \u00e0 l\u2019\u00e9gard de la \u00ab\u00a0flotte fant\u00f4me\u00a0\u00bb de p\u00e9troliers qu\u2019elle&hellip;\n","protected":false},"author":2,"featured_media":122505,"comment_status":"","ping_status":"","sticky":false,"template":"","format":"standard","meta":{"footnotes":""},"categories":[1591],"tags":[11,24467,1887,24468,24469,12,136,2437,1885,1886,132,24470,24471],"class_list":{"0":"post-122504","1":"post","2":"type-post","3":"status-publish","4":"format-standard","5":"has-post-thumbnail","7":"category-russie","8":"tag-actualites","9":"tag-baltique","10":"tag-federation-de-russie","11":"tag-flotte-fantome","12":"tag-interception","13":"tag-news","14":"tag-otan","15":"tag-pologne","16":"tag-russia","17":"tag-russian-federation","18":"tag-russie","19":"tag-su-24","20":"tag-wladyslaw-kosiniak-kamysz"},"share_on_mastodon":{"url":"https:\/\/pubeurope.com\/@fr\/114558326766975644","error":""},"_links":{"self":[{"href":"https:\/\/www.europesays.com\/fr\/wp-json\/wp\/v2\/posts\/122504","targetHints":{"allow":["GET"]}}],"collection":[{"href":"https:\/\/www.europesays.com\/fr\/wp-json\/wp\/v2\/posts"}],"about":[{"href":"https:\/\/www.europesays.com\/fr\/wp-json\/wp\/v2\/types\/post"}],"author":[{"embeddable":true,"href":"https:\/\/www.europesays.com\/fr\/wp-json\/wp\/v2\/users\/2"}],"replies":[{"embeddable":true,"href":"https:\/\/www.europesays.com\/fr\/wp-json\/wp\/v2\/comments?post=122504"}],"version-history":[{"count":0,"href":"https:\/\/www.europesays.com\/fr\/wp-json\/wp\/v2\/posts\/122504\/revisions"}],"wp:featuredmedia":[{"embeddable":true,"href":"https:\/\/www.europesays.com\/fr\/wp-json\/wp\/v2\/media\/122505"}],"wp:attachment":[{"href":"https:\/\/www.europesays.com\/fr\/wp-json\/wp\/v2\/media?parent=122504"}],"wp:term":[{"taxonomy":"category","embeddable":true,"href":"https:\/\/www.europesays.com\/fr\/wp-json\/wp\/v2\/categories?post=122504"},{"taxonomy":"post_tag","embeddable":true,"href":"https:\/\/www.europesays.com\/fr\/wp-json\/wp\/v2\/tags?post=122504"}],"curies":[{"name":"wp","href":"https:\/\/api.w.org\/{rel}","templated":true}]}}