{"id":122506,"date":"2025-05-23T17:28:10","date_gmt":"2025-05-23T17:28:10","guid":{"rendered":"https:\/\/www.europesays.com\/fr\/122506\/"},"modified":"2025-05-23T17:28:10","modified_gmt":"2025-05-23T17:28:10","slug":"andrei-mordvitchev-le-general-russe-qui-monte-et-prepare-la-guerre-apres-lukraine","status":"publish","type":"post","link":"https:\/\/www.europesays.com\/fr\/122506\/","title":{"rendered":"Andre\u00ef Mordvitchev, le g\u00e9n\u00e9ral russe qui monte, et pr\u00e9pare la guerre apr\u00e8s l\u2019Ukraine"},"content":{"rendered":"<p><strong>PORTRAIT<\/strong> &#8211; Ha\u00ef par les Ukrainiens, qui l\u2019avait annonc\u00e9 mort en mars 2022, v\u00e9n\u00e9r\u00e9 par les Russes qui voient en lui le tombeur de Marioupol et d\u2019Avdiivka, le nouveau commandant en chef des forces terrestres marque un renouvellement de g\u00e9n\u00e9ration, celle qui a connu le feu en Ukraine.<\/p>\n<p class=\"fig-paragraph\">\u00abVous devriez vous int\u00e9resser \u00e0 Andre\u00ef Mordvitchev, c\u2019est la star des g\u00e9n\u00e9raux russes\u00bb, confiait le 4 ao\u00fbt 2024 un officier sup\u00e9rieur fran\u00e7ais au Figaro. Pr\u00e8s de 10 mois plus tard, le colonel-g\u00e9n\u00e9ral &#8211; l\u2019\u00e9quivalent d\u2019un g\u00e9n\u00e9ral de corps d\u2019arm\u00e9e en France -, \u00e2g\u00e9 de seulement 49 ans, a \u00e9t\u00e9 nomm\u00e9 commandant en chef des forces terrestres, la plus grande composante de l\u2019arm\u00e9e russe, toujours command\u00e9e par le chef de l\u2019\u00e9tat-major g\u00e9n\u00e9ral,\u00a0<a href=\"https:\/\/www.lefigaro.fr\/international\/guerre-en-ukraine-valeri-guerassimov-l-atout-maitre-de-vladimir-poutine-20230203\" target=\"_blank\" data-fig-type=\"Article\" rel=\"noopener nofollow\" data-gtm-custom-categorie=\"navigation\" data-gtm-custom-action=\"crossclick\" data-gtm-custom-label=\"Contextuel\" data-gtm-event=\"customEventSPE\" data-fig-domain=\"LEFIGARO\">Valeri Guerassimov<\/a>, inamovible depuis 2012. Le 22 mai, le ministre de la D\u00e9fense, Andre\u00ef Belousov, a remis son nouvel \u00e9tendard \u00e0 Andre\u00ef Nikola\u00efevitch Mordvitchev, saluant son \u00abtalent de chef militaire\u00bb. Il \u00abposs\u00e8de la principale comp\u00e9tence d\u2019un commandant\u00a0: gagner\u00bb, a pr\u00e9cis\u00e9 le ministre.<\/p>\n<p class=\"fig-paragraph\">C\u2019est lui qui a fait tomber\u00a0<a href=\"http:\/\/www.lefigaro.fr\/international\/donetsk-marioupol-lougansk-voyage-dans-le-donbass-sous-tutelle-russe-20240518\" target=\"_blank\" data-fig-type=\"Article\" rel=\"noopener nofollow\" data-gtm-custom-categorie=\"navigation\" data-gtm-custom-action=\"crossclick\" data-gtm-custom-label=\"Contextuel\" data-gtm-event=\"customEventSPE\" data-fig-domain=\"LEFIGARO\">Marioupol<\/a>\u00a0dans le sud de l\u2019Ukraine apr\u00e8s avoir encercl\u00e9 la ville portuaire puis men\u00e9 des combats acharn\u00e9s contre les troupes d\u2019Azov dans la zone industrielle de la cit\u00e9 jusqu\u2019en mai 2022. Alors lieutenant-g\u00e9n\u00e9ral, \u00e0 la t\u00eate de la 8\u00e8me arm\u00e9e\u2026<\/p>\n<p class=\"fig-premium-paywall__infos\">\n        Cet article est r\u00e9serv\u00e9 aux abonn\u00e9s.        Il vous reste 88% \u00e0 d\u00e9couvrir.\n    <\/p>\n<p>                <img  data- alt=\"Le Figaro\" class=\"fig-img--complete fig-img\"\/><\/p>\n<p class=\"fig-premium-paywall__title\">Vente Flash<\/p>\n<p class=\"fig-premium-paywall__subtitle\">4,99\u20ac par mois pendant 12 mois. Sans engagement.<\/p>\n<p class=\"fig-premium-paywall__connect\">\n                D\u00e9j\u00e0 abonn\u00e9\u00a0?                <a class=\"fig-premium-paywall__connect-link\" href=\"https:\/\/connect.lefigaro.fr\/login?client=horizon_web&amp;type=main&amp;redirect_uri=https%3A%2F%2Fwww.lefigaro.fr%2Finternational%2Fandrei-mordvitchev-le-general-russe-qui-monte-et-prepare-la-guerre-apres-l-ukraine-20250523\" data-js-gtm=\"{&quot;customCategorie&quot;: &quot;conversion&quot;, &quot;customAction&quot;: &quot;before_Landing_Connexion_paywall_auto&quot;, &quot;customLabel&quot;: &quot;bGVmaWdhcm8uZnJfXzFmMDM3YjVjLWQ0ODMtNmQ5Ni1hMDA4LTQ3MDllODkxMzRiYl9fQXJ0aWNsZQ==_Andre\u00ef Mordvitchev, le g\u00e9n\u00e9ral russe qui monte, et pr\u00e9pare la guerre apr\u00e8s l\u2019Ukraine_269&quot;, &quot;customIDSPE&quot;: &quot;bGVmaWdhcm8uZnJfXzFmMDM3YjVjLWQ0ODMtNmQ5Ni1hMDA4LTQ3MDllODkxMzRiYl9fQXJ0aWNsZQ==&quot;, &quot;event&quot;: &quot;customEventSPE&quot;}\" rel=\"nofollow noopener\" target=\"_blank\"><br \/>\n                    Connectez-vous<br \/>\n                <\/a>\n            <\/p>\n","protected":false},"excerpt":{"rendered":"PORTRAIT &#8211; Ha\u00ef par les Ukrainiens, qui l\u2019avait annonc\u00e9 mort en mars 2022, v\u00e9n\u00e9r\u00e9 par les Russes qui&hellip;\n","protected":false},"author":2,"featured_media":122507,"comment_status":"","ping_status":"","sticky":false,"template":"","format":"standard","meta":{"footnotes":""},"categories":[1590],"tags":[259,11,260,1777,674,131,14,261,12,262,220],"class_list":{"0":"post-122506","1":"post","2":"type-post","3":"status-publish","4":"format-standard","5":"has-post-thumbnail","7":"category-ukraine","8":"tag-actualite-internationale","9":"tag-actualites","10":"tag-affaires-etrangeres","11":"tag-eu","12":"tag-europe","13":"tag-guerre-en-ukraine","14":"tag-international","15":"tag-ministere-des-affaires-etrangeres","16":"tag-news","17":"tag-politique-etrangere","18":"tag-ukraine"},"share_on_mastodon":{"url":"https:\/\/pubeurope.com\/@fr\/114558330809900930","error":""},"_links":{"self":[{"href":"https:\/\/www.europesays.com\/fr\/wp-json\/wp\/v2\/posts\/122506","targetHints":{"allow":["GET"]}}],"collection":[{"href":"https:\/\/www.europesays.com\/fr\/wp-json\/wp\/v2\/posts"}],"about":[{"href":"https:\/\/www.europesays.com\/fr\/wp-json\/wp\/v2\/types\/post"}],"author":[{"embeddable":true,"href":"https:\/\/www.europesays.com\/fr\/wp-json\/wp\/v2\/users\/2"}],"replies":[{"embeddable":true,"href":"https:\/\/www.europesays.com\/fr\/wp-json\/wp\/v2\/comments?post=122506"}],"version-history":[{"count":0,"href":"https:\/\/www.europesays.com\/fr\/wp-json\/wp\/v2\/posts\/122506\/revisions"}],"wp:featuredmedia":[{"embeddable":true,"href":"https:\/\/www.europesays.com\/fr\/wp-json\/wp\/v2\/media\/122507"}],"wp:attachment":[{"href":"https:\/\/www.europesays.com\/fr\/wp-json\/wp\/v2\/media?parent=122506"}],"wp:term":[{"taxonomy":"category","embeddable":true,"href":"https:\/\/www.europesays.com\/fr\/wp-json\/wp\/v2\/categories?post=122506"},{"taxonomy":"post_tag","embeddable":true,"href":"https:\/\/www.europesays.com\/fr\/wp-json\/wp\/v2\/tags?post=122506"}],"curies":[{"name":"wp","href":"https:\/\/api.w.org\/{rel}","templated":true}]}}