{"id":122521,"date":"2025-05-23T17:36:33","date_gmt":"2025-05-23T17:36:33","guid":{"rendered":"https:\/\/www.europesays.com\/fr\/122521\/"},"modified":"2025-05-23T17:36:33","modified_gmt":"2025-05-23T17:36:33","slug":"a-poitiers-le-championnat-de-france-de-soudure-cherche-a-mettre-le-metier-en-lumiere","status":"publish","type":"post","link":"https:\/\/www.europesays.com\/fr\/122521\/","title":{"rendered":"\u00c0 Poitiers, le championnat de France de soudure cherche \u00e0 mettre le m\u00e9tier en lumi\u00e8re"},"content":{"rendered":"<p>Partenariat<\/p>\n<p>P\u00e9n\u00e9trer dans le parc des expositions de Poitiers pendant <a target=\"_self\" href=\"https:\/\/www.lanouvellerepublique.fr\/poitiers\/poitiers-accueille-l-elite-des-soudeurs-dans-le-cadre-du-championnat-de-france-1747753667\" rel=\"nofollow noopener\">le championnat de France de soudure<\/a>, c\u2019est un peu comme int\u00e9grer un immense brouillard. \u00c7a fume, \u00e7a chauffe, \u00e7a fait du bruit et des \u00e9tincelles. Lors de cet \u00e9v\u00e9nement, qui se tient les vendredi\u00a023 et samedi 24\u00a0mai 2025, les soudeurs sont \u00e0 l\u2019honneur.<\/p>\n<p>Au milieu du hangar, une comp\u00e9tition se d\u00e9roule. \u00ab\u00a0C\u2019est la deuxi\u00e8me \u00e9preuve de la journ\u00e9e, explique Mehdy Addad, pr\u00e9sident de l\u2019AFPS (Association fran\u00e7aise de la promotion du soudage), organisatrice de l\u2019\u00e9v\u00e9nement. Ils en ont d\u00e9j\u00e0 eu une ce matin.\u00a0\u00bb Quarante participants sont en lice dans quatre cat\u00e9gories diff\u00e9rentes. Ils ont entre 19 et 65\u00a0ans.<\/p>\n<p><img alt=\"Mehdy Addad, pr\u00e9sident de l\u2019Association fran\u00e7aise de promotion du soudage, organisateur du championnat de France de soudure \u00e0 Poitiers.\" loading=\"lazy\" width=\"980\" height=\"573\" decoding=\"async\" data-nimg=\"1\" class=\"img-responsive spinner-show\" style=\"color:transparent;background-size:cover;background-position:50% 50%;background-repeat:no-repeat;background-image:url(&quot;data:image\/svg+xml;charset=utf-8,%3Csvg xmlns=\" http:=\"\" viewbox=\"0 0 980 573\" id=\"b\" color-interpolation-filters=\"sRGB\" stddeviation=\"20\" values=\"1 0 0 0 0 0 1 0 0 0 0 0 1 0 0 0 0 0 100 -1\" result=\"s\" x=\"0\" y=\"0\" operator=\"out\" in=\"s\" in2=\"SourceGraphic\" preserveaspectratio=\"none\" href=\"https:\/\/images.lanouvellerepublique.fr\/image\/upload\/t_88w\/f_auto\/6830a9489d993697278b4578.jpg\"   src=\"https:\/\/www.europesays.com\/fr\/wp-content\/uploads\/2025\/05\/6830a9489d993697278b4578.jpg\"\/><\/p>\n<p style=\"background-color:#F2F2F2;padding:5px;margin-top:0px;margin-bottom:10px\">Mehdy Addad, pr\u00e9sident de l\u2019Association fran\u00e7aise de promotion du soudage, organisateur du championnat de France de soudure \u00e0 Poitiers.<br \/> \u00a9 Photo NR-CP, Mathieu Herduin<\/p>\n<p>Difficult\u00e9 de recrutement<\/p>\n<p>Organis\u00e9 \u00e0 Poitiers pour la premi\u00e8re fois, ce championnat de France n\u2019a pas qu\u2019un objectif de comp\u00e9tition. Son r\u00f4le est aussi de mettre un focus sur ce m\u00e9tier en grande difficult\u00e9 de recrutement. \u00ab\u00a0Tout le monde a besoin de soudeurs en ce moment, explique Mehdy Addad. Ce qu\u2019il faut comprendre, c\u2019est qu\u2019on intervient dans plein de domaines, que ce soit le ferroviaire, l\u2019a\u00e9ronautique ou le nucl\u00e9aire. Dans ce dernier domaine, on ne pourra pas assumer s\u2019il n\u2019y a pas de recrutement important.\u00a0\u00bb<\/p>\n<p>\u00ab\u00a0C\u2019est vrai qu\u2019il faut r\u00e9ussir \u00e0 redorer l\u2019image de la soudure, confirme Mathieu Beaujon, responsable du p\u00f4le soudage \u00e0 EDF. Avec la volont\u00e9 gouvernementale d\u2019intensifier la strat\u00e9gie nucl\u00e9aire, il faut recruter plus de soudeurs assez qualifi\u00e9s. Concr\u00e8tement, sur le plan national, on en a besoin de mille huit cents suppl\u00e9mentaires d\u2019ici 2033.\u00a0\u00bb \ufeff\u00ab\u00a0C\u2019est un travail manuel, mais ce n\u2019est pas une activit\u00e9 uniquement destin\u00e9e aux \u00e9l\u00e8ves en \u00e9chec scolaire\u00a0\u00bb, ajoute le pr\u00e9sident de l\u2019AFPS.<\/p>\n<p>Des coll\u00e9giens et lyc\u00e9ens d\u00e9couvrent le m\u00e9tier<\/p>\n<p>Pour contrecarrer cette image, des classes de coll\u00e8ges et lyc\u00e9es ont \u00e9t\u00e9 invit\u00e9es. L\u2019objectif\u00a0: d\u00e9couvrir ce m\u00e9tier et se rendre compte de tous ses avantages. \u00ab\u00a0Apr\u00e8s, on ne ment pas, continue\u00a0Mehdy Addad. On explique aussi toutes les difficult\u00e9s, les conditions difficiles, la chaleur,\u00a0etc.\u00a0\u00bb<\/p>\n<p>Pour ceux qui voudraient se mettre dans la peau d\u2019un soudeur, des stands sont disponibles pour essayer. L\u2019\u00e9quipement est fourni pour tester pendant quelques minutes les conditions de travail d\u2019un soudeur. Tout \u00e7a sous les yeux d\u2019un formateur.<\/p>\n<p>Samedi 24\u00a0mai 2025, une troisi\u00e8me \u00e9preuve est organis\u00e9e avant la proclamation finale pour savoir quels sont ceux qui deviendront champions de France de soudure 2025.<\/p>\n","protected":false},"excerpt":{"rendered":"Partenariat P\u00e9n\u00e9trer dans le parc des expositions de Poitiers pendant le championnat de France de soudure, c\u2019est un&hellip;\n","protected":false},"author":2,"featured_media":122522,"comment_status":"","ping_status":"","sticky":false,"template":"","format":"standard","meta":{"footnotes":""},"categories":[4],"tags":[1392,11,33,1011,27,12,1653,25,1584],"class_list":{"0":"post-122521","1":"post","2":"type-post","3":"status-publish","4":"format-standard","5":"has-post-thumbnail","7":"category-france","8":"tag-a-la-une-local","9":"tag-actualites","10":"tag-economie","11":"tag-fr","12":"tag-france","13":"tag-news","14":"tag-poitiers","15":"tag-republique-francaise","16":"tag-vienne"},"share_on_mastodon":{"url":"https:\/\/pubeurope.com\/@fr\/114558362160502346","error":""},"_links":{"self":[{"href":"https:\/\/www.europesays.com\/fr\/wp-json\/wp\/v2\/posts\/122521","targetHints":{"allow":["GET"]}}],"collection":[{"href":"https:\/\/www.europesays.com\/fr\/wp-json\/wp\/v2\/posts"}],"about":[{"href":"https:\/\/www.europesays.com\/fr\/wp-json\/wp\/v2\/types\/post"}],"author":[{"embeddable":true,"href":"https:\/\/www.europesays.com\/fr\/wp-json\/wp\/v2\/users\/2"}],"replies":[{"embeddable":true,"href":"https:\/\/www.europesays.com\/fr\/wp-json\/wp\/v2\/comments?post=122521"}],"version-history":[{"count":0,"href":"https:\/\/www.europesays.com\/fr\/wp-json\/wp\/v2\/posts\/122521\/revisions"}],"wp:featuredmedia":[{"embeddable":true,"href":"https:\/\/www.europesays.com\/fr\/wp-json\/wp\/v2\/media\/122522"}],"wp:attachment":[{"href":"https:\/\/www.europesays.com\/fr\/wp-json\/wp\/v2\/media?parent=122521"}],"wp:term":[{"taxonomy":"category","embeddable":true,"href":"https:\/\/www.europesays.com\/fr\/wp-json\/wp\/v2\/categories?post=122521"},{"taxonomy":"post_tag","embeddable":true,"href":"https:\/\/www.europesays.com\/fr\/wp-json\/wp\/v2\/tags?post=122521"}],"curies":[{"name":"wp","href":"https:\/\/api.w.org\/{rel}","templated":true}]}}