{"id":122527,"date":"2025-05-23T17:39:12","date_gmt":"2025-05-23T17:39:12","guid":{"rendered":"https:\/\/www.europesays.com\/fr\/122527\/"},"modified":"2025-05-23T17:39:12","modified_gmt":"2025-05-23T17:39:12","slug":"penaud-de-retour-et-titulaire-pour-la-finale-de-lubb","status":"publish","type":"post","link":"https:\/\/www.europesays.com\/fr\/122527\/","title":{"rendered":"Penaud de retour et titulaire pour la finale de l\u2019UBB"},"content":{"rendered":"<p>Touch\u00e9 \u00e0 une cheville il y a trois semaines, le prolifique ailier est r\u00e9tabli \u00e0 temps pour d\u00e9fier Northampton, ce samedi \u00e0 Cardiff.<\/p>\n<p class=\"fig-paragraph\">L\u2019UBB va pouvoir compter sur son ailier, meilleur marqueur d\u2019essais de cette \u00e9dition (12 essais, pour un record d\u00e9j\u00e0 battu), face aux Saints de Northampton, ce samedi \u00e0 Cardiff.\u00a0<a href=\"http:\/\/www.lefigaro.fr\/sports\/rugby\/coupe-d-europe\/ubb-toulouse-damian-penaud-touche-a-la-cheville-gauche-20250504\" data-fig-type=\"NewsFlash\" data-gtm-custom-categorie=\"navigation\" data-gtm-custom-action=\"crossclick\" data-gtm-custom-label=\"Contextuel\" data-gtm-event=\"customEventSPE\" data-fig-domain=\"LEFIGARO\" target=\"_blank\" rel=\"noopener\">Bless\u00e9 \u00e0 la cheville lors de la demi-finale contre le Stade Toulousain<\/a>, il y a trois semaines, Damian Penaud est r\u00e9tabli \u00e0 temps. La \u00abpatrouille de France\u00bb, de Jalibert \u00e0 Buros, en passant par Moefana et Bielle-Biarrey, est donc reconstitu\u00e9e pour cette finale.<\/p>\n<p class=\"fig-paragraph\">Devant, Yannick Bru a tranch\u00e9 pour les titulaires en troisi\u00e8me ligne. Pete Samu, n\u00b08, sera encadr\u00e9 par Guido Petti et Mahamadou Diaby. Vergnes-Taillfer et Gazzotti prennent donc place sur un banc \u00e0 six avants et deux trois-quarts, le centre sud-africain Rohan Janse van Rensburg et le polyvalent Arthur Reti\u00e8re.<\/p>\n<p class=\"fig-paragraph\">Du c\u00f4t\u00e9 des Saints, la nouvelle coqueluche du rugby anglais, Henry Pollock d\u00e9butera au centre de la troisi\u00e8me-ligne pour pallier le forfait du Sud-Africain Juarno Augustus. L\u2019arri\u00e8re international George Furbank, victime d\u2019une fracture d avant-bras mi-avril est enfin de retour, faisant glisser James Ramm \u00e0 l\u2019aile.<\/p>\n","protected":false},"excerpt":{"rendered":"Touch\u00e9 \u00e0 une cheville il y a trois semaines, le prolifique ailier est r\u00e9tabli \u00e0 temps pour d\u00e9fier&hellip;\n","protected":false},"author":2,"featured_media":122528,"comment_status":"","ping_status":"","sticky":false,"template":"","format":"standard","meta":{"footnotes":""},"categories":[1416],"tags":[3463,525,2211,3460,1089,4363,814,2396,1011,27,3462,12099,955,2411,3464,2311,1980,479,1468,2259,60,2310,2312,4364],"class_list":{"0":"post-122527","1":"post","2":"type-post","3":"status-publish","4":"format-standard","5":"has-post-thumbnail","7":"category-rugby","8":"tag-biarritz","9":"tag-calendrier","10":"tag-championnat-deurope","11":"tag-champions-cup","12":"tag-coupe-deurope","13":"tag-damian-penaud","14":"tag-direct","15":"tag-finale","16":"tag-fr","17":"tag-france","18":"tag-leinster","19":"tag-louis-bielle-biarrey","20":"tag-match","21":"tag-munster","22":"tag-perpignan","23":"tag-racing","24":"tag-resultats","25":"tag-rugby","26":"tag-rugby-football","27":"tag-score","28":"tag-sports","29":"tag-toulon","30":"tag-toulouse","31":"tag-ubb"},"share_on_mastodon":{"url":"https:\/\/pubeurope.com\/@fr\/114558373964629523","error":""},"_links":{"self":[{"href":"https:\/\/www.europesays.com\/fr\/wp-json\/wp\/v2\/posts\/122527","targetHints":{"allow":["GET"]}}],"collection":[{"href":"https:\/\/www.europesays.com\/fr\/wp-json\/wp\/v2\/posts"}],"about":[{"href":"https:\/\/www.europesays.com\/fr\/wp-json\/wp\/v2\/types\/post"}],"author":[{"embeddable":true,"href":"https:\/\/www.europesays.com\/fr\/wp-json\/wp\/v2\/users\/2"}],"replies":[{"embeddable":true,"href":"https:\/\/www.europesays.com\/fr\/wp-json\/wp\/v2\/comments?post=122527"}],"version-history":[{"count":0,"href":"https:\/\/www.europesays.com\/fr\/wp-json\/wp\/v2\/posts\/122527\/revisions"}],"wp:featuredmedia":[{"embeddable":true,"href":"https:\/\/www.europesays.com\/fr\/wp-json\/wp\/v2\/media\/122528"}],"wp:attachment":[{"href":"https:\/\/www.europesays.com\/fr\/wp-json\/wp\/v2\/media?parent=122527"}],"wp:term":[{"taxonomy":"category","embeddable":true,"href":"https:\/\/www.europesays.com\/fr\/wp-json\/wp\/v2\/categories?post=122527"},{"taxonomy":"post_tag","embeddable":true,"href":"https:\/\/www.europesays.com\/fr\/wp-json\/wp\/v2\/tags?post=122527"}],"curies":[{"name":"wp","href":"https:\/\/api.w.org\/{rel}","templated":true}]}}