{"id":122529,"date":"2025-05-23T17:40:13","date_gmt":"2025-05-23T17:40:13","guid":{"rendered":"https:\/\/www.europesays.com\/fr\/122529\/"},"modified":"2025-05-23T17:40:13","modified_gmt":"2025-05-23T17:40:13","slug":"cette-annee-je-ne-vais-pas-essayer-de-gagner-seulement-un-match-assure-arthur-fils","status":"publish","type":"post","link":"https:\/\/www.europesays.com\/fr\/122529\/","title":{"rendered":"\u00abCette ann\u00e9e, je ne vais pas essayer de gagner seulement un match\u00bb, assure Arthur Fils"},"content":{"rendered":"<p>Le num\u00e9ro un fran\u00e7ais n\u2019a pas cach\u00e9 ses ambitions face \u00e0 la presse. Un souhait\u00a0? Ne pas jouer au m\u00eame moment que le Paris SG samedi soir prochain.<\/p>\n<p class=\"fig-paragraph\">\u00c9limin\u00e9 d\u2019entr\u00e9e les deux ann\u00e9es pr\u00e9c\u00e9dentes, le 14e\u00a0<a href=\"https:\/\/www.lefigaro.fr\/sports\/tennis\/atp\/classement\" target=\"_blank\" rel=\"noopener\" data-gtm-custom-categorie=\"navigation\" data-gtm-custom-action=\"crossclick\" data-gtm-custom-label=\"Contextuel\" data-gtm-event=\"customEventSPE\">au classement ATP<\/a>\u00a0aborde le Grand Chelem parisien avec pas mal de confiance. Lui qui a encha\u00een\u00e9 cette ann\u00e9e trois quarts de finale en Masters 1000 (Indian Wells, Miami, Monte-Carlo) et\u00a0<a href=\"http:\/\/www.lefigaro.fr\/sports\/tennis\/tennis-arthur-fils-s-incline-une-nouvelle-fois-contre-carlos-alcaraz-a-barcelone-20250419\" data-fig-type=\"NewsFlash\" data-gtm-custom-categorie=\"navigation\" data-gtm-custom-action=\"crossclick\" data-gtm-custom-label=\"Contextuel\" data-gtm-event=\"customEventSPE\" data-fig-domain=\"LEFIGARO\" target=\"_blank\" rel=\"noopener\">une demi-finale \u00e0 Barcelone<\/a>\u00a0(ATP 500). \u00abMon niveau de jeu est meilleur que l\u2019ann\u00e9e derni\u00e8re. J\u2019ai plus d\u2019exp\u00e9rience. Je me sens bien. Mon jeu devient de plus en plus solide\u00bb.<\/p>\n<p class=\"fig-paragraph\">Il assure que ces deux d\u00e9faites en 2023 et 2024 vont \u00eatre un mal pour un bien. \u00abCe sont des d\u00e9faites qui m\u2019ont fait mal, qui m\u2019ont servi. Cette ann\u00e9e, je ne vais pas essayer de gagner seulement un match, je vais essayer d\u2019en gagner plusieurs mais ce ne sera pas facile, j\u2019ai un adversaire difficile au premier tour. Plus les matchs sont compliqu\u00e9s au premier tour, plus je me sens bien lorsque je les passe\u00bb.\u00a0<a href=\"http:\/\/www.lefigaro.fr\/sports\/tennis\/roland-garros\/roland-garros-le-tirage-au-sort-est-fait-sabalenka-et-paolini-dans-la-partie-de-tableau-de-swiatek-20250522\" data-fig-type=\"NewsFlash\" data-gtm-custom-categorie=\"navigation\" data-gtm-custom-action=\"crossclick\" data-gtm-custom-label=\"Contextuel\" data-gtm-event=\"customEventSPE\" data-fig-domain=\"LEFIGARO\" target=\"_blank\" rel=\"noopener\">Le Chilien Nicol\u00e1s Jarry<\/a>, retomb\u00e9 \u00e0 la 150e place mondiale, ne respire pas la confiance mais il reste un bon joueur de terre battue.<\/p>\n<blockquote class=\"fig-quote&#10;    \">\n<p class=\"fig-quote__text\">Si je dois jouer le soir de la finale de Ligue des champions. Il faudra que je discute avec Am\u00e9lie Mauresmo.<\/p>\n<p>            Arthur Fils\n    <\/p><\/blockquote>\n<p class=\"fig-paragraph\">S\u2019il d\u00e9bloque enfin le compteur de victoires et confirme, Fils devrait, selon la logique des classements,\u00a0<a href=\"http:\/\/www.lefigaro.fr\/sports\/tennis\/roland-garros\/roland-garros-ce-n-est-pas-cadeau-mais-je-trouve-ca-canon-glisse-amelie-mauresmo-a-propos-d-un-8-e-de-finale-fils-sinner-20250522\" data-fig-type=\"NewsFlash\" data-gtm-custom-categorie=\"navigation\" data-gtm-custom-action=\"crossclick\" data-gtm-custom-label=\"Contextuel\" data-gtm-event=\"customEventSPE\" data-fig-domain=\"LEFIGARO\" target=\"_blank\" rel=\"noopener\">affronter Jannik Sinner en 8e de finale<\/a>. Un match qui pourrait tomber en m\u00eame temps que&#8230; la finale de Ligue des champions entre le Paris Saint-Germain et l\u2019Inter Milan, samedi 31 mai, \u00e0 Munich. \u00abJ\u2019ai pr\u00e9vu d\u2019aller au match\u00bb, a-t-il plaisant\u00e9. \u00abNon, je la regarderai dans ma chambre, je serai \u00e0 fond . Je ne veux pas perdre non plus trop d\u2019\u00e9nergie avec (la finale de C1). Et si je dois jouer ce soir-l\u00e0. Il faudra que je discute avec Am\u00e9lie (Mauresmo,\u00a0<a href=\"http:\/\/www.lefigaro.fr\/sports\/tennis\/roland-garros-quelque-chose-de-simple-a-son-image-souffle-mauresmo-a-propos-de-l-hommage-a-nadal-20250522\" data-fig-type=\"NewsFlash\" data-gtm-custom-categorie=\"navigation\" data-gtm-custom-action=\"crossclick\" data-gtm-custom-label=\"Contextuel\" data-gtm-event=\"customEventSPE\" data-fig-domain=\"LEFIGARO\" target=\"_blank\" rel=\"noopener\">la directrice du tournoi<\/a>)\u00bb, a-t-il souri. Coup d\u2019envoi de la finale du PSG \u00e0 Munich \u00e0 21 heures.<\/p>\n<p class=\"fig-paragraph\">En attendant, Fils r\u00eave d\u2019enflammer Roland-Garros. En showman. Mais pas trop. \u00abEst-ce que quand je rentre sur le terrain, j\u2019ai envie de foutre le feu\u00a0? Pas forc\u00e9ment, mais avec ma mani\u00e8re de jouer de fa\u00e7on spectaculaire. Je trouve que c\u2019est assez sympa pour le public quand il vient voir des matchs, parfois les matchs en 5 sets \u00e7a peut \u00eatre tr\u00e8s long, si ce n\u2019est pas trop ennuyant pour eux. Je n\u2019essaie pas forc\u00e9ment de leur faire plaisir mais avec ma mani\u00e8re de jouer, je pense un peu comme Ben (Shelton) avec sa mani\u00e8re de jouer, c\u2019est spectaculaire ou comme Ga\u00ebl (Monfils)&#8230; On peut nous mettre dans une cat\u00e9gorie de showman, mais on ne cherche pas \u00e0 faire le show du tout.\u00bb<\/p>\n","protected":false},"excerpt":{"rendered":"Le num\u00e9ro un fran\u00e7ais n\u2019a pas cach\u00e9 ses ambitions face \u00e0 la presse. Un souhait\u00a0? Ne pas jouer&hellip;\n","protected":false},"author":2,"featured_media":122530,"comment_status":"","ping_status":"","sticky":false,"template":"","format":"standard","meta":{"footnotes":""},"categories":[1415],"tags":[3768,4169,105,2199,1011,27,24473,1960,24472,4171,60,1467,4170],"class_list":{"0":"post-122529","1":"post","2":"type-post","3":"status-publish","4":"format-standard","5":"has-post-thumbnail","7":"category-tennis","8":"tag-arthur-fils","9":"tag-atp","10":"tag-djokovic","11":"tag-federer","12":"tag-fr","13":"tag-france","14":"tag-internationaux-de-france","15":"tag-nadal","16":"tag-rg","17":"tag-roland-garros","18":"tag-sports","19":"tag-tennis","20":"tag-wta"},"share_on_mastodon":{"url":"https:\/\/pubeurope.com\/@fr\/114558377859361705","error":""},"_links":{"self":[{"href":"https:\/\/www.europesays.com\/fr\/wp-json\/wp\/v2\/posts\/122529","targetHints":{"allow":["GET"]}}],"collection":[{"href":"https:\/\/www.europesays.com\/fr\/wp-json\/wp\/v2\/posts"}],"about":[{"href":"https:\/\/www.europesays.com\/fr\/wp-json\/wp\/v2\/types\/post"}],"author":[{"embeddable":true,"href":"https:\/\/www.europesays.com\/fr\/wp-json\/wp\/v2\/users\/2"}],"replies":[{"embeddable":true,"href":"https:\/\/www.europesays.com\/fr\/wp-json\/wp\/v2\/comments?post=122529"}],"version-history":[{"count":0,"href":"https:\/\/www.europesays.com\/fr\/wp-json\/wp\/v2\/posts\/122529\/revisions"}],"wp:featuredmedia":[{"embeddable":true,"href":"https:\/\/www.europesays.com\/fr\/wp-json\/wp\/v2\/media\/122530"}],"wp:attachment":[{"href":"https:\/\/www.europesays.com\/fr\/wp-json\/wp\/v2\/media?parent=122529"}],"wp:term":[{"taxonomy":"category","embeddable":true,"href":"https:\/\/www.europesays.com\/fr\/wp-json\/wp\/v2\/categories?post=122529"},{"taxonomy":"post_tag","embeddable":true,"href":"https:\/\/www.europesays.com\/fr\/wp-json\/wp\/v2\/tags?post=122529"}],"curies":[{"name":"wp","href":"https:\/\/api.w.org\/{rel}","templated":true}]}}