{"id":122541,"date":"2025-05-23T17:47:08","date_gmt":"2025-05-23T17:47:08","guid":{"rendered":"https:\/\/www.europesays.com\/fr\/122541\/"},"modified":"2025-05-23T17:47:08","modified_gmt":"2025-05-23T17:47:08","slug":"etre-expose-a-cote-de-sebastiao-salgado-cest-un-honneur-nikos-aliagas-dans-son-jardin-a-vincennes","status":"publish","type":"post","link":"https:\/\/www.europesays.com\/fr\/122541\/","title":{"rendered":"\u00ab\u00a0\u00catre expos\u00e9 \u00e0 c\u00f4t\u00e9 de Sebasti\u00e3o Salgado, c\u2019est un honneur\u00a0\u00bb\u00a0: Nikos Aliagas dans son jardin \u00e0 Vincennes"},"content":{"rendered":"<p class=\"paragraph text_align_left\">Ses yeux ne l\u00e2chent plus la photographie. L\u2019espace de quelques minutes, Hadia, une jeune Vincennoise d\u2019origine libanaise, a quitt\u00e9 le parvis de la gare RER de <a href=\"https:\/\/www.leparisien.fr\/val-de-marne-94\/vincennes-94300\/\" target=\"_self\" rel=\"noopener\">Vincennes<\/a>. Les images de la photographe de guerre V\u00e9ronique de Viguerie l\u2019ont ramen\u00e9e \u00e0 son enfance, \u00e0 l\u2019histoire douloureuse de son pays. \u00ab C\u2019est tr\u00e8s fort surtout ici, dans cette ville tr\u00e8s pr\u00e9serv\u00e9e \u00bb, n\u2019en revient pas la jeune femme.<\/p>\n<p class=\"paragraph text_align_left\">Jusqu\u2019au 16 juin, les rues de la ville royale prennent un autre visage avec l\u2019exposition en pleine rue, dans les parcs\u2026 de 360 photographies pour la 5e \u00e9dition du Vif, Nouveaux regards photographiques, au fil des plus de 50 expositions.<\/p>\n","protected":false},"excerpt":{"rendered":"Ses yeux ne l\u00e2chent plus la photographie. L\u2019espace de quelques minutes, Hadia, une jeune Vincennoise d\u2019origine libanaise, a&hellip;\n","protected":false},"author":2,"featured_media":122542,"comment_status":"","ping_status":"","sticky":false,"template":"","format":"standard","meta":{"footnotes":""},"categories":[1358],"tags":[1348,1384,1385,1386,58,59,1011,27,1944,1125],"class_list":{"0":"post-122541","1":"post","2":"type-post","3":"status-publish","4":"format-standard","5":"has-post-thumbnail","7":"category-arts-et-design","8":"tag-arts","9":"tag-arts-and-design","10":"tag-arts-et-design","11":"tag-design","12":"tag-divertissement","13":"tag-entertainment","14":"tag-fr","15":"tag-france","16":"tag-ma-ville","17":"tag-val-de-marne"},"share_on_mastodon":{"url":"https:\/\/pubeurope.com\/@fr\/114558405456057874","error":""},"_links":{"self":[{"href":"https:\/\/www.europesays.com\/fr\/wp-json\/wp\/v2\/posts\/122541","targetHints":{"allow":["GET"]}}],"collection":[{"href":"https:\/\/www.europesays.com\/fr\/wp-json\/wp\/v2\/posts"}],"about":[{"href":"https:\/\/www.europesays.com\/fr\/wp-json\/wp\/v2\/types\/post"}],"author":[{"embeddable":true,"href":"https:\/\/www.europesays.com\/fr\/wp-json\/wp\/v2\/users\/2"}],"replies":[{"embeddable":true,"href":"https:\/\/www.europesays.com\/fr\/wp-json\/wp\/v2\/comments?post=122541"}],"version-history":[{"count":0,"href":"https:\/\/www.europesays.com\/fr\/wp-json\/wp\/v2\/posts\/122541\/revisions"}],"wp:featuredmedia":[{"embeddable":true,"href":"https:\/\/www.europesays.com\/fr\/wp-json\/wp\/v2\/media\/122542"}],"wp:attachment":[{"href":"https:\/\/www.europesays.com\/fr\/wp-json\/wp\/v2\/media?parent=122541"}],"wp:term":[{"taxonomy":"category","embeddable":true,"href":"https:\/\/www.europesays.com\/fr\/wp-json\/wp\/v2\/categories?post=122541"},{"taxonomy":"post_tag","embeddable":true,"href":"https:\/\/www.europesays.com\/fr\/wp-json\/wp\/v2\/tags?post=122541"}],"curies":[{"name":"wp","href":"https:\/\/api.w.org\/{rel}","templated":true}]}}