{"id":122545,"date":"2025-05-23T17:49:21","date_gmt":"2025-05-23T17:49:21","guid":{"rendered":"https:\/\/www.europesays.com\/fr\/122545\/"},"modified":"2025-05-23T17:49:21","modified_gmt":"2025-05-23T17:49:21","slug":"dna-spoiler-philippine-sait-qui-a-enleve-ses-enfants","status":"publish","type":"post","link":"https:\/\/www.europesays.com\/fr\/122545\/","title":{"rendered":"DNA &#8211; [SPOILER] &#8211; Philippine sait qui a enlev\u00e9 ses enfants !"},"content":{"rendered":"<p id=\"descriptionPanel\" aria-labelledby=\"descriptionArrow\" aria-expanded=\"false\" class=\"mr-2 line-clamp-2 pr-2.5 text-secondary overflow-visible\">A l&rsquo;h\u00f4pital Saint-Clair, Philippine Julliard a enfin repris connaissance. La maman de Damien, Charles et Violette veut absolument parler \u00e0 la police. En effet, elle est persuad\u00e9e que son ex-mari, Henri Julliard, est responsable des enl\u00e8vements de ses enfants. Cette r\u00e9v\u00e9lation concorde avec les doutes de la police : Henri vient de s&rsquo;\u00e9chapper de prison, et il a de tr\u00e8s bonnes raisons d&rsquo;en vouloir \u00e0 Philippine&#8230; La m\u00e8re Julliard avoue alors son altercation r\u00e9cente avec Henri, qui compte s&rsquo;enfuir du pays. Plus que jamais, la priorit\u00e9 est de retrouver Charles, Damien et Violette&#8230; Spoiler de l&rsquo;\u00e9pisode 1953 de Demain nous appartient. Retrouvez \u00ab\u00a0Demain nous appartient\u00a0\u00bb, du lundi au vendredi \u00e0 19h10 sur TF1.<\/p>\n<p><a class=\"shrink-0\" href=\"https:\/\/www.tf1.fr\/tf1\/demain-nous-appartient\" target=\"_blank\" rel=\"noopener\"><img decoding=\"async\" src=\"https:\/\/www.europesays.com\/fr\/wp-content\/uploads\/2025\/04\/program-card-portrait-1-3fdcb3-52f59d-0@1x.jpg\" width=\"138\" height=\"184\" alt=\"\" loading=\"eager\" fetchpriority=\"auto\" class=\"aspect-[3\/4] h-24 w-auto rounded-3px\" aria-hidden=\"true\"\/><\/a><\/p>\n","protected":false},"excerpt":{"rendered":"A l&rsquo;h\u00f4pital Saint-Clair, Philippine Julliard a enfin repris connaissance. La maman de Damien, Charles et Violette veut absolument&hellip;\n","protected":false},"author":2,"featured_media":122546,"comment_status":"","ping_status":"","sticky":false,"template":"","format":"standard","meta":{"footnotes":""},"categories":[1356],"tags":[3598,4648,58,59,3483,4647,1011,27,4092,252,1364,4091,4093],"class_list":{"0":"post-122545","1":"post","2":"type-post","3":"status-publish","4":"format-standard","5":"has-post-thumbnail","7":"category-television","8":"tag-demain-nous-appartient","9":"tag-demain-nous-appartient-extrait","10":"tag-divertissement","11":"tag-entertainment","12":"tag-extrait","13":"tag-extrait-demain-nous-appartient","14":"tag-fr","15":"tag-france","16":"tag-streaming-demain-nous-appartient","17":"tag-television","18":"tag-tv","19":"tag-video-demain-nous-appartient","20":"tag-video-en-streaming-demain-nous-appartient"},"share_on_mastodon":{"url":"https:\/\/pubeurope.com\/@fr\/114558413312514717","error":""},"_links":{"self":[{"href":"https:\/\/www.europesays.com\/fr\/wp-json\/wp\/v2\/posts\/122545","targetHints":{"allow":["GET"]}}],"collection":[{"href":"https:\/\/www.europesays.com\/fr\/wp-json\/wp\/v2\/posts"}],"about":[{"href":"https:\/\/www.europesays.com\/fr\/wp-json\/wp\/v2\/types\/post"}],"author":[{"embeddable":true,"href":"https:\/\/www.europesays.com\/fr\/wp-json\/wp\/v2\/users\/2"}],"replies":[{"embeddable":true,"href":"https:\/\/www.europesays.com\/fr\/wp-json\/wp\/v2\/comments?post=122545"}],"version-history":[{"count":0,"href":"https:\/\/www.europesays.com\/fr\/wp-json\/wp\/v2\/posts\/122545\/revisions"}],"wp:featuredmedia":[{"embeddable":true,"href":"https:\/\/www.europesays.com\/fr\/wp-json\/wp\/v2\/media\/122546"}],"wp:attachment":[{"href":"https:\/\/www.europesays.com\/fr\/wp-json\/wp\/v2\/media?parent=122545"}],"wp:term":[{"taxonomy":"category","embeddable":true,"href":"https:\/\/www.europesays.com\/fr\/wp-json\/wp\/v2\/categories?post=122545"},{"taxonomy":"post_tag","embeddable":true,"href":"https:\/\/www.europesays.com\/fr\/wp-json\/wp\/v2\/tags?post=122545"}],"curies":[{"name":"wp","href":"https:\/\/api.w.org\/{rel}","templated":true}]}}