{"id":122547,"date":"2025-05-23T17:50:13","date_gmt":"2025-05-23T17:50:13","guid":{"rendered":"https:\/\/www.europesays.com\/fr\/122547\/"},"modified":"2025-05-23T17:50:13","modified_gmt":"2025-05-23T17:50:13","slug":"nouveau-hit-coeur-maladroit-premier-album-tournee-star-academy-les-confidences-de-marine-sur-alouette","status":"publish","type":"post","link":"https:\/\/www.europesays.com\/fr\/122547\/","title":{"rendered":"Nouveau hit \u00ab\u00a0Coeur maladroit\u00a0\u00bb, premier album, tourn\u00e9e Star Academy&#8230; les confidences de Marine sur Alouette !"},"content":{"rendered":"\n<p style=\"text-align: justify;\"><strong>Apr\u00e8s le succ\u00e8s de son premier hit \u00ab\u00a0Ma faute\u00a0\u00bb, Marine, grande gagnante de la derni\u00e8re saison de la Star Academy, a d\u00e9voil\u00e9 son nouveau single intitul\u00e9 \u00ab\u00a0Coeur maladroit\u00a0\u00bb.<\/strong><\/p>\n<p style=\"text-align: justify;\">Au micro de Luka sur Alouette, la jeune artiste de 25 ans s&rsquo;est confi\u00e9e sur cette chanson :\u00a0\u00ab\u00a0J&rsquo;avais envie de quelque chose de <strong>plus dansant <\/strong>que &lsquo;Ma faute&rsquo;. Je voulais <strong>montrer autre chose<\/strong>\u00ab\u00a0.<\/p>\n<p style=\"text-align: justify;\">Dans le replay de cette interview, vous apprendrez quelques infos sur <strong>le premier album que Marine sortira tr\u00e8s prochainement<\/strong>. Pour chaque chanson de cet album, elle a souhait\u00e9 \u00ab\u00a0quelque chose de vrai, de sinc\u00e8re\u00a0\u00bb.<\/p>\n<p style=\"text-align: justify;\">Actuellement sur les routes de France avec ses camarades de la Star Academy, la grande gagnante pense d\u00e9j\u00e0 \u00e0 l&rsquo;apr\u00e8s et sa premi\u00e8re tourn\u00e9e en solo, qu&rsquo;elle esp\u00e8re effectuer <strong>en 2026<\/strong> : \u00ab\u00a0\u00e7a va me faire bizarre de chanter mes propres titres plut\u00f4t que des reprises\u00a0\u00bb.<\/p>\n<p style=\"text-align: justify;\">Et justement, \u00e0 propos de ses camarades de la Star Ac&rsquo;, Marine s&rsquo;est laiss\u00e9 prendre au jeu propos\u00e9 par Luka en fin d&rsquo;interview. Qui est le plus dr\u00f4le ? Qui dort le plus pendant la tourn\u00e9e ? Qui est le plus stress\u00e9 ? \u00c9coutez le replay de l&rsquo;interview pour le savoir !<\/p>\n<p style=\"text-align: justify;\">\u00a0<\/p>\n<p style=\"text-align: justify;\"><strong>(R\u00e9)\u00e9coutez l&rsquo;interview de Marine en replay :<\/strong><\/p>\n","protected":false},"excerpt":{"rendered":"Apr\u00e8s le succ\u00e8s de son premier hit \u00ab\u00a0Ma faute\u00a0\u00bb, Marine, grande gagnante de la derni\u00e8re saison de la&hellip;\n","protected":false},"author":2,"featured_media":122548,"comment_status":"","ping_status":"","sticky":false,"template":"","format":"standard","meta":{"footnotes":""},"categories":[1355],"tags":[1692,2888,1695,24476,58,59,1011,27,2173,24474,24475,6128,1361,873,1825,5095,4441],"class_list":{"0":"post-122547","1":"post","2":"type-post","3":"status-publish","4":"format-standard","5":"has-post-thumbnail","7":"category-musique","8":"tag-album","9":"tag-alouette","10":"tag-chanson","11":"tag-coeur-maladroit","12":"tag-divertissement","13":"tag-entertainment","14":"tag-fr","15":"tag-france","16":"tag-interview","17":"tag-luka","18":"tag-ma-faute","19":"tag-marine","20":"tag-music","21":"tag-musique","22":"tag-radio","23":"tag-star-academy","24":"tag-tournee"},"share_on_mastodon":{"url":"https:\/\/pubeurope.com\/@fr\/114558417585843506","error":""},"_links":{"self":[{"href":"https:\/\/www.europesays.com\/fr\/wp-json\/wp\/v2\/posts\/122547","targetHints":{"allow":["GET"]}}],"collection":[{"href":"https:\/\/www.europesays.com\/fr\/wp-json\/wp\/v2\/posts"}],"about":[{"href":"https:\/\/www.europesays.com\/fr\/wp-json\/wp\/v2\/types\/post"}],"author":[{"embeddable":true,"href":"https:\/\/www.europesays.com\/fr\/wp-json\/wp\/v2\/users\/2"}],"replies":[{"embeddable":true,"href":"https:\/\/www.europesays.com\/fr\/wp-json\/wp\/v2\/comments?post=122547"}],"version-history":[{"count":0,"href":"https:\/\/www.europesays.com\/fr\/wp-json\/wp\/v2\/posts\/122547\/revisions"}],"wp:featuredmedia":[{"embeddable":true,"href":"https:\/\/www.europesays.com\/fr\/wp-json\/wp\/v2\/media\/122548"}],"wp:attachment":[{"href":"https:\/\/www.europesays.com\/fr\/wp-json\/wp\/v2\/media?parent=122547"}],"wp:term":[{"taxonomy":"category","embeddable":true,"href":"https:\/\/www.europesays.com\/fr\/wp-json\/wp\/v2\/categories?post=122547"},{"taxonomy":"post_tag","embeddable":true,"href":"https:\/\/www.europesays.com\/fr\/wp-json\/wp\/v2\/tags?post=122547"}],"curies":[{"name":"wp","href":"https:\/\/api.w.org\/{rel}","templated":true}]}}