{"id":122551,"date":"2025-05-23T17:52:08","date_gmt":"2025-05-23T17:52:08","guid":{"rendered":"https:\/\/www.europesays.com\/fr\/122551\/"},"modified":"2025-05-23T17:52:08","modified_gmt":"2025-05-23T17:52:08","slug":"robert-kennedy-jr-le-ministre-qui-menace-la-sante-des-americains","status":"publish","type":"post","link":"https:\/\/www.europesays.com\/fr\/122551\/","title":{"rendered":"Robert Kennedy\u00a0Jr, le ministre qui menace la sant\u00e9 des Am\u00e9ricains"},"content":{"rendered":"<p><strong>PORTRAIT<\/strong> &#8211; Alors qu\u2019une \u00e9pid\u00e9mie de rougeole tarde \u00e0 \u00eatre enray\u00e9e aux \u00c9tats-Unis, avec plus d\u2019un millier de cas et 3 d\u00e9c\u00e8s, le secr\u00e9taire \u00e0 la Sant\u00e9 continue de tenir des propos qui mettent en doute l\u2019efficacit\u00e9 et l\u2019innocuit\u00e9 des vaccins.<\/p>\n<p class=\"fig-paragraph\">En avril, Robert F. Kennedy\u00a0Jr, le ministre de la Sant\u00e9, se rend au Texas pour rencontrer deux familles dont les fillettes de 6 et 8\u00a0ans sont mortes des suites de la rougeole. Aucune n\u2019\u00e9tait vaccin\u00e9e. Apr\u00e8s sa visite, il \u00e9crit sur X\u00a0: le vaccin est \u00ab\u00a0le moyen le plus efficace d\u2019emp\u00eacher la propagation\u00a0\u00bb du virus. Quelques heures plus tard, il publie un autre message chantant les louanges de deux m\u00e9decins antivax qui font la promotion de traitements fantaisistes. Dans une interview t\u00e9l\u00e9 ensuite, le neveu de JFK affirme\u00a0:\u00a0<a href=\"http:\/\/sante.lefigaro.fr\/social\/sante-publique\/etats-unis-le-vaccino-sceptique-robert-kennedy-jr-pour-le-vaccin-contre-la-rougeole-20250303\" data-fig-type=\"NewsFlash\" data-gtm-custom-categorie=\"navigation\" data-gtm-custom-action=\"crossclick\" data-gtm-custom-label=\"Contextuel\" data-gtm-event=\"customEventSPE\" data-fig-domain=\"SANTE\" target=\"_blank\" rel=\"noopener\">le vaccin contre la rougeole<\/a>\u00a0a \u00ab\u00a0des probl\u00e8mes\u00a0\u00bb, alors qu\u2019il a fait ses preuves depuis des d\u00e9cennies. Des d\u00e9clarations contradictoires alarmantes pour le corps m\u00e9dical alors qu\u2019une \u00e9pid\u00e9mie de rougeole fait rage aux \u00c9tats-Unis. D\u00e9but mai,\u00a0<a href=\"http:\/\/www.lefigaro.fr\/flash-actu\/etats-unis-un-deuxieme-enfant-mort-de-la-rougeole-20250407\" data-fig-type=\"NewsFlash\" data-gtm-custom-categorie=\"navigation\" data-gtm-custom-action=\"crossclick\" data-gtm-custom-label=\"Contextuel\" data-gtm-event=\"customEventSPE\" data-fig-domain=\"LEFIGARO\" target=\"_blank\" rel=\"noopener\">on a pass\u00e9 le cap du millier de cas dans une trentaine d\u2019\u00c9tats<\/a>, surtout au Texas, et trois personnes sont d\u00e9c\u00e9d\u00e9es des suites de la maladie.<\/p>\n<p class=\"fig-paragraph\">Les positions de\u00a0<a href=\"http:\/\/sante.lefigaro.fr\/social\/sante-publique\/autisme-et-vaccins-les-scientifiques-redoutent-les-conclusions-truquees-de-l-enquete-lancee-par-robert-kennedy-jr-20250411\" data-fig-type=\"NewsFlash\" data-gtm-custom-categorie=\"navigation\" data-gtm-custom-action=\"crossclick\" data-gtm-custom-label=\"Contextuel\" data-gtm-event=\"customEventSPE\" data-fig-domain=\"SANTE\" target=\"_blank\" rel=\"noopener\">Robert Kennedy<\/a>\u00a0ne sont gu\u00e8re surprenantes. Avant de devenir\u2026<\/p>\n<p class=\"fig-premium-paywall__infos\">\n        Cet article est r\u00e9serv\u00e9 aux abonn\u00e9s.        Il vous reste 87% \u00e0 d\u00e9couvrir.\n    <\/p>\n<p>                <img  data- alt=\"Le Figaro\" class=\"fig-img--complete fig-img\"\/><\/p>\n<p class=\"fig-premium-paywall__title\">Vente Flash<\/p>\n<p class=\"fig-premium-paywall__subtitle\">4,99\u20ac par mois pendant 12 mois. Sans engagement.<\/p>\n<p class=\"fig-premium-paywall__connect\">\n                D\u00e9j\u00e0 abonn\u00e9\u00a0?                <a class=\"fig-premium-paywall__connect-link\" href=\"https:\/\/connect.lefigaro.fr\/login?client=sante_web&amp;type=main&amp;redirect_uri=https%3A%2F%2Fsante.lefigaro.fr%2Fsocial%2Fsante-publique%2Frobert-kennedy-jr-le-ministre-qui-menace-la-sante-des-americains-20250523\" data-js-gtm=\"{&quot;customCategorie&quot;: &quot;conversion&quot;, &quot;customAction&quot;: &quot;before_Landing_Connexion_paywall_auto&quot;, &quot;customLabel&quot;: &quot;c2FudGUubGVmaWdhcm8uZnJfXzFmMDM3ZDBhLTQxMWQtNjRiYy05ZjkxLWQ3ODEzY2FkZmM5NV9fQXJ0aWNsZQ==_Robert Kennedy\u00a0Jr, le ministre qui menace la sant\u00e9 des Am\u00e9ricains_74&quot;, &quot;customIDSPE&quot;: &quot;c2FudGUubGVmaWdhcm8uZnJfXzFmMDM3ZDBhLTQxMWQtNjRiYy05ZjkxLWQ3ODEzY2FkZmM5NV9fQXJ0aWNsZQ==&quot;, &quot;event&quot;: &quot;customEventSPE&quot;}\" target=\"_blank\" rel=\"noopener\"><br \/>\n                    Connectez-vous<br \/>\n                <\/a>\n            <\/p>\n","protected":false},"excerpt":{"rendered":"PORTRAIT &#8211; Alors qu\u2019une \u00e9pid\u00e9mie de rougeole tarde \u00e0 \u00eatre enray\u00e9e aux \u00c9tats-Unis, avec plus d\u2019un millier de&hellip;\n","protected":false},"author":2,"featured_media":122552,"comment_status":"","ping_status":"","sticky":false,"template":"","format":"standard","meta":{"footnotes":""},"categories":[10],"tags":[442,228,440,441,436,73,1011,27,72,226,439,229,71,435,437,227,438],"class_list":{"0":"post-122551","1":"post","2":"type-post","3":"status-publish","4":"format-standard","5":"has-post-thumbnail","7":"category-sante","8":"tag-administration-de-la-sante","9":"tag-diagnostic","10":"tag-droit-a-la-sante","11":"tag-education-sanitaire-education-sanitaire-individuelle-et-collective","12":"tag-environnement","13":"tag-etats-unis","14":"tag-fr","15":"tag-france","16":"tag-health","17":"tag-maladie","18":"tag-niveau-de-vie","19":"tag-pathologie","20":"tag-sante","21":"tag-sante-de-la-population","22":"tag-services-medicaux","23":"tag-traitement","24":"tag-traitement-preventif"},"share_on_mastodon":{"url":"https:\/\/pubeurope.com\/@fr\/114558425105481854","error":""},"_links":{"self":[{"href":"https:\/\/www.europesays.com\/fr\/wp-json\/wp\/v2\/posts\/122551","targetHints":{"allow":["GET"]}}],"collection":[{"href":"https:\/\/www.europesays.com\/fr\/wp-json\/wp\/v2\/posts"}],"about":[{"href":"https:\/\/www.europesays.com\/fr\/wp-json\/wp\/v2\/types\/post"}],"author":[{"embeddable":true,"href":"https:\/\/www.europesays.com\/fr\/wp-json\/wp\/v2\/users\/2"}],"replies":[{"embeddable":true,"href":"https:\/\/www.europesays.com\/fr\/wp-json\/wp\/v2\/comments?post=122551"}],"version-history":[{"count":0,"href":"https:\/\/www.europesays.com\/fr\/wp-json\/wp\/v2\/posts\/122551\/revisions"}],"wp:featuredmedia":[{"embeddable":true,"href":"https:\/\/www.europesays.com\/fr\/wp-json\/wp\/v2\/media\/122552"}],"wp:attachment":[{"href":"https:\/\/www.europesays.com\/fr\/wp-json\/wp\/v2\/media?parent=122551"}],"wp:term":[{"taxonomy":"category","embeddable":true,"href":"https:\/\/www.europesays.com\/fr\/wp-json\/wp\/v2\/categories?post=122551"},{"taxonomy":"post_tag","embeddable":true,"href":"https:\/\/www.europesays.com\/fr\/wp-json\/wp\/v2\/tags?post=122551"}],"curies":[{"name":"wp","href":"https:\/\/api.w.org\/{rel}","templated":true}]}}