{"id":122561,"date":"2025-05-23T17:57:08","date_gmt":"2025-05-23T17:57:08","guid":{"rendered":"https:\/\/www.europesays.com\/fr\/122561\/"},"modified":"2025-05-23T17:57:08","modified_gmt":"2025-05-23T17:57:08","slug":"au-moins-12-blesses-dans-une-attaque-au-couteau-a-la-gare-de-hambourg","status":"publish","type":"post","link":"https:\/\/www.europesays.com\/fr\/122561\/","title":{"rendered":"au moins 12 bless\u00e9s dans une attaque au couteau \u00e0 la gare de Hambourg"},"content":{"rendered":"<p>\u00a0\u00bb<br \/>\n        data-script=\u00a0\u00bbhttps:\/\/static.lefigaro.fr\/widget-video\/short-ttl\/video\/index.js\u00a0\u00bb<br \/>\n    &gt;<\/p>\n<p>\u00abSelon les premi\u00e8res informations, une personne aurait bless\u00e9 plusieurs personnes avec un couteau \u00e0 la gare centrale. La personne suspect\u00e9e a \u00e9t\u00e9 arr\u00eat\u00e9e par les forces de l\u2019ordre\u00bb, a indiqu\u00e9 la police de Hambourg.<\/p>\n<p class=\"fig-paragraph\">Au moins douze personnes ont \u00e9t\u00e9 bless\u00e9es lors d\u2019une\u00a0<a href=\"http:\/\/www.lefigaro.fr\/actualite-france\/attaque-au-couteau-dans-un-lycee-de-nantes-la-police-dans-les-meandres-de-la-piste-ideologique-20250505\" target=\"_blank\" data-fig-type=\"Article\" rel=\"noopener nofollow\" data-gtm-custom-categorie=\"navigation\" data-gtm-custom-action=\"crossclick\" data-gtm-custom-label=\"Contextuel\" data-gtm-event=\"customEventSPE\" data-fig-domain=\"LEFIGARO\">attaque au couteau<\/a>\u00a0\u00e0 Hambourg, en\u00a0<a href=\"http:\/\/www.lefigaro.fr\/conjoncture\/droits-de-douane-americains-pourquoi-la-france-est-moins-frappee-que-l-allemagne-20250520\" target=\"_blank\" data-fig-type=\"Article\" rel=\"noopener nofollow\" data-gtm-custom-categorie=\"navigation\" data-gtm-custom-action=\"crossclick\" data-gtm-custom-label=\"Contextuel\" data-gtm-event=\"customEventSPE\" data-fig-domain=\"LEFIGARO\">Allemagne<\/a>, ont annonc\u00e9 les secours dans un communiqu\u00e9 ce vendredi 23 mai.<\/p>\n<p class=\"fig-paragraph\">De nombreux v\u00e9hicules de secours et de police ont \u00e9t\u00e9 d\u00e9ploy\u00e9s tout autour de la gare, peut-on constater sur des images diffus\u00e9es sur les r\u00e9seaux sociaux. Un porte-parole des pompiers d\u2019Hambourg a indiqu\u00e9 que trois personnes ont \u00e9t\u00e9 \u00abl\u00e9g\u00e8rement bless\u00e9es\u00bb, trois \u00abgravement\u00bb et six autres ont leur pronostic vital engag\u00e9.<\/p>\n<p>L\u2019attaque s\u2019est produite sur un quai<\/p>\n<p class=\"fig-paragraph\">\u00abSelon les premi\u00e8res informations, une personne aurait bless\u00e9 plusieurs personnes avec un couteau \u00e0 la gare centrale. La personne suspect\u00e9e a \u00e9t\u00e9 arr\u00eat\u00e9e par les forces de l\u2019ordre\u00bb, a indiqu\u00e9 la police de Hambourg sur X. L\u2019entreprise ferroviaire Deutsche Bahn a pr\u00e9venu de \u00abretards\u00bb et d\u2019\u00abannulations\u00bb de trains, en raison de l\u2019op\u00e9ration de police.<\/p>\n<p>    Devant la gare d\u2019Hambourg.<br \/>\n                RENE SCHRODER \/ AFP<\/p>\n<p class=\"fig-paragraph\">Selon le journal Bild, l\u2019attaque s\u2019est d\u00e9roul\u00e9e sur un quai de la gare de la deuxi\u00e8me ville la plus peupl\u00e9e d\u2019Allemagne. Une importante op\u00e9ration de secours est en cours, a pr\u00e9cis\u00e9 la police qui dit \u00abenqu\u00eater sur les circonstances\u00bb de l\u2019agression. Des images publi\u00e9es par plusieurs m\u00e9dias allemands montraient des bless\u00e9s pris en charge sur des civi\u00e8res ainsi qu\u2019un quai ferroviaire boucl\u00e9 par les forces de l\u2019ordre.<\/p>\n<p class=\"fig-paragraph\">L\u2019Allemagne a connu ces derniers mois plusieurs attaques meurtri\u00e8res \u00e0 l\u2019arme blanche qui ont choqu\u00e9 le pays. Samedi dernier, quatre personnes ont \u00e9t\u00e9 bless\u00e9es lors d\u2019une agression au couteau dans l\u2019ouest du pays. L\u2019auteur pr\u00e9sum\u00e9 est un Syrien de 35 ans arr\u00eat\u00e9 par les autorit\u00e9s qui suspectent un attentat\u00a0<a href=\"http:\/\/www.lefigaro.fr\/politique\/loi-separatisme-interdiction-du-voile-fermeture-de-mosquees-les-politiques-rivalisent-d-idees-pour-lutter-contre-l-entrisme-islamiste-20250521\" target=\"_blank\" data-fig-type=\"Article\" rel=\"noopener nofollow\" data-gtm-custom-categorie=\"navigation\" data-gtm-custom-action=\"crossclick\" data-gtm-custom-label=\"Contextuel\" data-gtm-event=\"customEventSPE\" data-fig-domain=\"LEFIGARO\">islamiste<\/a>. Il avait frapp\u00e9 un groupe de personnes devant un bar du centre-ville de Bielefeld avant de prendre la fuite.<\/p>\n","protected":false},"excerpt":{"rendered":"\u00a0\u00bb data-script=\u00a0\u00bbhttps:\/\/static.lefigaro.fr\/widget-video\/short-ttl\/video\/index.js\u00a0\u00bb &gt; \u00abSelon les premi\u00e8res informations, une personne aurait bless\u00e9 plusieurs personnes avec un couteau \u00e0 la&hellip;\n","protected":false},"author":2,"featured_media":122562,"comment_status":"","ping_status":"","sticky":false,"template":"","format":"standard","meta":{"footnotes":""},"categories":[5],"tags":[259,11,260,672,1011,27,14,261,12,262,28],"class_list":{"0":"post-122561","1":"post","2":"type-post","3":"status-publish","4":"format-standard","5":"has-post-thumbnail","7":"category-international","8":"tag-actualite-internationale","9":"tag-actualites","10":"tag-affaires-etrangeres","11":"tag-allemagne","12":"tag-fr","13":"tag-france","14":"tag-international","15":"tag-ministere-des-affaires-etrangeres","16":"tag-news","17":"tag-politique-etrangere","18":"tag-world"},"share_on_mastodon":{"url":"https:\/\/pubeurope.com\/@fr\/114558444744717504","error":""},"_links":{"self":[{"href":"https:\/\/www.europesays.com\/fr\/wp-json\/wp\/v2\/posts\/122561","targetHints":{"allow":["GET"]}}],"collection":[{"href":"https:\/\/www.europesays.com\/fr\/wp-json\/wp\/v2\/posts"}],"about":[{"href":"https:\/\/www.europesays.com\/fr\/wp-json\/wp\/v2\/types\/post"}],"author":[{"embeddable":true,"href":"https:\/\/www.europesays.com\/fr\/wp-json\/wp\/v2\/users\/2"}],"replies":[{"embeddable":true,"href":"https:\/\/www.europesays.com\/fr\/wp-json\/wp\/v2\/comments?post=122561"}],"version-history":[{"count":0,"href":"https:\/\/www.europesays.com\/fr\/wp-json\/wp\/v2\/posts\/122561\/revisions"}],"wp:featuredmedia":[{"embeddable":true,"href":"https:\/\/www.europesays.com\/fr\/wp-json\/wp\/v2\/media\/122562"}],"wp:attachment":[{"href":"https:\/\/www.europesays.com\/fr\/wp-json\/wp\/v2\/media?parent=122561"}],"wp:term":[{"taxonomy":"category","embeddable":true,"href":"https:\/\/www.europesays.com\/fr\/wp-json\/wp\/v2\/categories?post=122561"},{"taxonomy":"post_tag","embeddable":true,"href":"https:\/\/www.europesays.com\/fr\/wp-json\/wp\/v2\/tags?post=122561"}],"curies":[{"name":"wp","href":"https:\/\/api.w.org\/{rel}","templated":true}]}}