{"id":122569,"date":"2025-05-23T18:01:12","date_gmt":"2025-05-23T18:01:12","guid":{"rendered":"https:\/\/www.europesays.com\/fr\/122569\/"},"modified":"2025-05-23T18:01:12","modified_gmt":"2025-05-23T18:01:12","slug":"municipales-2026-a-saint-etienne-lfi-a-presente-ses-axes-programmatiques","status":"publish","type":"post","link":"https:\/\/www.europesays.com\/fr\/122569\/","title":{"rendered":"Municipales 2026\u00a0: \u00e0 Saint-Etienne, LFI a pr\u00e9sent\u00e9 ses \u00ab\u00a0axes programmatiques\u00a0\u00bb"},"content":{"rendered":"<p class=\"is-style-chapo\">Ainsi que sa cheffe et son chef de file\u00a0: Valentine Mercier et Nicolas Preux et \u00e0 ce titre, pas forc\u00e9ment appel\u00e9s \u00e0 mener une liste propre \u00e0 LFI aux Municipales de Saint-Etienne, sinon d\u2019union. Il y a une semaine lors de leur pr\u00e9sentation, les Insoumis ne souhaitaient pas (re) parler de la mise en \u0153uvre de cette derni\u00e8re, concentrant leur communication sur ses bases de programme.<\/p>\n<p><img fetchpriority=\"high\" decoding=\"async\" width=\"1024\" height=\"576\" src=\"https:\/\/www.europesays.com\/fr\/wp-content\/uploads\/2025\/05\/f1-1024x576.jpg\" alt=\"\" class=\"wp-image-79338\"  \/>Nicolas Preux et Valentine Mercier. \u00a9If Saint-Etienne \/ Xavier Alix<\/p>\n<p>Sur la liste \u2013 commune \u00e0 d\u2019autres formations ou non \u2013 aux Municipales\u00a0? Probablement. Et donc, plut\u00f4t en haut, voire au sommet\u00a0? Pas forc\u00e9ment. \u00ab\u00a0RAS\u00a0\u00bb sur les <a href=\"https:\/\/www.if-saint-etienne.fr\/politique-societe\/municipales-2026-a-saint-etienne-la-gauche-plurielle-oui-mais-faute-daccord-a-ce-stade\" target=\"_blank\" rel=\"noreferrer noopener\">difficiles n\u00e9gociations<\/a> \u00e0 cinq (PS \/ PC \/ EELV \/ LFI et collectif Saint\u00e9 populaire) pour former projet et liste d\u2019union de la gauche aux \u00e9lections, pr\u00e9cisaient \u00e0 la presse il y a une semaine les Insoumis st\u00e9phanois par les voix de Valentine Mercier et Nicolas Preux. Leurs deux \u00ab\u00a0chefs de file\u00a0\u00bb pour ces Municipales de Saint-Etienne. Et rien d\u2019autre \u00e0 ce stade, si ce n\u2019est la mission de discuter avec les partenaires en vue d\u2019une union en plus de consolider les liens entre militants et animer la campagne. \u00ab\u00a0Qui\u00a0\u00bb et \u00ab\u00a0avec\u00a0qui\u00a0\u00bb en 2026, \u00ab\u00a0ce n\u2019est aujourd\u2019hui pas le sujet\u00a0\u00bb, ont martel\u00e9 \u00e0 la presse locale les deux repr\u00e9sentants appuy\u00e9s par la pr\u00e9sence de la d\u00e9put\u00e9e st\u00e9phanoise LFI Andr\u00e9e Taurinya.<\/p>\n<p>Sur le parvis des Halles Mazerat <a href=\"https:\/\/www.if-saint-etienne.fr\/breves\/halles-mazerat-chronique-dune-mort-non-assumee\" target=\"_blank\" rel=\"noreferrer noopener\">ferm\u00e9es<\/a> en mars, pour ce qu\u2019ils estiment un \u00ab symbole\u00a0\u00bb de la \u00ab\u00a0d\u00e9faillance de la gestion\u00a0\u00bb de la majorit\u00e9 Perdriau, ce sont les grandes lignes du \u00ab\u00a0quoi\u00a0\u00bb, restant donc \u00e0 affiner, a fortiori avec des partenaires, auxquelles elle tient que LFI voulait pr\u00e9senter. M\u00eame si le communiqu\u00e9 qui a suivi rappelait dans son introduction que La France insoumise est\u00a0\u00ab\u00a0la premi\u00e8re force de gauche, nationalement et localement\u00a0\u00bb. Si aux <a href=\"https:\/\/www.archives-resultats-elections.interieur.gouv.fr\/resultats\/municipales-2020\/042\/042218.php\" target=\"_blank\" rel=\"noreferrer noopener\">Municipales 2020<\/a>, elle n\u2019avait r\u00e9alis\u00e9 que 3,14 % des suffrages exprim\u00e9s \u00e0 Saint-Etienne, en revanche, \u00ab\u00a0sur la commune, le mouvement a rassembl\u00e9 21 % des suffrages aux \u00e9lections europ\u00e9ennes il y a un an, ainsi que 33 % aux pr\u00e9sidentielles de 2022. En outre, la France insoumise st\u00e9phanoise p\u00e8se par son implantation militante. Elle compte \u00e0 Saint-\u00c9tienne plus de 15 groupes d\u2019action actifs, chacun \u00e9tant constitu\u00e9 de 5 \u00e0 70 militant\u00b7es.\u00a0\u00bb<\/p>\n<p>Un \u00ab\u00a0bail r\u00e9el solidaire\u00a0\u00bb\u00a0<\/p>\n<p>Ces orientations de programme, LFI les estime inali\u00e9nables vis-\u00e0-vis des partenaires tout en commentant qu\u2019elles ne peuvent que convenir \u00e0 des partenaires de gauche\u2026 Programme \u00ab\u00a0de rupture, \u00e9labor\u00e9 selon une m\u00e9thode \u00e9prouv\u00e9e. En lien \u00e9troit avec les associations, les syndicats et tous les acteurs engag\u00e9s localement, nous \u00e9tablissons des constats sur la situation municipale puis nous d\u00e9finissons des objectifs et proposons des mesures concr\u00e8tes \u00e0 court, moyen et long terme pour les atteindre. Celles-ci se d\u00e9clinent en trois grands axes programmatiques, visant \u00e0 r\u00e9pondre \u00e0 l\u2019urgence sociale, \u00e0 l\u2019urgence d\u00e9mocratique et \u00e0 l\u2019urgence environnementale\u00a0\u00bb. Le premier\u00a0? \u00ab\u00a0Une ville pour ses habitants\u00a0\u00bb\u00a0: en \u00ab\u00a0rupture\u00a0avec la majorit\u00e9 actuelle\u00a0\u00bb, \u00ab\u00a0notre objectif principal n\u2019est pas de nous adresser \u00e0 des acteurs ext\u00e9rieurs qu\u2019il faudrait \u00ab\u00a0attirer\u00a0\u00bb avec des projets de fa\u00e7ade, mais de r\u00e9pondre aux besoins et aux attentes de la population st\u00e9phanoise. Ces besoins sont nombreux.\u00a0\u00bb<\/p>\n<p>Avec le rappel de ces chiffres\u00a0: le taux de pauvret\u00e9 s\u2019\u00e9l\u00e8ve \u00e0 28 % \u00e0 Saint-\u00c9tienne (+ 6 points en 10 ans), soit le double de la moyenne nationale. \u00ab\u00a0Les familles sont particuli\u00e8rement touch\u00e9es par le mal-logement, victimes des marchands de sommeil et des sp\u00e9culateurs immobiliers, et le maillage tr\u00e8s in\u00e9gal des transports en commun rend l\u2019acc\u00e8s \u00e0 la mobilit\u00e9 compliqu\u00e9 dans certains quartiers enclav\u00e9s.\u00a0\u00bb Le plan de lutte \u00ab\u00a0contre la pauvret\u00e9 et la pr\u00e9carit\u00e9\u00a0\u00bb de LFI passe par plus de moyens d\u2019action au CCAS, des outils de lutte contre le mal-logement, comme le \u00ab\u00a0permis de louer\u00a0\u00bb ou contre la sp\u00e9culation immobili\u00e8re, \u00ab\u00a0en relan\u00e7ant la production de logements locatifs publics\u00a0\u00bb ou encore en d\u00e9veloppant des modalit\u00e9s d\u2019acc\u00e8s \u00e0 la propri\u00e9t\u00e9 pour les m\u00e9nages modestes via le \u00ab\u00a0bail r\u00e9el solidaire\u00a0\u00bb. \u00ab\u00a0L\u2019offre des bailleurs sociaux aux primo-acc\u00e9dants \u00e0 la propri\u00e9t\u00e9, \u00e7a existe d\u00e9j\u00e0 oui mais c\u2019est tr\u00e8s insuffisant, tr\u00e8s peu accessible\u00a0\u00bb, estime Nicolas Preux. \u00a0<\/p>\n<p>L\u2019ambition de pi\u00e9tonniser l\u2019hyper centre<\/p>\n<p>Autre \u00e9l\u00e9ment de cet axe\u00a0: une r\u00e9gie publique pour la restauration collective visant une meilleure alimentation, des transports en commun \u00ab\u00a0adapt\u00e9e aux besoins\u00a0\u00bb. C\u2019est-\u00e0-dire plus accessibles, et plus cadenc\u00e9s pour les quartiers et villes p\u00e9riph\u00e9riques \u00e0 Saint-Etienne. L\u2019ambition s\u2019entend l\u00e0 \u00e9videmment \u00e0 l\u2019\u00e9chelle m\u00e9tropolitaine puisque relevant de ce niveau de comp\u00e9tence. De quoi amener moult investissements dans ce domaine. Faut-il d\u00e8s lors rendre gratuit les transports\u00a0? \u00ab\u00a0Pas dans un premier temps mais oui, c\u2019est un objectif de long terme. L\u00e0, il faut des ressources pour mieux connecter les p\u00e9riph\u00e9ries d\u00e9laiss\u00e9es, r\u00e9pond Valentine Mercier. Il faut mettre fin \u00e0 une logique tout voiture qui persiste\u00a0et entrave d\u2019ailleurs l\u2019efficacit\u00e9 de l\u2019existant : l\u2019intensification des transports en commun ira de pair avec une pi\u00e9tonisation d\u2019ampleur de l\u2019hyper centre. Pour nous, oui, c\u2019est aussi un moyen de donner de baisser la population et proposer des alternatives, avant m\u00eame de parler d\u2019accentuer la ZFE. Oui, nous avons conscience que cela implique aussi plus de parkings relais pour laisser sa voiture hors du centre quand on vient de plus loin.\u00a0\u00bb<\/p>\n<p>Le contr\u00f4le des \u00e9lus<\/p>\n<p>Second axe\u00a0: \u00ab\u00a0une ville par ses habitants\u00a0\u00bb. LFI veut mettre en \u0153uvre \u00ab\u00a0une gestion communaliste, afin d\u2019assurer un r\u00e9el droit \u00e0 la ville pour tous et toutes. Pour cela, nous portons un projet de refondation de la gouvernance municipale et de l\u2019exercice de la d\u00e9mocratie dans la ville\u00a0\u00bb. Cela se traduit par \u00ab\u00a0l\u2019imposition d\u2019un certain nombre de principes \u00e9thiques aux \u00e9lus\u00a0\u00bb\u00a0: plafonnement des indemnit\u00e9s \u2013 municipales et m\u00e9tropolitaines \u2013 d\u2019\u00e9lus \u00e0, maximum, trois fois le salaire le plus modeste pay\u00e9 par la collectivit\u00e9 aux agents (ce qui du coup concernerait seulement le maire ou des adjoints ayant aussi une vice-pr\u00e9sidence \u00e0 M\u00e9tropole), r\u00e9f\u00e9rendum r\u00e9vocatoire, pas de cumuls hors Ville\/M\u00e9tropole, syst\u00e8me de contr\u00f4le \u00ab\u00a0efficace\u00a0\u00bb. Pour la population\u00a0: modalit\u00e9s d\u2019acc\u00e8s, moyens et missions des conseils de quartier revus pour plus d\u2019ind\u00e9pendance\u00a0; abolition du financement par projet des amicales la\u00efques et des centres sociaux pour une logique pluriannuelle. Pour les agents\u00a0: la promesse de plus de moyens, d\u2019un organigramme red\u00e9fini, comme des modes de fonctionnement.<\/p>\n<p>Troisi\u00e8me axe\u00a0: \u00ab\u00a0une ville respectueuse du vivant\u00a0\u00bb. LFI annonce les deux principes suivants exigeant sans doute plus de d\u00e9tails quant \u00e0 leur mise en \u0153uvre : \u00ab\u00a0Aucun contrat ou partenariat de la ville ne contribuera de mani\u00e8re directe ou indirecte \u00e0 une action contrevenant aux droits humains et des peuples \u00e0 disposer d\u2019eux-m\u00eames, notamment toute politique coloniale, d\u2019apartheid et de g\u00e9nocide.\u00a0\u00bb\u00a0; \u00ab\u00a0Aucune action ne devra, \u00e0 son \u00e9chelle, entra\u00eener le d\u00e9passement des limites plan\u00e9taires, en application de la \u00ab\u00a0r\u00e8gle verte\u00a0\u00bb. Pour cela, nous nous abstiendrons notamment de d\u00e9molir et\\ou de construire lorsque cela est \u00e9vitable.\u00a0\u00bb<\/p>\n","protected":false},"excerpt":{"rendered":"Ainsi que sa cheffe et son chef de file\u00a0: Valentine Mercier et Nicolas Preux et \u00e0 ce titre,&hellip;\n","protected":false},"author":2,"featured_media":122570,"comment_status":"","ping_status":"","sticky":false,"template":"","format":"standard","meta":{"footnotes":""},"categories":[9653],"tags":[1111,11,24477,2430,15916,2761,15917,1777,674,1011,27,780,24478,3434,12,24479,25,4001,24480],"class_list":{"0":"post-122569","1":"post","2":"type-post","3":"status-publish","4":"format-standard","5":"has-post-thumbnail","7":"category-saint-etienne","8":"tag-actu","9":"tag-actualites","10":"tag-andree-taurinya","11":"tag-auvergne-rhone-alpes","12":"tag-electif","13":"tag-elections-municipales-2026","14":"tag-elections-municipales-saint-etienne","15":"tag-eu","16":"tag-europe","17":"tag-fr","18":"tag-france","19":"tag-lfi","20":"tag-liste-lfi","21":"tag-municipales-2026","22":"tag-news","23":"tag-nicolas-preux","24":"tag-republique-francaise","25":"tag-saint-etienne","26":"tag-valentine-mercier"},"share_on_mastodon":{"url":"https:\/\/pubeurope.com\/@fr\/114558460560633289","error":""},"_links":{"self":[{"href":"https:\/\/www.europesays.com\/fr\/wp-json\/wp\/v2\/posts\/122569","targetHints":{"allow":["GET"]}}],"collection":[{"href":"https:\/\/www.europesays.com\/fr\/wp-json\/wp\/v2\/posts"}],"about":[{"href":"https:\/\/www.europesays.com\/fr\/wp-json\/wp\/v2\/types\/post"}],"author":[{"embeddable":true,"href":"https:\/\/www.europesays.com\/fr\/wp-json\/wp\/v2\/users\/2"}],"replies":[{"embeddable":true,"href":"https:\/\/www.europesays.com\/fr\/wp-json\/wp\/v2\/comments?post=122569"}],"version-history":[{"count":0,"href":"https:\/\/www.europesays.com\/fr\/wp-json\/wp\/v2\/posts\/122569\/revisions"}],"wp:featuredmedia":[{"embeddable":true,"href":"https:\/\/www.europesays.com\/fr\/wp-json\/wp\/v2\/media\/122570"}],"wp:attachment":[{"href":"https:\/\/www.europesays.com\/fr\/wp-json\/wp\/v2\/media?parent=122569"}],"wp:term":[{"taxonomy":"category","embeddable":true,"href":"https:\/\/www.europesays.com\/fr\/wp-json\/wp\/v2\/categories?post=122569"},{"taxonomy":"post_tag","embeddable":true,"href":"https:\/\/www.europesays.com\/fr\/wp-json\/wp\/v2\/tags?post=122569"}],"curies":[{"name":"wp","href":"https:\/\/api.w.org\/{rel}","templated":true}]}}