{"id":122571,"date":"2025-05-23T18:02:12","date_gmt":"2025-05-23T18:02:12","guid":{"rendered":"https:\/\/www.europesays.com\/fr\/122571\/"},"modified":"2025-05-23T18:02:12","modified_gmt":"2025-05-23T18:02:12","slug":"javais-besoin-de-me-sentir-utile","status":"publish","type":"post","link":"https:\/\/www.europesays.com\/fr\/122571\/","title":{"rendered":"\u00ab J\u2019avais besoin de me sentir utile \u00bb"},"content":{"rendered":"<p>Souriante et p\u00e9tillante. Lison Delaroue, 24 ans, est originaire des Vosges, dans le secteur de Mirecourt. Apr\u00e8s un parcours scolaire ax\u00e9 vers l\u2019am\u00e9nagement paysager et apr\u00e8s avoir travaill\u00e9, entre autres, chez un paysagiste en Alsace, elle est, depuis plus d\u2019une ann\u00e9e, monitrice d\u2019atelier espaces verts \u00e0 l\u2019 <a href=\"https:\/\/www.estrepublicain.fr\/societe\/2024\/07\/25\/l-esat-andre-lanciot-en-fete-au-parc-de-l-embanie\" target=\"_blank\" rel=\"noopener\">ESAT (\u00c9tablissement et service d\u2019aide par le travail) Andr\u00e9 Lanciot<\/a> d\u2019Houdemont pr\u00e8s de Nancy. Une structure d\u00e9pendant de l\u2019association AEIM. La jeune femme y encadre donc des personnes en situation de handicap. Interview au retour d\u2019un chantier avec son \u00e9quipe, non loin du hangar o\u00f9 est stock\u00e9 le mat\u00e9riel utilis\u00e9 pour l\u2019entretien des espaces verts.<\/p>\n<blockquote class=\"question\"><p>Pourquoi avoir candidat\u00e9 pour ce poste dans cet ESAT ?<\/p><\/blockquote>\n<p>\u00ab En fait, je ne connaissais pas trop ! Je ne savais pas que \u00e7a existait et il faut dire que je ne m\u2019y \u00e9tais pas trop int\u00e9ress\u00e9e non plus. En cherchant du travail, j\u2019ai r\u00e9pondu \u00e0 une annonce et voil\u00e0. \u00c0 la sortie de l\u2019\u00e9cole, j\u2019ai \u00e9t\u00e9 embauch\u00e9e comme ouvri\u00e8re paysagiste vers Colmar et aussi, apr\u00e8s, en Lorraine, \u00e0 Nancy dans le travail \u00e0 la personne pour l\u2019entretien des jardins des particuliers. Et puis, j\u2019ai eu un petit coup de questionnement. J\u2019avais besoin de me sentir importante au sein d\u2019une organisation et de servir \u00e0 quelque chose. \u00bb<\/p>\n<blockquote class=\"question\"><p>Quelle est votre fonction et quelles sont les qualit\u00e9s requises ?<\/p><\/blockquote>\n<p>\u00ab J\u2019encadre des personnes en situation de handicap. C\u2019est une \u00e9quipe de six personnes de 18 \u00e0 60 ans. Pour commencer, il faut une certaine sensibilit\u00e9 et la fibre humaine, aimer comprendre les autres. Et il faut aussi de la patience. \u00c7a me pla\u00eet. Me sentir utile, j\u2019ai trouv\u00e9 \u00e7a ici. On les aide \u00e0 \u00e9voluer, \u00e0 prendre confiance en eux. Et puis, on rigole bien ! \u00bb<\/p>\n<blockquote class=\"question\"><p>Quels travaux effectuez-vous quotidiennement avec votre \u00e9quipe ?<\/p><\/blockquote>\n<p>\u00ab Ce sont des tontes, des tailles et des petits travaux d\u2019\u00e9lagage, des nettoyages de parkings et un petit peu de cr\u00e9ation de massifs. On travaille pour des particuliers, des collectivit\u00e9s, la M\u00e9tropole du Grand Nancy, les \u00e9coles de Ludres et certaines entreprises. Et on fait un peu de cr\u00e9ations de petits massifs. Le nombre de passages est d\u00e9termin\u00e9 par le contrat et sont plac\u00e9s en fonction de la pousse et des autres chantiers. On s\u2019organise en fonction de \u00e7a et on met en place l\u2019\u00e9quipe sur le chantier. \u00bb<\/p>\n<blockquote class=\"question\"><p>Et que faites-vous durant l\u2019hiver ?<\/p><\/blockquote>\n<p>\u00ab L\u2019hiver, on fait souvent de petits chantiers de remise en \u00e9tat, des petits travaux d\u2019\u00e9lagage et \u00e9galement un peu de ma\u00e7onnerie en collaboration avec l\u2019\u00c9cole d\u2019horticulture et de paysage de Roville-aux-Ch\u00eanes (NDLR : dans les Vosges). \u00bb<\/p>\n<blockquote class=\"question\"><p>C\u2019est d\u2019ailleurs dans cette \u00e9cole que vous avez fait vos \u00e9tudes ?<\/p><\/blockquote>\n<p>\u00ab Ce n\u2019\u00e9tait pas \u00e9vident \u00e0 la sortie du coll\u00e8ge. Et puis, il y a eu une journ\u00e9e d\u2019immersion \u00e0 l\u2019\u00c9cole de Roville-aux-Ch\u00eanes. J\u2019ai fait un bac pro \u00e0 16 ans et un BTS \u00e0 19 ans en Am\u00e9nagements paysagers en Alsace, vers Colmar. \u00bb<\/p>\n<blockquote class=\"question\"><p>La nature, l\u2019am\u00e9nagement paysager, \u00e7a vous a toujours plu ?<\/p><\/blockquote>\n<p>\u00ab Oui, forc\u00e9ment, je suis n\u00e9e \u00e0 la campagne, il y avait un jardin chez les parents, on s\u2019occupait du potager. J\u2019ai toujours \u00e9t\u00e9 attir\u00e9e par le bricolage, la nature, le jardinage et aussi la cr\u00e9ation. \u00bb<\/p>\n<blockquote class=\"question\"><p>Actuellement, vous encadrez une \u00e9quipe, que souhaitez-vous faire dans l\u2019avenir ?<\/p><\/blockquote>\n<p>\u00ab \u00c7a me pla\u00eet ! Mais j\u2019aimerais passer le dipl\u00f4me de monitrice, je crois que c\u2019est possible quatre ans apr\u00e8s. \u00bb<\/p>\n","protected":false},"excerpt":{"rendered":"Souriante et p\u00e9tillante. Lison Delaroue, 24 ans, est originaire des Vosges, dans le secteur de Mirecourt. Apr\u00e8s un&hellip;\n","protected":false},"author":2,"featured_media":122572,"comment_status":"","ping_status":"","sticky":false,"template":"","format":"standard","meta":{"footnotes":""},"categories":[9635],"tags":[1111,11,4406,1687,33,1704,436,1777,674,107,1011,27,775,17190,9649,3457,1702,12,3456,25,801,104,1631],"class_list":{"0":"post-122571","1":"post","2":"type-post","3":"status-publish","4":"format-standard","5":"has-post-thumbnail","7":"category-nancy","8":"tag-actu","9":"tag-actualites","10":"tag-commerce-et-services","11":"tag-culture-loisirs","12":"tag-economie","13":"tag-edition-nancy-et-agglomeration","14":"tag-environnement","15":"tag-eu","16":"tag-europe","17":"tag-fil-info","18":"tag-fr","19":"tag-france","20":"tag-grand-est","21":"tag-houdemont","22":"tag-metropole-du-grand-nancy-54b2","23":"tag-meurthe-et-moselle","24":"tag-nancy","25":"tag-news","26":"tag-region-lorraine","27":"tag-republique-francaise","28":"tag-social","29":"tag-societe","30":"tag-vie-associative"},"share_on_mastodon":{"url":"https:\/\/pubeurope.com\/@fr\/114558464396501440","error":""},"_links":{"self":[{"href":"https:\/\/www.europesays.com\/fr\/wp-json\/wp\/v2\/posts\/122571","targetHints":{"allow":["GET"]}}],"collection":[{"href":"https:\/\/www.europesays.com\/fr\/wp-json\/wp\/v2\/posts"}],"about":[{"href":"https:\/\/www.europesays.com\/fr\/wp-json\/wp\/v2\/types\/post"}],"author":[{"embeddable":true,"href":"https:\/\/www.europesays.com\/fr\/wp-json\/wp\/v2\/users\/2"}],"replies":[{"embeddable":true,"href":"https:\/\/www.europesays.com\/fr\/wp-json\/wp\/v2\/comments?post=122571"}],"version-history":[{"count":0,"href":"https:\/\/www.europesays.com\/fr\/wp-json\/wp\/v2\/posts\/122571\/revisions"}],"wp:featuredmedia":[{"embeddable":true,"href":"https:\/\/www.europesays.com\/fr\/wp-json\/wp\/v2\/media\/122572"}],"wp:attachment":[{"href":"https:\/\/www.europesays.com\/fr\/wp-json\/wp\/v2\/media?parent=122571"}],"wp:term":[{"taxonomy":"category","embeddable":true,"href":"https:\/\/www.europesays.com\/fr\/wp-json\/wp\/v2\/categories?post=122571"},{"taxonomy":"post_tag","embeddable":true,"href":"https:\/\/www.europesays.com\/fr\/wp-json\/wp\/v2\/tags?post=122571"}],"curies":[{"name":"wp","href":"https:\/\/api.w.org\/{rel}","templated":true}]}}