{"id":122573,"date":"2025-05-23T18:03:40","date_gmt":"2025-05-23T18:03:40","guid":{"rendered":"https:\/\/www.europesays.com\/fr\/122573\/"},"modified":"2025-05-23T18:03:40","modified_gmt":"2025-05-23T18:03:40","slug":"badminton-une-forte-affluence-attendue-au-32e-tournoi-de-nancy-villers","status":"publish","type":"post","link":"https:\/\/www.europesays.com\/fr\/122573\/","title":{"rendered":"Badminton. Une forte affluence attendue au 32e tournoi de Nancy-Villers"},"content":{"rendered":"<p>Pour son traditionnel tournoi annuel, le Badminton Nancy-Villers a mis les petits plats dans les grands pour ce qui reste le plus gros tournoi du d\u00e9partement, avec son organisation XXL comme nous l\u2019explique Christophe Baures, l\u2019un des organisateurs\u00a0: \u00ab\u00a0Nous attendons pr\u00e8s de 350 joueurs et nous avons planifi\u00e9 plus de 550 matchs sur les 14 terrains install\u00e9s au Well &amp; Fit de Laxou. La particularit\u00e9 de ce tournoi est qu\u2019il permet de faire c\u00f4toyer en un m\u00eame lieu des joueurs non class\u00e9s et des joueurs du top 10 Fran\u00e7ais, ce qui est tr\u00e8s rare sur le circuit\u00a0\u00bb.<\/p>\n<p>Il y aura en effet quelques joueurs r\u00e9f\u00e9renc\u00e9s au niveau national comme Romain Franck (Aire\/Lys), num\u00e9ro\u00a012 fran\u00e7ais. Ou encore la Vosgienne \u00c9milie Vercelot (Saint-Maur), pass\u00e9e un temps par le TSB Jarville, aujourd\u2019hui \u00e0 l\u2019INSEP, qui a constitu\u00e9 une des meilleures paires de doubles en France avec Sharone Bauer (Strasbourg). On retrouvera \u00e9galement une partie des meilleurs joueurs du 54 avec les Gondrevillois Killian Manciot, Marie et Thomas Massini, accompagn\u00e9s de Cl\u00e9a Hantz-Alberti (TSB Jarville), ainsi que du duo de Dommartemont Alain Bechet et Achille Crenner.<\/p>\n<p>C\u2019est donc une orgie de badminton et du grand spectacle qui est attendu tout au long du week-end et qui verra la majeure partie des clubs du d\u00e9partement repr\u00e9sent\u00e9s dans l\u2019ensemble des tableaux. <\/p>\n<p class=\"note\"> Samedi\u00a0: tableaux simples H et F et mixtes. Dimanche\u00a0: tableaux de doubles.<\/p>\n","protected":false},"excerpt":{"rendered":"Pour son traditionnel tournoi annuel, le Badminton Nancy-Villers a mis les petits plats dans les grands pour ce&hellip;\n","protected":false},"author":2,"featured_media":122574,"comment_status":"","ping_status":"","sticky":false,"template":"","format":"standard","meta":{"footnotes":""},"categories":[9635],"tags":[1111,11,5406,1704,1777,674,1011,27,775,1702,1703,12,25,517,1700],"class_list":{"0":"post-122573","1":"post","2":"type-post","3":"status-publish","4":"format-standard","5":"has-post-thumbnail","7":"category-nancy","8":"tag-actu","9":"tag-actualites","10":"tag-badminton","11":"tag-edition-nancy-et-agglomeration","12":"tag-eu","13":"tag-europe","14":"tag-fr","15":"tag-france","16":"tag-grand-est","17":"tag-nancy","18":"tag-nancy-ville-54b","19":"tag-news","20":"tag-republique-francaise","21":"tag-sport","22":"tag-sport-lorrain"},"share_on_mastodon":{"url":"https:\/\/pubeurope.com\/@fr\/114558468294391966","error":""},"_links":{"self":[{"href":"https:\/\/www.europesays.com\/fr\/wp-json\/wp\/v2\/posts\/122573","targetHints":{"allow":["GET"]}}],"collection":[{"href":"https:\/\/www.europesays.com\/fr\/wp-json\/wp\/v2\/posts"}],"about":[{"href":"https:\/\/www.europesays.com\/fr\/wp-json\/wp\/v2\/types\/post"}],"author":[{"embeddable":true,"href":"https:\/\/www.europesays.com\/fr\/wp-json\/wp\/v2\/users\/2"}],"replies":[{"embeddable":true,"href":"https:\/\/www.europesays.com\/fr\/wp-json\/wp\/v2\/comments?post=122573"}],"version-history":[{"count":0,"href":"https:\/\/www.europesays.com\/fr\/wp-json\/wp\/v2\/posts\/122573\/revisions"}],"wp:featuredmedia":[{"embeddable":true,"href":"https:\/\/www.europesays.com\/fr\/wp-json\/wp\/v2\/media\/122574"}],"wp:attachment":[{"href":"https:\/\/www.europesays.com\/fr\/wp-json\/wp\/v2\/media?parent=122573"}],"wp:term":[{"taxonomy":"category","embeddable":true,"href":"https:\/\/www.europesays.com\/fr\/wp-json\/wp\/v2\/categories?post=122573"},{"taxonomy":"post_tag","embeddable":true,"href":"https:\/\/www.europesays.com\/fr\/wp-json\/wp\/v2\/tags?post=122573"}],"curies":[{"name":"wp","href":"https:\/\/api.w.org\/{rel}","templated":true}]}}