{"id":12258,"date":"2025-04-09T09:23:07","date_gmt":"2025-04-09T09:23:07","guid":{"rendered":"https:\/\/www.europesays.com\/fr\/12258\/"},"modified":"2025-04-09T09:23:07","modified_gmt":"2025-04-09T09:23:07","slug":"toulouse-feu-dappartement-dans-un-immeuble-de-huit-etages-six-personnes-relogees","status":"publish","type":"post","link":"https:\/\/www.europesays.com\/fr\/12258\/","title":{"rendered":"Toulouse. Feu d&rsquo;appartement dans un immeuble de huit \u00e9tages : six personnes relog\u00e9es"},"content":{"rendered":"<p>            Par<br \/>\n        <strong><br \/>\n            <a href=\"https:\/\/actu.fr\/auteur\/lea-afonso\" title=\"Consulter tous les articles de L\u00e9a Afonso\" rel=\"nofollow noopener\" target=\"_blank\">L\u00e9a Afonso<\/a><br \/>\n        <\/strong><\/p>\n<p>        Publi\u00e9 le<\/p>\n<p>            9 avr. 2025 \u00e0 7h36        <\/p>\n<p>Les pompiers du SDIS 31 sont intervenus ce mardi 8\u00a0avril pour un<strong> feu d\u2019appartement<\/strong> au 4e \u00e9tage d\u2019un immeuble de huit \u00e9tages, situ\u00e9 rue de Lestang \u00e0 <a href=\"https:\/\/actu.fr\/toulouse\/\" rel=\"nofollow noopener\" target=\"_blank\">Toulouse<\/a>. \u00c0 leur arriv\u00e9e sur place, l\u2019incendie s\u2019\u00e9tait propag\u00e9 en fa\u00e7ade.<\/p>\n<p>    <a href=\"https:\/\/www.google.com\/maps\/embed?pb=!1m18!1m12!1m3!1d2890.6882191726977!2d1.3928383773030855!3d43.57137935771738!2m3!1f0!2f0!3f0!3m2!1i1024!2i768!4f13.1!3m3!1m2!1s0x12aeba480255aec1%3A0xf9836fcaf1320710!2sRue%20de%20Lestang%2C%2031100%20Toulouse!5e0!3m2!1sfr!2sfr!4v1744176894120!5m2!1sfr!2sfr\" title=\"Ouvrie le lien\" rel=\"nofollow noopener\" target=\"_blank\">Cliquez ici pour visualiser le contenu<\/a><\/p>\n<p>Mise en s\u00e9curit\u00e9<\/p>\n<p class=\" wall-content\">Sur place, les 26 pompiers ont mis en s\u00e9curit\u00e9 cinq personnes et ont limit\u00e9 la propagation de l\u2019incendie gr\u00e2ce \u00e0 <strong>deux lances \u00e0 eau<\/strong>.<\/p>\n<p class=\" wall-content\"><strong>Aucun bless\u00e9<\/strong> n\u2019est \u00e0 d\u00e9plorer. Mais <strong>16\u00a0personnes ont l\u00e9g\u00e8rement inhal\u00e9 des fum\u00e9es<\/strong>. Pris en charge par les secours, il n\u2019a pas \u00e9t\u00e9 utile de les conduire \u00e0 l\u2019h\u00f4pital. <strong>Six personnes<\/strong> doivent \u00eatre <strong>relog\u00e9es<\/strong> par leurs propres moyens.<\/p>\n<p class=\" wall-content\">Suivez toute l\u2019actualit\u00e9 de vos villes et m\u00e9dias favoris en vous inscrivant \u00e0 <a href=\"https:\/\/moncompte.actu.fr\" title=\"D\u00e9couvez Mon Actu\" rel=\"nofollow noopener\" data-trk=\"{&quot;cta&quot;:{&quot;action&quot;:&quot;https:\\\/\\\/moncompte.actu.fr&quot;,&quot;category&quot;:&quot;mon compte&quot;,&quot;from&quot;:&quot;article footer&quot;,&quot;name&quot;:&quot;Mon actu&quot;,&quot;type&quot;:&quot;cta&quot;}}\" target=\"_blank\">Mon Actu<\/a>.<\/p>\n","protected":false},"excerpt":{"rendered":"Par L\u00e9a Afonso Publi\u00e9 le 9 avr. 2025 \u00e0 7h36 Les pompiers du SDIS 31 sont intervenus ce&hellip;\n","protected":false},"author":2,"featured_media":12259,"comment_status":"","ping_status":"","sticky":false,"template":"","format":"standard","meta":{"footnotes":""},"categories":[2816],"tags":[1111,11,1777,674,118,1011,27,1310,12,2680,1311,25,2312],"class_list":{"0":"post-12258","1":"post","2":"type-post","3":"status-publish","4":"format-standard","5":"has-post-thumbnail","7":"category-toulouse","8":"tag-actu","9":"tag-actualites","10":"tag-eu","11":"tag-europe","12":"tag-faits-divers","13":"tag-fr","14":"tag-france","15":"tag-incendie","16":"tag-news","17":"tag-occitanie","18":"tag-pompiers","19":"tag-republique-francaise","20":"tag-toulouse"},"share_on_mastodon":{"url":"https:\/\/pubeurope.com\/@fr\/114307281915183759","error":""},"_links":{"self":[{"href":"https:\/\/www.europesays.com\/fr\/wp-json\/wp\/v2\/posts\/12258","targetHints":{"allow":["GET"]}}],"collection":[{"href":"https:\/\/www.europesays.com\/fr\/wp-json\/wp\/v2\/posts"}],"about":[{"href":"https:\/\/www.europesays.com\/fr\/wp-json\/wp\/v2\/types\/post"}],"author":[{"embeddable":true,"href":"https:\/\/www.europesays.com\/fr\/wp-json\/wp\/v2\/users\/2"}],"replies":[{"embeddable":true,"href":"https:\/\/www.europesays.com\/fr\/wp-json\/wp\/v2\/comments?post=12258"}],"version-history":[{"count":0,"href":"https:\/\/www.europesays.com\/fr\/wp-json\/wp\/v2\/posts\/12258\/revisions"}],"wp:featuredmedia":[{"embeddable":true,"href":"https:\/\/www.europesays.com\/fr\/wp-json\/wp\/v2\/media\/12259"}],"wp:attachment":[{"href":"https:\/\/www.europesays.com\/fr\/wp-json\/wp\/v2\/media?parent=12258"}],"wp:term":[{"taxonomy":"category","embeddable":true,"href":"https:\/\/www.europesays.com\/fr\/wp-json\/wp\/v2\/categories?post=12258"},{"taxonomy":"post_tag","embeddable":true,"href":"https:\/\/www.europesays.com\/fr\/wp-json\/wp\/v2\/tags?post=12258"}],"curies":[{"name":"wp","href":"https:\/\/api.w.org\/{rel}","templated":true}]}}