{"id":122580,"date":"2025-05-23T18:07:10","date_gmt":"2025-05-23T18:07:10","guid":{"rendered":"https:\/\/www.europesays.com\/fr\/122580\/"},"modified":"2025-05-23T18:07:10","modified_gmt":"2025-05-23T18:07:10","slug":"fermeture-administrative-pour-cette-epicerie","status":"publish","type":"post","link":"https:\/\/www.europesays.com\/fr\/122580\/","title":{"rendered":"fermeture administrative pour cette \u00e9picerie"},"content":{"rendered":"<p>\n\t\t\t\t\tLe pr\u00e9fet de l&rsquo;H\u00e9rault a annonc\u00e9 sur Facebook  une nouvelle fermeture administrative pour une \u00e9picerie dans Montpellier.\t\t\t\t<\/p>\n<p>\n\t\t\t\t\t\t\t\t\t\u00a9 Pr\u00e9fet de l\u2019H\u00e9rault \u2013 nouvelle fermeture administrative.\t\t\t\t\t\t\t\t<\/p>\n<p><a href=\"https:\/\/www.facebook.com\/story.php?story_fbid=1003090901997079&amp;id=100068885363511&amp;rdid=2sfrna1R7ZZLhQCL\" target=\"_blank\" rel=\"nofollow noreferrer noopener\">Le pr\u00e9fet de l\u2019H\u00e9rault<\/a> a ordonn\u00e9 la fermeture administrative de l\u2019\u00e9picerie <strong>\u00ab Sucr\u00e9 Sal\u00e9 \u00bb<\/strong>, situ\u00e9e rue Anatole France \u00e0 <a href=\"https:\/\/infoccitanie.fr\/tag\/montpellier\/\" target=\"_blank\" rel=\"noreferrer noopener nofollow\">Montpellier<\/a>. La mesure, <strong>effective pour six mois<\/strong>, fait suite \u00e0 plusieurs infractions constat\u00e9es.<\/p>\n<p>Vente de produits ill\u00e9gaux :<\/p>\n<p>L\u2019\u00e9picerie est sanctionn\u00e9e pour <strong>d\u00e9tention frauduleuse de tabac<\/strong> destin\u00e9 \u00e0 la revente, ainsi que pour la commercialisation de <strong>miel aphrodisiaque<\/strong>. Les autorit\u00e9s ont \u00e9galement relev\u00e9 la vente de mat\u00e9riel facilitant l\u2019<strong>extraction de protoxyde d\u2019azote<\/strong>, une substance utilis\u00e9e pour ses effets psychoactifs.<\/p>\n<p>Face \u00e0 ces infractions, la pr\u00e9fecture a d\u00e9cid\u00e9 de suspendre l\u2019activit\u00e9 du commerce pour une <strong>dur\u00e9e de six mois<\/strong>. Cette fermeture vise \u00e0 lutter contre la vente ill\u00e9gale de produits sensibles et \u00e0 prot\u00e9ger les consommateurs.<\/p>\n<p><a data-no-instant=\"1\" href=\"https:\/\/billetterie.usam-nimesgard.fr\/\" rel=\"noopener nofollow\" class=\"a2t-link\" aria-label=\"937-image\" target=\"_blank\"><img decoding=\"async\" src=\"https:\/\/www.europesays.com\/fr\/wp-content\/uploads\/2025\/05\/1747881795_747_937-image.png\" alt=\"\"  \/><\/a>\t\t\t\t<\/p>\n","protected":false},"excerpt":{"rendered":"Le pr\u00e9fet de l&rsquo;H\u00e9rault a annonc\u00e9 sur Facebook une nouvelle fermeture administrative pour une \u00e9picerie dans Montpellier. \u00a9&hellip;\n","protected":false},"author":2,"featured_media":122581,"comment_status":"","ping_status":"","sticky":false,"template":"","format":"standard","meta":{"footnotes":""},"categories":[9599],"tags":[1111,11,1777,674,13624,1011,27,2208,12,2680,25],"class_list":{"0":"post-122580","1":"post","2":"type-post","3":"status-publish","4":"format-standard","5":"has-post-thumbnail","7":"category-montpellier","8":"tag-actu","9":"tag-actualites","10":"tag-eu","11":"tag-europe","12":"tag-fermeture-administrative","13":"tag-fr","14":"tag-france","15":"tag-montpellier","16":"tag-news","17":"tag-occitanie","18":"tag-republique-francaise"},"share_on_mastodon":{"url":"https:\/\/pubeurope.com\/@fr\/114558484223094386","error":""},"_links":{"self":[{"href":"https:\/\/www.europesays.com\/fr\/wp-json\/wp\/v2\/posts\/122580","targetHints":{"allow":["GET"]}}],"collection":[{"href":"https:\/\/www.europesays.com\/fr\/wp-json\/wp\/v2\/posts"}],"about":[{"href":"https:\/\/www.europesays.com\/fr\/wp-json\/wp\/v2\/types\/post"}],"author":[{"embeddable":true,"href":"https:\/\/www.europesays.com\/fr\/wp-json\/wp\/v2\/users\/2"}],"replies":[{"embeddable":true,"href":"https:\/\/www.europesays.com\/fr\/wp-json\/wp\/v2\/comments?post=122580"}],"version-history":[{"count":0,"href":"https:\/\/www.europesays.com\/fr\/wp-json\/wp\/v2\/posts\/122580\/revisions"}],"wp:featuredmedia":[{"embeddable":true,"href":"https:\/\/www.europesays.com\/fr\/wp-json\/wp\/v2\/media\/122581"}],"wp:attachment":[{"href":"https:\/\/www.europesays.com\/fr\/wp-json\/wp\/v2\/media?parent=122580"}],"wp:term":[{"taxonomy":"category","embeddable":true,"href":"https:\/\/www.europesays.com\/fr\/wp-json\/wp\/v2\/categories?post=122580"},{"taxonomy":"post_tag","embeddable":true,"href":"https:\/\/www.europesays.com\/fr\/wp-json\/wp\/v2\/tags?post=122580"}],"curies":[{"name":"wp","href":"https:\/\/api.w.org\/{rel}","templated":true}]}}