{"id":122582,"date":"2025-05-23T18:08:07","date_gmt":"2025-05-23T18:08:07","guid":{"rendered":"https:\/\/www.europesays.com\/fr\/122582\/"},"modified":"2025-05-23T18:08:07","modified_gmt":"2025-05-23T18:08:07","slug":"a-rouen-il-harcele-plus-de-20-femmes-par-telephone","status":"publish","type":"post","link":"https:\/\/www.europesays.com\/fr\/122582\/","title":{"rendered":"\u00e0 Rouen, il harc\u00e8le plus de 20 femmes par t\u00e9l\u00e9phone"},"content":{"rendered":"<p>            Par<br \/>\n        <strong><br \/>\n            <a href=\"https:\/\/actu.fr\/auteur\/yann-rivallan\" title=\"Consulter tous les articles de Yann Rivallan\" rel=\"nofollow noopener\" target=\"_blank\">Yann Rivallan<\/a><br \/>\n        <\/strong><\/p>\n<p>        Publi\u00e9 le<\/p>\n<p>            23 mai 2025 \u00e0 19h20        <\/p>\n<p>\u00ab\u2009Ma ch\u00e9ri, tu ne me connais pas mais moi je te connais\u2026 J\u2019ai envie de te voir.\u2009\u00bb C\u2019est, en substance, ce qu\u2019ont pu entendre <strong>au t\u00e9l\u00e9phone de nombreuses femmes<\/strong> d\u2019un parfait inconnu cach\u00e9 derri\u00e8re un num\u00e9ro masqu\u00e9. \u00ab\u2009Il connaissait mon nom, mon adresse et mon num\u00e9ro de t\u00e9l\u00e9phone\u2009\u00bb, se d\u00e9sole une des victimes dans un d\u00e9p\u00f4t de plainte.<\/p>\n<p class=\" wall-content\">Face au tribunal de Rouen, jeudi 22\u00a0mai 2025, Bastien* assure pourtant ne <strong>se souvenir de rien<\/strong>. Cet homme de 43\u00a0ans est accus\u00e9 d\u2019avoir harcel\u00e9 par t\u00e9l\u00e9phone, parfois pendant plusieurs ann\u00e9es, 22 femmes, d\u2019\u00e2ges et d\u2019horizons diff\u00e9rents.<\/p>\n<p>Des appels jusqu\u2019\u00e0 2h du matin<\/p>\n<p class=\" wall-content\">Selon les investigations, Bastien aurait appel\u00e9 ces 22 femmes \u00e0 l\u2019aide de 5 lignes t\u00e9l\u00e9phoniques diff\u00e9rentes entre\u00a02019 et\u00a02024. Il appelait r\u00e9guli\u00e8rement <strong>en \u00ab\u2009num\u00e9ro masqu\u00e9\u2009\u00bb<\/strong>, note le juge du tribunal et utilisait <strong>de faux noms<\/strong> comme Christophe ou Nicolas.<\/p>\n<p class=\" wall-content\">Il appelait ses victimes parfois jusque tr\u00e8s tard dans la nuit. L\u2019une d\u2019elles dit avoir re\u00e7u jusqu\u2019\u00e0 100 appels dans l\u2019heure. D\u2019autres parlent de coups de fil intempestifs <strong>jusqu\u2019\u00e0 2\u00a0heures du matin<\/strong>.<\/p>\n<p class=\" wall-content\">Et toutes accusent \u00ab\u2009une grande angoisse\u2009\u00bb. Car l\u2019homme \u00e0 l\u2019autre bout du fil <strong>conna\u00eet particuli\u00e8rement bien leur vie<\/strong>. Une jeune fille, \u00e2g\u00e9e de 12\u00a0ans au moment des faits, dit par exemple que Bastien se serait fait passer pour une connaissance de sa m\u00e8re pour pouvoir discuter avec elle par t\u00e9l\u00e9phone. \u00ab\u2009Il connaissait son nom de jeune fille\u2009\u00bb, s\u2019\u00e9tonne son avocate.<\/p>\n<p class=\" wall-content\">En plus de messages explicites du pr\u00e9venu, comme\u2009: \u00ab\u2009Je vais venir te faire l\u2019amour\u2009\u00bb, plusieurs victimes disent \u00ab\u2009ne plus se sentir en s\u00e9curit\u00e9, m\u00eame aujourd\u2019hui\u2009\u00bb. Autre \u00e9l\u00e9ment troublant\u2009: la plupart des victimes de Bastien \u00e9taient souvent <strong>seules et isol\u00e9es<\/strong> au moment des appels anonymes. De quoi g\u00e9n\u00e9rer encore plus d\u2019anxi\u00e9t\u00e9.<\/p>\n<p>\u00ab\u2009Je ne me rappelle pas\u2009\u00bb<\/p>\n<p class=\" wall-content\">\u00c0 la barre, l\u2019homme de 43\u00a0ans, surv\u00eatement de sport sur le dos, <strong>rejette la faute \u00ab\u2009sur l\u2019alcool\u2009\u00bb<\/strong>. S\u2019il reconna\u00eet bien les faits, il dit n\u2019avoir aucun souvenir des nombreux appels t\u00e9l\u00e9phoniques.<\/p>\n<blockquote class=\"ac-article-quote wall-content\">\n<p>Je le faisais sous alcool donc je ne me rappelle pas.<\/p>\n<p>    <strong>Bastien<\/strong><br \/>\n        Accus\u00e9 de harc\u00e8lement sur 22 femmes    <\/p><\/blockquote>\n<p class=\" wall-content\">\u00ab\u2009Comment vous expliquez votre comportement\u2009?\u2009\u00bb, questionne le juge. \u00ab\u2009Ce n\u2019est pas bien mais je ne me rappelle pas. Je ne l\u2019aurais jamais fait si j\u2019\u00e9tais \u00e0 jeun\u2009\u00bb, r\u00e9torque le pr\u00e9venu.<\/p>\n<p>Des num\u00e9ros trouv\u00e9s \u00ab\u2009sur les pages blanches\u2009\u00bb\u2009?<\/p>\n<p class=\" wall-content\">\u00ab\u2009Mais il fallait quand m\u00eame faire un sacr\u00e9 travail d\u2019investigation pour retrouver autant d\u2019informations sur les victimes\u2009\u00bb, s\u2019interroge une des avocates des parties civiles. Selon les vagues souvenirs de Bastien, il trouvait les num\u00e9ros de portable <strong>\u00ab\u2009sur les pages blanches ou sur Facebook\u2009\u00bb<\/strong>.<\/p>\n<p class=\" wall-content\">Une m\u00e9thode que les parties civiles ont \u00ab\u2009du mal \u00e0 croire\u2009\u00bb, tant certaines informations \u00e9taient priv\u00e9es et difficilement trouvables en ligne, pour ne pas dire impossible. \u00ab\u2009C\u2019est particuli\u00e8rement inqui\u00e9tant pour les victimes de ne pas savoir comment vous avez r\u00e9cup\u00e9r\u00e9 autant d\u2019informations sur elles\u2009\u00bb, s\u2019indigne une des avocates des parties civiles.<\/p>\n<p>Bien connu de la justice<\/p>\n<p class=\" wall-content\">Surtout, Bastien est d\u00e9j\u00e0 <strong>d\u00e9favorablement connu de la justice<\/strong>. Le juge revient sur l\u2019ensemble de son \u0153uvre\u2009: \u00ab\u2009Une condamnation en 2012 pour violences conjugales, une deuxi\u00e8me en 2013 avec des appels malveillants, des violences avec arme en 2018, des violences en \u00e9tat d\u2019ivresse sur votre m\u00e8re en 2021\u2026\u2009\u00bb<\/p>\n<p class=\" wall-content\">\u00ab\u2009On vous a laiss\u00e9 plusieurs chances Monsieur\u2009\u00bb, s\u2019agace le juge. \u00ab\u2009C\u2019est la derni\u00e8re fois, j\u2019arr\u00eate mes conneries\u2009\u00bb, assure le pr\u00e9venu. Mais le juge a \u00ab\u2009du mal \u00e0 [le] croire\u2009\u00bb.<\/p>\n<p class=\" wall-content\">Au titre de leur pr\u00e9judice moral, <strong>9 victimes se sont constitu\u00e9es partie civile<\/strong>. Pour l\u2019angoisse, les insomnies et \u00ab\u2009le calvaire\u2009\u00bb, rapport\u00e9 par certaines, elles r\u00e9clament toutes un d\u00e9dommagement financier \u00e0 leur harceleur de 43\u00a0ans.<\/p>\n<p class=\" wall-content\">La procureure de la R\u00e9publique requiert pour sa part une peine de<strong> 18\u00a0mois de prison avec un sursis<\/strong> probatoire de 3\u00a0ans, une indemnisation des victimes, une interdiction d\u2019entrer \u00e0 nouveau en contact avec elles et d\u2019approcher de leur domicile. De plus, elle demande une obligation de soins, notamment pour son addiction \u00e0 l\u2019alcool.<\/p>\n<p>Trois ans de prison avec sursis<\/p>\n<p class=\" wall-content\">Pour l\u2019avocate de Bastien, il faut prendre en compte le parcours de vie chaotique de son client et sa grande solitude. \u00ab\u2009Il se sent seul, d\u00e9fend son conseil. Ses messages n\u2019\u00e9taient pas empreints de violence mais <strong>il a cherch\u00e9 du r\u00e9confort<\/strong> de mani\u00e8re extr\u00eamement maladroite.\u2009\u00bb<\/p>\n<p class=\" wall-content\">Sur l\u2019alcool, \u00ab\u2009c\u2019\u00e9tait devenu une habitude pour lui\u2009\u00bb. Elle persiste donc \u00e0 croire que son client a \u00ab\u2009v\u00e9ritablement oubli\u00e9\u2009\u00bb comment il avait trouv\u00e9 les contacts des victimes. Mais \u00ab\u2009je ne pense pas qu\u2019il avait l\u2019intelligence n\u00e9cessaire pour aller fouiller dans leur intimit\u00e9\u2009\u00bb, poursuit l\u2019avocate.<\/p>\n<blockquote class=\"ac-article-quote wall-content\">\n<p>Il a probablement trouv\u00e9 tout \u00e7a sur internet ou sur les pages blanches.<\/p>\n<p>    <strong>L&rsquo;avocate de la d\u00e9fense<\/strong>\n            <\/p><\/blockquote>\n<p class=\" wall-content\">Elle demande que l\u2019on reconnaisse son client coupable pour l\u2019ensemble des faits. Mais elle prie le juge de ramener les montants des indemnisations \u00e0 des montants \u00ab\u2009plus raisonnables\u2009\u00bb, notamment parce que son client est au RSA.<\/p>\n<p class=\" wall-content\">Au final, Bastien est reconnu coupable de l\u2019ensemble des faits. Il \u00e9cope d\u2019une peine sup\u00e9rieure aux r\u00e9quisitions\u2009: <strong>3\u00a0ans de prison assortis d\u2019un sursis<\/strong> probatoire de 3\u00a0ans**. Il devra \u00e9galement <strong>indemniser un total de 11\u2009500\u00a0euros<\/strong> \u00e0 neuf de ses victimes. Il a interdiction d\u2019entrer en contact avec elle ou de les approcher. Il a aussi une obligation de soins et va devoir chercher du travail.<\/p>\n<p class=\" wall-content\">Le juge assure avoir fait preuve \u00ab\u2009d\u2019indulgence\u2009\u00bb, au regard de l\u2019\u00e9tat de sant\u00e9 du pr\u00e9venu, qui souffre actuellement d\u2019une grave maladie respiratoire. \u00ab\u2009Mais la prochaine fois, \u00e7a ne passera pas\u2009\u00bb, pr\u00e9vient-il.<\/p>\n<p class=\" wall-content\">*Le pr\u00e9nom a \u00e9t\u00e9 modifi\u00e9<\/p>\n<p class=\" wall-content\">**Cette peine est susceptible d\u2019appel. Tout justiciable demeure pr\u00e9sum\u00e9 innocent tant que toutes les voies de recours n\u2019ont pas \u00e9t\u00e9 \u00e9puis\u00e9es<\/p>\n<p class=\" wall-content\">Suivez toute l\u2019actualit\u00e9 de vos villes et m\u00e9dias favoris en vous inscrivant \u00e0 <a href=\"https:\/\/moncompte.actu.fr\" title=\"D\u00e9couvez Mon Actu\" rel=\"nofollow noopener\" data-trk=\"{&quot;cta&quot;:{&quot;action&quot;:&quot;https:\\\/\\\/moncompte.actu.fr&quot;,&quot;category&quot;:&quot;mon compte&quot;,&quot;from&quot;:&quot;article footer&quot;,&quot;name&quot;:&quot;Mon actu&quot;,&quot;type&quot;:&quot;cta&quot;}}\" target=\"_blank\">Mon Actu<\/a>.<\/p>\n<ul class=\"ac-article-tag wall-content\">\n<li><a href=\"https:\/\/actu.fr\/tag\/justice\" data-trk=\"{&quot;cta&quot;:{&quot;action&quot;:&quot;Justice&quot;,&quot;category&quot;:&quot;tag&quot;,&quot;from&quot;:&quot;article footer&quot;,&quot;name&quot;:&quot;Justice&quot;,&quot;type&quot;:&quot;cta&quot;}}\" rel=\"nofollow noopener\" target=\"_blank\">#Justice<\/a><\/li>\n<li><a href=\"https:\/\/actu.fr\/tag\/tribunal-de-rouen\" data-trk=\"{&quot;cta&quot;:{&quot;action&quot;:&quot;Tribunal de Rouen&quot;,&quot;category&quot;:&quot;tag&quot;,&quot;from&quot;:&quot;article footer&quot;,&quot;name&quot;:&quot;Tribunal de Rouen&quot;,&quot;type&quot;:&quot;cta&quot;}}\" rel=\"nofollow noopener\" target=\"_blank\">#Tribunal de Rouen<\/a><\/li>\n<\/ul>\n","protected":false},"excerpt":{"rendered":"Par Yann Rivallan Publi\u00e9 le 23 mai 2025 \u00e0 19h20 \u00ab\u2009Ma ch\u00e9ri, tu ne me connais pas mais&hellip;\n","protected":false},"author":2,"featured_media":122583,"comment_status":"","ping_status":"","sticky":false,"template":"","format":"standard","meta":{"footnotes":""},"categories":[9587],"tags":[1111,11,1777,674,118,1011,27,303,12,5161,25,9590,13682],"class_list":{"0":"post-122582","1":"post","2":"type-post","3":"status-publish","4":"format-standard","5":"has-post-thumbnail","7":"category-rouen","8":"tag-actu","9":"tag-actualites","10":"tag-eu","11":"tag-europe","12":"tag-faits-divers","13":"tag-fr","14":"tag-france","15":"tag-justice","16":"tag-news","17":"tag-normandie","18":"tag-republique-francaise","19":"tag-rouen","20":"tag-tribunal-de-rouen"},"share_on_mastodon":{"url":"https:\/\/pubeurope.com\/@fr\/114558487940605492","error":""},"_links":{"self":[{"href":"https:\/\/www.europesays.com\/fr\/wp-json\/wp\/v2\/posts\/122582","targetHints":{"allow":["GET"]}}],"collection":[{"href":"https:\/\/www.europesays.com\/fr\/wp-json\/wp\/v2\/posts"}],"about":[{"href":"https:\/\/www.europesays.com\/fr\/wp-json\/wp\/v2\/types\/post"}],"author":[{"embeddable":true,"href":"https:\/\/www.europesays.com\/fr\/wp-json\/wp\/v2\/users\/2"}],"replies":[{"embeddable":true,"href":"https:\/\/www.europesays.com\/fr\/wp-json\/wp\/v2\/comments?post=122582"}],"version-history":[{"count":0,"href":"https:\/\/www.europesays.com\/fr\/wp-json\/wp\/v2\/posts\/122582\/revisions"}],"wp:featuredmedia":[{"embeddable":true,"href":"https:\/\/www.europesays.com\/fr\/wp-json\/wp\/v2\/media\/122583"}],"wp:attachment":[{"href":"https:\/\/www.europesays.com\/fr\/wp-json\/wp\/v2\/media?parent=122582"}],"wp:term":[{"taxonomy":"category","embeddable":true,"href":"https:\/\/www.europesays.com\/fr\/wp-json\/wp\/v2\/categories?post=122582"},{"taxonomy":"post_tag","embeddable":true,"href":"https:\/\/www.europesays.com\/fr\/wp-json\/wp\/v2\/tags?post=122582"}],"curies":[{"name":"wp","href":"https:\/\/api.w.org\/{rel}","templated":true}]}}