{"id":122590,"date":"2025-05-23T18:13:12","date_gmt":"2025-05-23T18:13:12","guid":{"rendered":"https:\/\/www.europesays.com\/fr\/122590\/"},"modified":"2025-05-23T18:13:12","modified_gmt":"2025-05-23T18:13:12","slug":"une-operation-de-recyclage-urbain-sans-precedent","status":"publish","type":"post","link":"https:\/\/www.europesays.com\/fr\/122590\/","title":{"rendered":"une op\u00e9ration de recyclage urbain sans pr\u00e9c\u00e9dent"},"content":{"rendered":"<p>\nUn nouveau chapitre de l&rsquo;histoire hospitali\u00e8re de Rennes (Ille-et-Vilaine) va s&rsquo;ouvrir. Implant\u00e9s dans le quartier du Blosne, l&rsquo;h\u00f4pital Sud, sa maternit\u00e9 de niveau 3 et l&rsquo;ensemble de ses activit\u00e9s de sant\u00e9 rejoindront bient\u00f4t le site de Pontchaillou actuellement en profonde restructuration. \u00ab La v\u00e9tust\u00e9, l&rsquo;inadaptation des b\u00e2timents actuels et la dispersion g\u00e9ographique des activit\u00e9s, sp\u00e9cialit\u00e9s et \u00e9quipes expliquent ce choix strat\u00e9gique \u00bb, souligne l&rsquo;ex-directrice g\u00e9n\u00e9rale du CHU, V\u00e9ronique Anatole-Touzet, qui a quitt\u00e9 ses fonctions le 1er mai dernier (en attendant la nomination de son successeur, l&rsquo;int\u00e9rim est assur\u00e9 par Anne Kittler, directrice g\u00e9n\u00e9rale adjointe).<\/p>\n<p>\nAujourd&rsquo;hui, le personnel et les patients parcourent chaque ann\u00e9e quelque 340 000 km entre les deux sites du CHU. Le regroupement \u00e0 Pontchaillou limitera leurs d\u00e9placements tout en rapprochant la maternit\u00e9 des urgences et des services de soins sp\u00e9cialis\u00e9s. Con\u00e7u pour s&rsquo;adapter aux \u00e9volutions d\u00e9mographiques comme technologiques, le futur p\u00f4le m\u00e8re-enfant actuellement en chantier accueillera l&rsquo;ensemble des activit\u00e9s de l&rsquo;h\u00f4pital Sud au sein d&rsquo;un m\u00eame b\u00e2timent de 40 000 m2 r\u00e9partis sur huit niveaux.<\/p>\n<p>Un ruisseau canalis\u00e9 \u00e0 renaturer<\/p>\n<p>\nPr\u00e9vu en 2028, ce transfert des activit\u00e9s lib\u00e9rera 7 ha dans le quartier du Blosne, en bordure de la rocade. Un vaste terrain que Rennes M\u00e9tropole a souhait\u00e9 acqu\u00e9rir. L&rsquo;op\u00e9ration d&rsquo;am\u00e9nagement qui y est envisag\u00e9e s&rsquo;inscrira dans une d\u00e9marche de recyclage urbain sans pr\u00e9c\u00e9dent. \u00ab L&rsquo;h\u00f4pital Sud est la derni\u00e8re pi\u00e8ce, et pas la moindre, de la ZUP Sud d\u00e9marr\u00e9e dans les ann\u00e9es 1960. Sa transformation s&rsquo;inscrit aujourd&rsquo;hui dans la dynamique de renouvellement urbain du quartier du Blosne dans le cadre du NPNRU \u00bb, souligne Marc Herv\u00e9, premier adjoint en charge de l&rsquo;urbanisme.<\/p>\n<p>\nSi rien n&rsquo;est encore programm\u00e9, la collectivit\u00e9 a d&rsquo;ores et d\u00e9j\u00e0 pos\u00e9 les grandes orientations qui guideront le projet : mixit\u00e9 fonctionnelle, logistique urbaine, activit\u00e9s productives et \u00e9conomie circulaire, services publics et enseignement sup\u00e9rieur, logement\u2026 Le projet s&rsquo;accompagnera d&rsquo;un volet renaturation.<\/p>\n<p>\nActuellement canalis\u00e9 sous la rocade, le Blosne, le ruisseau qui a donn\u00e9 son nom au quartier, sera restaur\u00e9 au b\u00e9n\u00e9fice de la biodiversit\u00e9 et des liens ville-campagne.<\/p>\n<p>\nEdifi\u00e9 dans les ann\u00e9es 1980, le b\u00e2timent d&rsquo;origine, un vaisseau de b\u00e9ton en forme de X, affiche une surface de plancher de 56 000 m2 . \u00ab La conservation de cette architecture hospitali\u00e8re dite Fontenoy a \u00e9t\u00e9 pos\u00e9e par la m\u00e9tropole dans une logique de r\u00e9emploi et de construction d\u00e9carbon\u00e9e \u00bb, poursuit Marc Herv\u00e9.<\/p>\n<p>\nTout reste donc \u00e0 imaginer. Y compris la phase d&rsquo;urbanisme transitoire qui pr\u00e9c\u00e9dera le projet futur. C&rsquo;est dans cette logique prospective qu&rsquo;ont travaill\u00e9 des \u00e9tudiants urbanistes, \u00e9cologues, ing\u00e9nieurs, rejoints par les jeunes architectes du concours Europan. Pr\u00e9sent\u00e9es dans le cadre d&rsquo;une exposition itin\u00e9rante, leurs propositions concilient les caract\u00e9ristiques techniques de l&rsquo;existant avec les enjeux urbains, sociaux et environnementaux. La reconversion d&rsquo;envergure de l&rsquo;ancien site de l&rsquo;h\u00f4pital Sud devrait \u00eatre finalis\u00e9e \u00e0 l&rsquo;horizon 2038.<\/p>\n","protected":false},"excerpt":{"rendered":"Un nouveau chapitre de l&rsquo;histoire hospitali\u00e8re de Rennes (Ille-et-Vilaine) va s&rsquo;ouvrir. Implant\u00e9s dans le quartier du Blosne, l&rsquo;h\u00f4pital&hellip;\n","protected":false},"author":2,"featured_media":122591,"comment_status":"","ping_status":"","sticky":false,"template":"","format":"standard","meta":{"footnotes":""},"categories":[2821],"tags":[1111,11,1350,829,1777,674,1011,27,2777,848,12,6534,4916,584,25,12926],"class_list":{"0":"post-122590","1":"post","2":"type-post","3":"status-publish","4":"format-standard","5":"has-post-thumbnail","7":"category-rennes","8":"tag-actu","9":"tag-actualites","10":"tag-architecture","11":"tag-bretagne","12":"tag-eu","13":"tag-europe","14":"tag-fr","15":"tag-france","16":"tag-hopitaux","17":"tag-ille-et-vilaine","18":"tag-news","19":"tag-ouest-et-centre","20":"tag-projets","21":"tag-rennes","22":"tag-republique-francaise","23":"tag-restructuration"},"share_on_mastodon":{"url":"https:\/\/pubeurope.com\/@fr\/114558507730656441","error":""},"_links":{"self":[{"href":"https:\/\/www.europesays.com\/fr\/wp-json\/wp\/v2\/posts\/122590","targetHints":{"allow":["GET"]}}],"collection":[{"href":"https:\/\/www.europesays.com\/fr\/wp-json\/wp\/v2\/posts"}],"about":[{"href":"https:\/\/www.europesays.com\/fr\/wp-json\/wp\/v2\/types\/post"}],"author":[{"embeddable":true,"href":"https:\/\/www.europesays.com\/fr\/wp-json\/wp\/v2\/users\/2"}],"replies":[{"embeddable":true,"href":"https:\/\/www.europesays.com\/fr\/wp-json\/wp\/v2\/comments?post=122590"}],"version-history":[{"count":0,"href":"https:\/\/www.europesays.com\/fr\/wp-json\/wp\/v2\/posts\/122590\/revisions"}],"wp:featuredmedia":[{"embeddable":true,"href":"https:\/\/www.europesays.com\/fr\/wp-json\/wp\/v2\/media\/122591"}],"wp:attachment":[{"href":"https:\/\/www.europesays.com\/fr\/wp-json\/wp\/v2\/media?parent=122590"}],"wp:term":[{"taxonomy":"category","embeddable":true,"href":"https:\/\/www.europesays.com\/fr\/wp-json\/wp\/v2\/categories?post=122590"},{"taxonomy":"post_tag","embeddable":true,"href":"https:\/\/www.europesays.com\/fr\/wp-json\/wp\/v2\/tags?post=122590"}],"curies":[{"name":"wp","href":"https:\/\/api.w.org\/{rel}","templated":true}]}}