{"id":122592,"date":"2025-05-23T18:14:19","date_gmt":"2025-05-23T18:14:19","guid":{"rendered":"https:\/\/www.europesays.com\/fr\/122592\/"},"modified":"2025-05-23T18:14:19","modified_gmt":"2025-05-23T18:14:19","slug":"travaux-a-strasbourg-cette-place-du-centre-ville-va-totalement-changer-de-visage","status":"publish","type":"post","link":"https:\/\/www.europesays.com\/fr\/122592\/","title":{"rendered":"Travaux \u00e0 Strasbourg. Cette place du centre-ville va totalement changer de visage"},"content":{"rendered":"<p>            Par<br \/>\n        <strong><br \/>\n            <a href=\"https:\/\/actu.fr\/auteur\/margot-fournie\" title=\"Consulter tous les articles de Margot Fournie\" target=\"_blank\" rel=\"noopener\">Margot Fournie<\/a><br \/>\n        <\/strong><\/p>\n<p>        Publi\u00e9 le<\/p>\n<p>            23 mai 2025 \u00e0 19h25        <\/p>\n<p>En 2025, la Ville de <a href=\"https:\/\/actu.fr\/strasbourg\/\" target=\"_blank\" rel=\"noopener\">Strasbourg<\/a> va poursuivre la <a href=\"https:\/\/actu.fr\/grand-est\/strasbourg_67482\/strasbourg-voici-les-rues-et-places-qui-seront-vegetalisees-en-2025_62374870.html\" target=\"_blank\" rel=\"noopener\">v\u00e9g\u00e9talisation de nombreuses rues<\/a>, comme <a href=\"https:\/\/actu.fr\/grand-est\/strasbourg_67482\/cette-rue-frequentee-de-strasbourg-va-se-transformer-voici-a-quoi-elle-va-ressembler_62676003.html\" target=\"_blank\" rel=\"noopener\">la rue Saint-Di\u00e9<\/a>.\u00a0Mais aussi de places.<\/p>\n<p class=\" wall-content\">Celle du Temple Neuf en fait partie. <a href=\"https:\/\/actu.fr\/grand-est\/strasbourg_67482\/strasbourg-c-est-quoi-ces-gros-travaux-en-cours-sur-la-place-du-temple-neuf_62435660.html\" target=\"_blank\" rel=\"noopener\">En chantier en mars dernier<\/a>, elle a fait l\u2019objet d\u2019une <strong>d\u00e9min\u00e9ralisation<\/strong> et de la <strong>suppression des voitures<\/strong> en 2022. Et <strong>plusieurs am\u00e9nagements<\/strong> ont \u00e9t\u00e9 test\u00e9s. Le <strong>plan d\u00e9finitif <\/strong>a\u00a0fait l\u2019objet d\u2019une <strong>pr\u00e9sentation jeudi 22\u00a0mai<\/strong>.<\/p>\n<p>La place va changer de visage<\/p>\n<p class=\" wall-content\">Concr\u00e8tement, le goudron actuel qui forme la chauss\u00e9e sera remplac\u00e9 par <strong>des pav\u00e9s en granit<\/strong> proches de ceux utilis\u00e9s pour <a href=\"https:\/\/actu.fr\/grand-est\/strasbourg_67482\/travaux-a-strasbourg-cet-axe-du-centre-ville-va-devenir-definitivement-pieton_62399745.html\" target=\"_blank\" rel=\"noopener\">la rue du Jeux-des-Enfants<\/a>. Et le parvis de l\u2019\u00e9glise sera en gr\u00e8s naturel.<\/p>\n<p class=\" wall-content\">\u00ab\u2009On d\u00e9veloppe un peu une <strong>nouvelle identit\u00e9<\/strong> dans le cadre des secteurs sauvegard\u00e9s\u2009\u00bb, explique Syamak Agha Babaei, premier adjoint de la maire de Strasbourg.<\/p>\n<p class=\" wall-content\">Le petit parc va b\u00e9n\u00e9ficier de <strong>nouveaux mobiliers<\/strong> avec des bancs, des chaises, mais aussi des tables de pique-nique.<\/p>\n<p>Vid\u00e9os : en ce moment sur ActuDes bornes seront install\u00e9es<\/p>\n<p class=\" wall-content\">Le sens de circulation actuel restera le m\u00eame.<\/p>\n<p class=\" wall-content\">Et \u00ab\u2009des <strong>bornes<\/strong> seront pos\u00e9es pour permettre \u00e0 <strong>l\u2019\u00e9glise d\u2019avoir un vrai parvis<\/strong>. Elles seront abaiss\u00e9es pour les livraisons. L\u2019id\u00e9e, c\u2019est de reproduire ce qui a \u00e9t\u00e9 fait place Saint Thomas\u2009\u00bb, lance Salem Drici, \u00e9lu r\u00e9f\u00e9rent du quartier de la Grande \u00cele.<\/p>\n<p class=\" wall-content\">\u00c0 noter que des <strong>arceaux \u00e0 v\u00e9lo<\/strong> seront pos\u00e9s pour encourager les mobilit\u00e9s douces.<\/p>\n<p>Les travaux seront finis en novembre<\/p>\n<p class=\" wall-content\">Les travaux, dont le<strong> co\u00fbt \u00e0 1\u2009700\u2009000\u00a0euros<\/strong> est partag\u00e9 par la Ville et l\u2019Eurom\u00e9tropole, <strong>commenceront en juin<\/strong>. La place sera livr\u00e9e \u00e0 la mi-novembre. Mais pourquoi a-t-elle\u00a0fait l\u2019objet de tant d\u2019attentions\u2009?<\/p>\n<p class=\" wall-content\">\u00ab\u2009Elle se trouve en <strong>parall\u00e8le<\/strong> de la <strong>rue des Grandes Arcades<\/strong>. Elle donne la <strong>possibilit\u00e9 aux pi\u00e9tons<\/strong> de profiter du centre-ville diff\u00e9remment, d\u2019avoir d\u2019autres circuits dans l\u2019hyper centre\u2009\u00bb, souligne Syamak Agha Babaei.<\/p>\n<p class=\" wall-content\">Suivez toute l\u2019actualit\u00e9 de vos villes et m\u00e9dias favoris en vous inscrivant \u00e0 <a href=\"https:\/\/moncompte.actu.fr\" title=\"D\u00e9couvez Mon Actu\" rel=\"nofollow noopener\" data-trk=\"{&quot;cta&quot;:{&quot;action&quot;:&quot;https:\\\/\\\/moncompte.actu.fr&quot;,&quot;category&quot;:&quot;mon compte&quot;,&quot;from&quot;:&quot;article footer&quot;,&quot;name&quot;:&quot;Mon actu&quot;,&quot;type&quot;:&quot;cta&quot;}}\" target=\"_blank\">Mon Actu<\/a>.<\/p>\n<ul class=\"ac-article-tag wall-content\">\n<li><a href=\"https:\/\/actu.fr\/tag\/eurometropole-de-strasbourg\" data-trk=\"{&quot;cta&quot;:{&quot;action&quot;:&quot;Eurom\\u00e9tropole de Strasbourg&quot;,&quot;category&quot;:&quot;tag&quot;,&quot;from&quot;:&quot;article footer&quot;,&quot;name&quot;:&quot;Eurom\\u00e9tropole de Strasbourg&quot;,&quot;type&quot;:&quot;cta&quot;}}\" target=\"_blank\" rel=\"noopener\">#Eurom\u00e9tropole de Strasbourg<\/a><\/li>\n<li><a href=\"https:\/\/actu.fr\/tag\/travaux\" data-trk=\"{&quot;cta&quot;:{&quot;action&quot;:&quot;Travaux&quot;,&quot;category&quot;:&quot;tag&quot;,&quot;from&quot;:&quot;article footer&quot;,&quot;name&quot;:&quot;Travaux&quot;,&quot;type&quot;:&quot;cta&quot;}}\" target=\"_blank\" rel=\"noopener\">#Travaux<\/a><\/li>\n<\/ul>\n","protected":false},"excerpt":{"rendered":"Par Margot Fournie Publi\u00e9 le 23 mai 2025 \u00e0 19h25 En 2025, la Ville de Strasbourg va poursuivre&hellip;\n","protected":false},"author":2,"featured_media":122593,"comment_status":"","ping_status":"","sticky":false,"template":"","format":"standard","meta":{"footnotes":""},"categories":[2820],"tags":[1111,11,1777,5342,674,1011,27,775,12,25,104,640,2086],"class_list":{"0":"post-122592","1":"post","2":"type-post","3":"status-publish","4":"format-standard","5":"has-post-thumbnail","7":"category-strasbourg","8":"tag-actu","9":"tag-actualites","10":"tag-eu","11":"tag-eurometropole-de-strasbourg","12":"tag-europe","13":"tag-fr","14":"tag-france","15":"tag-grand-est","16":"tag-news","17":"tag-republique-francaise","18":"tag-societe","19":"tag-strasbourg","20":"tag-travaux"},"share_on_mastodon":{"url":"https:\/\/pubeurope.com\/@fr\/114558511537562962","error":""},"_links":{"self":[{"href":"https:\/\/www.europesays.com\/fr\/wp-json\/wp\/v2\/posts\/122592","targetHints":{"allow":["GET"]}}],"collection":[{"href":"https:\/\/www.europesays.com\/fr\/wp-json\/wp\/v2\/posts"}],"about":[{"href":"https:\/\/www.europesays.com\/fr\/wp-json\/wp\/v2\/types\/post"}],"author":[{"embeddable":true,"href":"https:\/\/www.europesays.com\/fr\/wp-json\/wp\/v2\/users\/2"}],"replies":[{"embeddable":true,"href":"https:\/\/www.europesays.com\/fr\/wp-json\/wp\/v2\/comments?post=122592"}],"version-history":[{"count":0,"href":"https:\/\/www.europesays.com\/fr\/wp-json\/wp\/v2\/posts\/122592\/revisions"}],"wp:featuredmedia":[{"embeddable":true,"href":"https:\/\/www.europesays.com\/fr\/wp-json\/wp\/v2\/media\/122593"}],"wp:attachment":[{"href":"https:\/\/www.europesays.com\/fr\/wp-json\/wp\/v2\/media?parent=122592"}],"wp:term":[{"taxonomy":"category","embeddable":true,"href":"https:\/\/www.europesays.com\/fr\/wp-json\/wp\/v2\/categories?post=122592"},{"taxonomy":"post_tag","embeddable":true,"href":"https:\/\/www.europesays.com\/fr\/wp-json\/wp\/v2\/tags?post=122592"}],"curies":[{"name":"wp","href":"https:\/\/api.w.org\/{rel}","templated":true}]}}