{"id":122613,"date":"2025-05-23T18:25:19","date_gmt":"2025-05-23T18:25:19","guid":{"rendered":"https:\/\/www.europesays.com\/fr\/122613\/"},"modified":"2025-05-23T18:25:19","modified_gmt":"2025-05-23T18:25:19","slug":"lille3000-fiesta-exposition-the-distorter-party-au-musee-de-lhospice-comtesse-de-lille-jusquau-09-novembre-2025","status":"publish","type":"post","link":"https:\/\/www.europesays.com\/fr\/122613\/","title":{"rendered":"[lille3000 &#8211; Fiesta] Exposition \u00ab\u00a0The Distorter Party\u00a0\u00bb au Mus\u00e9e de l&rsquo;Hospice Comtesse de Lille jusqu&rsquo;au 09 novembre 2025"},"content":{"rendered":"<p style=\"text-align: justify;\"><strong>Jusqu\u2019au dimanche 09 novembre 2025, le<\/strong> <strong>Mus\u00e9e de l\u2019Hospice Comtesse de Lille <\/strong>propose <strong>l\u2019exposition<\/strong> <strong>\u00ab\u00a0The Distorted Party\u00a0\u00bb.<\/strong><\/p>\n<p style=\"text-align: justify;\">L\u2019exposition \u00ab\u00a0The Distorted Party\u00a0\u00bb<br \/>Le <strong>Mus\u00e9e de l\u2019Hospice Comtesse<\/strong> accueillera<strong> l\u2019exposition The Distorted Party.<\/strong> <strong>Ancienne institution religieuse<\/strong> offrant <strong>soins<\/strong> et <strong>abri aux personnes dans le besoin,<\/strong> le <strong>lieu est empreint d\u2019ambivalences<\/strong> qui se retrouvent dans les <strong>th\u00e8mes de l\u2019exposition : c\u00e9l\u00e9bration <\/strong>et<strong> r\u00e9flexion, chaos<\/strong> et<strong> beaut\u00e9, distorsion<\/strong> et <strong>clart\u00e9.<\/strong><\/p>\n<tr>\n<td class=\"has-text-align-center\" data-align=\"center\"><img loading=\"lazy\" decoding=\"async\" width=\"2560\" height=\"1708\" class=\"wp-image-84855\" style=\"width: 500px;\" src=\"https:\/\/www.europesays.com\/fr\/wp-content\/uploads\/2025\/05\/expo_fiesta_mhn_the_distorted_party_01-scaled.jpg\" alt=\"\"  \/><\/td>\n<td class=\"has-text-align-center\" data-align=\"center\"><img loading=\"lazy\" decoding=\"async\" width=\"2560\" height=\"1708\" class=\"wp-image-84856\" style=\"width: 500px;\" src=\"https:\/\/www.europesays.com\/fr\/wp-content\/uploads\/2025\/05\/expo_fiesta_mhn_the_distorted_party_02-scaled.jpg\" alt=\"\"  \/><\/td>\n<\/tr>\n<p style=\"text-align: justify;\"><strong>The Distorted Party<\/strong> repense la <strong>f\u00eate <\/strong>et la <strong>convivialit\u00e9<\/strong> <strong>\u00e0 l\u2019aune des d\u00e9fis contemporains :<\/strong> le <strong>changement climatique,<\/strong> les <strong>in\u00e9galit\u00e9s sociales, l\u2019instabilit\u00e9 politique<\/strong> et <strong>les inqui\u00e9tudes qui persistent dans un monde post-covid. <\/strong>Ces<strong> zones d\u2019ombres <\/strong>soulignent la <strong>fragilit\u00e9 de l\u2019existence humaine<\/strong> et d<strong>\u00e9tonnent avec les moments de c\u00e9l\u00e9bration. L\u2019euphorie de ces moments<\/strong> est parfois <strong>porteuse de r\u00e9flexions<\/strong> ou de <strong>malaises sous-jacents <\/strong>et <strong>dessine l\u2019image surr\u00e9aliste d\u2019une f\u00eate souterraine.<\/strong><\/p>\n<p style=\"text-align: justify;\">Au-del\u00e0 d\u2019un <strong>sanctuaire historique,<\/strong> <strong>l\u2019Hospice Comtesse<\/strong> devient <strong>une toile sur laquelle s\u2019entrelacent et se renouvellent les sens de la f\u00eate.<\/strong> <strong>L\u2019architecture paisible du lieu contraste<\/strong> vivement avec la <strong>sc\u00e9nographie moderne<\/strong> et <strong>l\u2019\u00e9nergie d\u00e9bordante, parfois troublante des \u0153uvres.<\/strong><\/p>\n<tr>\n<td class=\"has-text-align-center\" data-align=\"center\"><img decoding=\"async\" loading=\"lazy\" width=\"1708\" height=\"2560\" class=\"wp-image-84857\" style=\"width: 300px;\" src=\"https:\/\/www.europesays.com\/fr\/wp-content\/uploads\/2025\/05\/expo_fiesta_mhn_the_distorted_party_03-scaled.jpg\" alt=\"\"  \/><\/td>\n<td class=\"has-text-align-center\" data-align=\"center\"><img decoding=\"async\" loading=\"lazy\" width=\"1708\" height=\"2560\" class=\"wp-image-84858\" style=\"width: 300px;\" src=\"https:\/\/www.europesays.com\/fr\/wp-content\/uploads\/2025\/05\/expo_fiesta_mhn_the_distorted_party_04-scaled.jpg\" alt=\"\"  \/><\/td>\n<\/tr>\n<p>Photos de l\u2019expo \u00ab\u00a0The Distorted Party\u00a0\u00bb<\/p>\n<p><strong>Infos pratiques<\/strong><br \/><strong><img decoding=\"async\" loading=\"lazy\" class=\"size-full wp-image-45 lazyloaded tie-appear\" src=\"https:\/\/www.europesays.com\/fr\/wp-content\/uploads\/2025\/04\/arrow.png\" alt=\"\" width=\"9\" height=\"9\" data-lazy-src=\"https:\/\/www.europesays.com\/fr\/wp-content\/uploads\/2025\/04\/arrow.png\"\/><\/strong> <strong>Mus\u00e9e de l\u2019Hospice Comtesse<\/strong><br \/>32, rue de la Monnaie \u2013 Lille<\/p>\n<p><strong><img decoding=\"async\" loading=\"lazy\" class=\"size-full wp-image-45 lazyloaded tie-appear\" src=\"https:\/\/www.europesays.com\/fr\/wp-content\/uploads\/2025\/04\/arrow.png\" alt=\"\" width=\"9\" height=\"9\" data-lazy-src=\"https:\/\/www.europesays.com\/fr\/wp-content\/uploads\/2025\/04\/arrow.png\"\/> Horaires :<\/strong><br \/>\u2013 lundi de 14h \u00e0 18h<br \/>\u2013 mercredi au dimanche de 10h \u00e0 18h<\/p>\n<p><strong><img decoding=\"async\" loading=\"lazy\" class=\"size-full wp-image-45 lazyloaded tie-appear\" src=\"https:\/\/www.europesays.com\/fr\/wp-content\/uploads\/2025\/04\/arrow.png\" alt=\"\" width=\"9\" height=\"9\" data-lazy-src=\"https:\/\/www.europesays.com\/fr\/wp-content\/uploads\/2025\/04\/arrow.png\"\/> Tarifs : <\/strong>7\u20ac \/ 5\u20ac<\/p>\n<p><strong><img decoding=\"async\" loading=\"lazy\" class=\"size-full wp-image-45 lazyloaded tie-appear\" src=\"https:\/\/www.europesays.com\/fr\/wp-content\/uploads\/2025\/04\/arrow.png\" alt=\"\" width=\"9\" height=\"9\" data-lazy-src=\"https:\/\/www.europesays.com\/fr\/wp-content\/uploads\/2025\/04\/arrow.png\"\/><\/strong> <a href=\"https:\/\/mhc.lille.fr\/\" target=\"_blank\" rel=\"noopener nofollow\">Site internet du Mus\u00e9e de l\u2019Hospice Comtesse de Lille<\/a><\/p>\n<p><strong><b><img decoding=\"async\" loading=\"lazy\" class=\"size-full wp-image-45 lazyloaded tie-appear\" src=\"https:\/\/www.europesays.com\/fr\/wp-content\/uploads\/2025\/04\/1743937991_452_arrow.png\" alt=\"\" width=\"9\" height=\"9\" data-lazy-src=\"https:\/\/www.europesays.com\/fr\/wp-content\/uploads\/2025\/04\/1743937991_452_arrow.png\"\/><\/b><\/strong> <a href=\"https:\/\/lille3000.com\/\" target=\"_blank\" rel=\"noopener nofollow\">Site internet de lille3000<\/a><\/p>\n<p><strong><b><img decoding=\"async\" loading=\"lazy\" class=\"size-full wp-image-45 lazyloaded tie-appear\" src=\"https:\/\/www.europesays.com\/fr\/wp-content\/uploads\/2025\/04\/1743937991_452_arrow.png\" alt=\"\" width=\"9\" height=\"9\" data-lazy-src=\"https:\/\/www.europesays.com\/fr\/wp-content\/uploads\/2025\/04\/1743937991_452_arrow.png\"\/><\/b><\/strong> <a href=\"https:\/\/www.zoomsurlille.fr\/tag\/fiesta\" target=\"_blank\" rel=\"noreferrer noopener nofollow\">D\u00e9couvrez nos articles sur FIESTA<\/a><\/p>\n<p>\u00a0<\/p>\n<p class=\"has-text-align-right\">Source : lille3000 \u2013 Photos : \u00a9 Zoom Sur Lille<\/p>\n","protected":false},"excerpt":{"rendered":"Jusqu\u2019au dimanche 09 novembre 2025, le Mus\u00e9e de l\u2019Hospice Comtesse de Lille propose l\u2019exposition \u00ab\u00a0The Distorted Party\u00a0\u00bb. L\u2019exposition&hellip;\n","protected":false},"author":2,"featured_media":122614,"comment_status":"","ping_status":"","sticky":false,"template":"","format":"standard","meta":{"footnotes":""},"categories":[2815],"tags":[1111,11,1777,674,3293,3274,1011,27,811,1307,3276,3181,12,25,24486],"class_list":{"0":"post-122613","1":"post","2":"type-post","3":"status-publish","4":"format-standard","5":"has-post-thumbnail","7":"category-lille","8":"tag-actu","9":"tag-actualites","10":"tag-eu","11":"tag-europe","12":"tag-exposition","13":"tag-fiesta","14":"tag-fr","15":"tag-france","16":"tag-hauts-de-france","17":"tag-lille","18":"tag-lille3000","19":"tag-musee-de-lhospice-comtesse","20":"tag-news","21":"tag-republique-francaise","22":"tag-the-distorted-party"},"share_on_mastodon":{"url":"","error":""},"_links":{"self":[{"href":"https:\/\/www.europesays.com\/fr\/wp-json\/wp\/v2\/posts\/122613","targetHints":{"allow":["GET"]}}],"collection":[{"href":"https:\/\/www.europesays.com\/fr\/wp-json\/wp\/v2\/posts"}],"about":[{"href":"https:\/\/www.europesays.com\/fr\/wp-json\/wp\/v2\/types\/post"}],"author":[{"embeddable":true,"href":"https:\/\/www.europesays.com\/fr\/wp-json\/wp\/v2\/users\/2"}],"replies":[{"embeddable":true,"href":"https:\/\/www.europesays.com\/fr\/wp-json\/wp\/v2\/comments?post=122613"}],"version-history":[{"count":0,"href":"https:\/\/www.europesays.com\/fr\/wp-json\/wp\/v2\/posts\/122613\/revisions"}],"wp:featuredmedia":[{"embeddable":true,"href":"https:\/\/www.europesays.com\/fr\/wp-json\/wp\/v2\/media\/122614"}],"wp:attachment":[{"href":"https:\/\/www.europesays.com\/fr\/wp-json\/wp\/v2\/media?parent=122613"}],"wp:term":[{"taxonomy":"category","embeddable":true,"href":"https:\/\/www.europesays.com\/fr\/wp-json\/wp\/v2\/categories?post=122613"},{"taxonomy":"post_tag","embeddable":true,"href":"https:\/\/www.europesays.com\/fr\/wp-json\/wp\/v2\/tags?post=122613"}],"curies":[{"name":"wp","href":"https:\/\/api.w.org\/{rel}","templated":true}]}}