{"id":122615,"date":"2025-05-23T18:26:09","date_gmt":"2025-05-23T18:26:09","guid":{"rendered":"https:\/\/www.europesays.com\/fr\/122615\/"},"modified":"2025-05-23T18:26:09","modified_gmt":"2025-05-23T18:26:09","slug":"inaugurations-travaux-le-point-sur-la-situation-des-ecoles-a-marseille-avec-ladjoint-au-bati-scolaire","status":"publish","type":"post","link":"https:\/\/www.europesays.com\/fr\/122615\/","title":{"rendered":"Inaugurations, travaux&#8230; Le point sur la situation des \u00e9coles \u00e0 Marseille avec l&rsquo;adjoint au b\u00e2ti scolaire"},"content":{"rendered":"<p>Alors que les inaugurations de groupes scolaires se succ\u00e8dent, <a href=\"https:\/\/www.laprovence.com\/article\/societe\/11492313555215\/ladjoint-au-maire-pierre-marie-ganozzi-18-ecoles-inaugurees-a-marseille-dici-a-la-fin-de-lannee-scolaire\" target=\"_blank\" rel=\"noopener\">Pierre-Marie Ganozzi<\/a>, adjoint (PM) au maire de Marseille <a href=\"https:\/\/www.laprovence.com\/article\/region\/1175955765195916\/a-marseille-promesse-tenue-pour-le-milliard-d-euros-du-plan-ecoles\" target=\"_blank\" rel=\"noopener\">en charge du Plan \u00e9coles<\/a>, fait le point sur ce programme qui pr\u00e9voit de r\u00e9nover 188 \u00e9coles d\u2019ici \u00e0 2033 avec une subvention d\u2019\u00c9tat de 400 millions d\u2019euros et un pr\u00eat garanti de 650\u00a0millions d\u2019euros. La 4e vague d\u2019\u00e9coles \u00e0 r\u00e9nover sera lanc\u00e9e par le maire, probablement avant le d\u00e9but de l\u2019\u00e9t\u00e9 et concernera une vingtaine de groupes scolaires un peu partout dans la ville.<\/p>\n<p><strong><a href=\"https:\/\/www.laprovence.com\/article\/region\/2948888056136914\/marseille-lecole-melinee-et-missak-manouchian-nouveau-coeur-de-quartier-a-la-capelette\" target=\"_blank\" rel=\"noopener\">Une semaine apr\u00e8s le groupe scolaire M\u00e9lin\u00e9e et Missak Manouchian<\/a>, \u00e0 la Capelette\u00a0(10e), vous inaugurez ce samedi 24\u00a0mai celui de Saint-Louis Gare\u00a0(15e). Le calendrier est-il respect\u00e9\u00a0?<\/strong>&#13;\n<\/p>\n<p>Oui, le temps est contraint parce que le maire s\u2019\u00e9tait engag\u00e9 \u00e0 ce que les \u00e9coles livr\u00e9es soient inaugur\u00e9es pendant l\u2019ann\u00e9e scolaire mais on ne va pas s\u2019en plaindre, c\u2019est un mal fantastique. Aucun adjoint en France n\u2019inaugure autant d\u2019\u00e9coles en un mandat. Les prochaines inaugurations seront celles des <a href=\"https:\/\/www.laprovence.com\/article\/faits-divers-justice\/1225809711475816\/incendie-a-marseille-sur-le-chantier-du-groupe-scolaire-des-fabriques-15e\" target=\"_blank\" rel=\"noopener\">Fabriques\u00a0(15e)<\/a> le 11\u00a0juin, de <a href=\"https:\/\/www.laprovence.com\/article\/region\/3166740207542615\/a-marseille-lecole-emile-vayssiere-renovee-pour-18-millions-deuros-accueillera-des-eleves-en-fevrier\" target=\"_blank\" rel=\"noopener\">Vayssi\u00e8re 1\u00a0(14e)<\/a> le 14\u00a0juin et des <a href=\"https:\/\/www.laprovence.com\/article\/societe\/63668965144849\/les-abeilles-premiere-ecole-version-marseille-en-grand-dans-le-1er-arrondissement\" target=\"_blank\" rel=\"noopener\">Abeilles\u00a0(1er)<\/a> le 28 juin, on n\u2019aura m\u00eame pas le temps d\u2019inaugurer Oasis les Aygalades\u00a0(15e) avant les vacances scolaires alors qu\u2019elle a \u00e9t\u00e9 ouverte en septembre, deux mois avant la date pr\u00e9vue.<\/p>\n","protected":false},"excerpt":{"rendered":"Alors que les inaugurations de groupes scolaires se succ\u00e8dent, Pierre-Marie Ganozzi, adjoint (PM) au maire de Marseille en&hellip;\n","protected":false},"author":2,"featured_media":122616,"comment_status":"","ping_status":"","sticky":false,"template":"","format":"standard","meta":{"footnotes":""},"categories":[2814],"tags":[17,1111,11,154,4019,1777,674,1011,27,24487,884,12,3948,882,25,1447,104,3356,2086],"class_list":{"0":"post-122615","1":"post","2":"type-post","3":"status-publish","4":"format-standard","5":"has-post-thumbnail","7":"category-marseille","8":"tag-17","9":"tag-actu","10":"tag-actualites","11":"tag-des","12":"tag-ecoles","13":"tag-eu","14":"tag-europe","15":"tag-fr","16":"tag-france","17":"tag-inaugurations","18":"tag-marseille","19":"tag-news","20":"tag-point","21":"tag-provence-alpes-cote-dazur","22":"tag-republique-francaise","23":"tag-situation","24":"tag-societe","25":"tag-sur","26":"tag-travaux"},"share_on_mastodon":{"url":"https:\/\/pubeurope.com\/@fr\/114558558809357064","error":""},"_links":{"self":[{"href":"https:\/\/www.europesays.com\/fr\/wp-json\/wp\/v2\/posts\/122615","targetHints":{"allow":["GET"]}}],"collection":[{"href":"https:\/\/www.europesays.com\/fr\/wp-json\/wp\/v2\/posts"}],"about":[{"href":"https:\/\/www.europesays.com\/fr\/wp-json\/wp\/v2\/types\/post"}],"author":[{"embeddable":true,"href":"https:\/\/www.europesays.com\/fr\/wp-json\/wp\/v2\/users\/2"}],"replies":[{"embeddable":true,"href":"https:\/\/www.europesays.com\/fr\/wp-json\/wp\/v2\/comments?post=122615"}],"version-history":[{"count":0,"href":"https:\/\/www.europesays.com\/fr\/wp-json\/wp\/v2\/posts\/122615\/revisions"}],"wp:featuredmedia":[{"embeddable":true,"href":"https:\/\/www.europesays.com\/fr\/wp-json\/wp\/v2\/media\/122616"}],"wp:attachment":[{"href":"https:\/\/www.europesays.com\/fr\/wp-json\/wp\/v2\/media?parent=122615"}],"wp:term":[{"taxonomy":"category","embeddable":true,"href":"https:\/\/www.europesays.com\/fr\/wp-json\/wp\/v2\/categories?post=122615"},{"taxonomy":"post_tag","embeddable":true,"href":"https:\/\/www.europesays.com\/fr\/wp-json\/wp\/v2\/tags?post=122615"}],"curies":[{"name":"wp","href":"https:\/\/api.w.org\/{rel}","templated":true}]}}