{"id":122617,"date":"2025-05-23T18:27:14","date_gmt":"2025-05-23T18:27:14","guid":{"rendered":"https:\/\/www.europesays.com\/fr\/122617\/"},"modified":"2025-05-23T18:27:14","modified_gmt":"2025-05-23T18:27:14","slug":"bouziane-bouteldja-ouvrira-un-centre-de-danse-dans-lex-toursky-a-marseille-en-septembre-2025","status":"publish","type":"post","link":"https:\/\/www.europesays.com\/fr\/122617\/","title":{"rendered":"Bouziane Bouteldja ouvrira un centre de danse dans l&rsquo;ex-Toursky \u00e0 Marseille en septembre 2025"},"content":{"rendered":"<p>Artiste hip-hop, ex-artiste associ\u00e9 notamment \u00e0 La Villette \u00e0 Paris, Bouziane Bouteldja a fond\u00e9 sa compagnie Danse6T \u00e0 Tarbes, o\u00f9 il anime aussi une \u00e9cole de danse qui accueille 850 \u00e9l\u00e8ves. En avril, il a \u00e9t\u00e9 nomm\u00e9 codirecteur du th\u00e9\u00e2tre <a href=\"https:\/\/www.laprovence.com\/article\/culture-loisirs\/7876115489347814\/a-marseille-le-theatre-joliette-devrait-reprendre-le-theatre-toursky-place-en-redressement-judiciaire\" target=\"_blank\" rel=\"noopener\">Toursky (3e)<\/a> aux c\u00f4t\u00e9s de <a href=\"https:\/\/www.laprovence.com\/article\/sortie-loisirs\/1374632270134316\/nathalie-huerta-directrice-du-theatre-joliette-a-marseille-la-jeunesse-coeur-battant-du-theatre\" target=\"_blank\" rel=\"noopener\">Nathalie Huerta<\/a>, directrice du th\u00e9\u00e2tre Joliette (2e), et <a href=\"https:\/\/www.laprovence.com\/article\/sortie-loisirs\/1374632270134316\/nathalie-huerta-directrice-du-theatre-joliette-a-marseille-la-jeunesse-coeur-battant-du-theatre\" target=\"_blank\" rel=\"noopener\">Julie Kretzschmar<\/a>, directrice des <a href=\"https:\/\/www.laprovence.com\/article\/culture-loisirs\/1121273855312914\/concerts-danse-theatre-les-rencontres-a-l-echelle-invitent-les-artistes-du-monde-arabe-a-marseille\" target=\"_blank\" rel=\"noopener\">Rencontres \u00e0 l\u2019\u00e9chelle<\/a>.<\/p>\n<p><strong>Vous avez pr\u00e9sent\u00e9 mercredi 21\u00a0mai \u00e0 Klap une histoire de la danse, des danses, en montrant qu\u2019elles sont li\u00e9es \u00e0 des luttes sociales ou \u00e0 l\u2019affirmation d\u2019identit\u00e9. Comment avez-vous explor\u00e9 toutes ces danses\u00a0?<\/strong>&#13;\n<\/p>\n<p>Parler de ces danses \u00e9tait essentiel pour moi car elles parlent du vivre ensemble. On montre aussi \u00e0 quel point elles sont li\u00e9es les unes aux autres. Sans les autres danses, le hip-hop n\u2019existerait pas\u00a0! Il a repris beaucoup de choses des danses existantes. Je montre le lien entre ces danses. Le flamenco, comme le krump, ont un peu les m\u00eames origines. Elles sont n\u00e9es dans la rue, contre la violence. Pareil pour le pantsula, le tango, la salsa, toutes les danses ont port\u00e9 de l\u2019humanit\u00e9.<\/p>\n<p><strong>Concernant votre projet au Toursky, vous voulez cr\u00e9er une \u00e9cole de danse, en plus de la programmation. Qu\u2019en est-il\u00a0?<\/strong>&#13;\n<\/p>\n<p>Nous ouvrirons un centre pour d\u00e9velopper la danse \u00e0 Marseille. On ne parle pas d\u2019\u00e9cole, car le terme implique que les enseignants sont dipl\u00f4m\u00e9s d\u2019\u00c9tat. <a href=\"https:\/\/www.laprovence.com\/article\/culture-loisirs\/20926389524702\/on-va-tuer-le-hip-hop-a-lassemblee-une-proposition-de-loi-fait-vriller-les-profs-de-danse\" target=\"_blank\" rel=\"noopener\">Or dans le hip-hop, il n\u2019y a pas de dipl\u00f4me d\u2019\u00c9tat<\/a>. Cela sera une maison du hip-hop et des danses actuelles, afro, street jazz. Tous ces cours seront propos\u00e9s d\u00e8s septembre prochain (*).<\/p>\n<p>Le centre aura aussi pour mission de valoriser et accompagner les jeunes danseurs qui veulent progresser, d\u00e9velopper tout un tas d\u2019activit\u00e9s avec les structures de Marseille. C\u2019\u00e9tait une volont\u00e9 de la Ville de Marseille.<\/p>\n<p><strong>Comment s\u2019appellera ce nouveau lieu\u00a0?<\/strong>&#13;\n<\/p>\n<p>Une concertation est en cours pour trouver un nom. Le Toursky est un nom d\u00e9pos\u00e9, on n\u2019a pas le droit de le garder. Une page va se tourner. Ce lieu va rena\u00eetre, va avoir un nouvel \u00e9lan.<\/p>\n<p><strong>Vous \u00eates de Tarbes, qu\u2019est-ce qui vous a attir\u00e9 \u00e0 Marseille\u00a0?<\/strong>&#13;\n<\/p>\n<p>Cela fait neuf ans que je travaille \u00e0 Marseille avec le th\u00e9\u00e2tre la Cit\u00e9 (6e), j\u2019ai fait des spectacles \u00e0 la Friche (3e), \u00e0 la Cit\u00e9, \u00e0 la Joliette, dans les quartiers Nord. Marseille est une ville de la parole. Les gens parlent beaucoup plus qu\u2019ils ne dansent contrairement \u00e0 Paris, \u00e0 Lyon, Toulouse. Il y a des compagnies mais pas suffisamment par rapport \u00e0 la taille de la ville. Il manque des infrastructures. Quand je suis arriv\u00e9 \u00e0 Marseille, dans certains endroits, j\u2019avais l\u2019impression de retrouver Tarbes, une ville de 50\u00a0000\u00a0habitants.<\/p>\n<p><strong>Vous partagez la direction avec Nathalie Huerta, directrice du th\u00e9\u00e2tre Joliette, et Julie Kretzschmar, directrice des <a href=\"https:\/\/www.laprovence.com\/article\/culture-loisirs\/1121273855312914\/concerts-danse-theatre-les-rencontres-a-l-echelle-invitent-les-artistes-du-monde-arabe-a-marseille\" target=\"_blank\" rel=\"noopener\">Rencontres \u00e0 l\u2019\u00e9chelle<\/a>. Comment travaillez-vous ensemble\u00a0?<\/strong>&#13;\n<\/p>\n<p>Nathalie et moi nous connaissons depuis longtemps, et Julie et Nathalie sont complices aussi de longue date. Quand l\u2019appel \u00e0 projet a \u00e9t\u00e9 lanc\u00e9 pour la reprise du Toursky, on s\u2019est dit \u00ab\u00a0on y va\u00a0!\u00a0\u00bb Parce qu\u2019il y a un vrai besoin d\u2019accompagner les compagnies r\u00e9gionales, en danse, en th\u00e9\u00e2tre ou musique. J\u2019ai rencontr\u00e9 des structures qui sont dans le cin\u00e9ma, dans le rap, on va cr\u00e9er des ponts.<\/p>\n<p>Le lien \u00e0 la M\u00e9diterran\u00e9e (incarn\u00e9 par les Rencontres \u00e0 l\u2019\u00e9chelle, NDLR) est important aussi. \u00c7a fait 13\u00a0ans que je travaille au Maroc et que je re\u00e7ois des compagnies marocaines dans ma salle \u00e0 Tarbes. Ces \u00e9changes sont n\u00e9cessaires pour le d\u00e9veloppement \u00e0 la fois des artistes marseillais et du bassin m\u00e9diterran\u00e9en. C\u2019est pour cela que notre association s\u2019appelle Sc\u00e8ne M\u00e9diterran\u00e9e.<\/p>\n<p>(*) le nouveau th\u00e9\u00e2tre n&rsquo;a pas encore de site. Toutes les infos sur dans6t.com ou sur place, 16 Prom. L\u00e9o Ferr\u00e9 (3e)<\/p>\n","protected":false},"excerpt":{"rendered":"Artiste hip-hop, ex-artiste associ\u00e9 notamment \u00e0 La Villette \u00e0 Paris, Bouziane Bouteldja a fond\u00e9 sa compagnie Danse6T \u00e0&hellip;\n","protected":false},"author":2,"featured_media":122618,"comment_status":"","ping_status":"","sticky":false,"template":"","format":"standard","meta":{"footnotes":""},"categories":[2814],"tags":[17,1111,11,24489,24488,3335,251,1446,5972,1777,674,1011,27,24490,884,12,16089,882,25],"class_list":{"0":"post-122617","1":"post","2":"type-post","3":"status-publish","4":"format-standard","5":"has-post-thumbnail","7":"category-marseille","8":"tag-17","9":"tag-actu","10":"tag-actualites","11":"tag-bouteldja","12":"tag-bouziane","13":"tag-centre","14":"tag-culture","15":"tag-dans","16":"tag-danse","17":"tag-eu","18":"tag-europe","19":"tag-fr","20":"tag-france","21":"tag-lex-toursky","22":"tag-marseille","23":"tag-news","24":"tag-ouvrira","25":"tag-provence-alpes-cote-dazur","26":"tag-republique-francaise"},"share_on_mastodon":{"url":"https:\/\/pubeurope.com\/@fr\/114558562729467586","error":""},"_links":{"self":[{"href":"https:\/\/www.europesays.com\/fr\/wp-json\/wp\/v2\/posts\/122617","targetHints":{"allow":["GET"]}}],"collection":[{"href":"https:\/\/www.europesays.com\/fr\/wp-json\/wp\/v2\/posts"}],"about":[{"href":"https:\/\/www.europesays.com\/fr\/wp-json\/wp\/v2\/types\/post"}],"author":[{"embeddable":true,"href":"https:\/\/www.europesays.com\/fr\/wp-json\/wp\/v2\/users\/2"}],"replies":[{"embeddable":true,"href":"https:\/\/www.europesays.com\/fr\/wp-json\/wp\/v2\/comments?post=122617"}],"version-history":[{"count":0,"href":"https:\/\/www.europesays.com\/fr\/wp-json\/wp\/v2\/posts\/122617\/revisions"}],"wp:featuredmedia":[{"embeddable":true,"href":"https:\/\/www.europesays.com\/fr\/wp-json\/wp\/v2\/media\/122618"}],"wp:attachment":[{"href":"https:\/\/www.europesays.com\/fr\/wp-json\/wp\/v2\/media?parent=122617"}],"wp:term":[{"taxonomy":"category","embeddable":true,"href":"https:\/\/www.europesays.com\/fr\/wp-json\/wp\/v2\/categories?post=122617"},{"taxonomy":"post_tag","embeddable":true,"href":"https:\/\/www.europesays.com\/fr\/wp-json\/wp\/v2\/tags?post=122617"}],"curies":[{"name":"wp","href":"https:\/\/api.w.org\/{rel}","templated":true}]}}