{"id":122619,"date":"2025-05-23T18:28:08","date_gmt":"2025-05-23T18:28:08","guid":{"rendered":"https:\/\/www.europesays.com\/fr\/122619\/"},"modified":"2025-05-23T18:28:08","modified_gmt":"2025-05-23T18:28:08","slug":"le-fan-lyonnais-de-jul-pret-a-tout-pour-un-billet-de-concert-son-plan-echoue-sur-la6","status":"publish","type":"post","link":"https:\/\/www.europesays.com\/fr\/122619\/","title":{"rendered":"Le \u00ab\u00a0fan\u00a0\u00bb lyonnais de Jul pr\u00eat \u00e0 tout pour un billet de concert, son plan \u00e9choue sur l&rsquo;A6"},"content":{"rendered":"<p>            Par<br \/>\n        <strong><br \/>\n            <a href=\"https:\/\/actu.fr\/auteur\/redaction-lyon\" title=\"Consulter tous les articles de R\u00e9daction Lyon\" target=\"_blank\" rel=\"noopener\">R\u00e9daction Lyon<\/a><br \/>\n        <\/strong><\/p>\n<p>        Publi\u00e9 le<\/p>\n<p>            23 mai 2025 \u00e0 19h42<br \/>\n        ; mis \u00e0 jour le 23 mai 2025 \u00e0 19h57    <\/p>\n<p>Le \u00ab\u00a0fan\u00a0\u00bb Lyonnais du rappeur marseillais <a href=\"https:\/\/actu.fr\/provence-alpes-cote-d-azur\/marseille_13055\/concerts-de-jul-a-marseille-acces-securite-vente-de-billets-les-conseils-des-autorites_62677286.html\" target=\"_blank\" rel=\"noopener\">Jul<\/a> ne pourra pas voir le spectacle ou revendre de place pour l\u2019un des concerts de l\u2019artiste qui doivent avoir lieu ce vendredi et samedi soir dans un stade V\u00e9lodrome de Marseille qui s\u2019annonce plein \u00e0 craquer.<\/p>\n<p class=\" wall-content\">Mercredi \u00e0 M\u00e2con (Sa\u00f4ne-et-Loire), un homme qui cherchait \u00e0 vendre plusieurs places de concert de l\u2019artiste s\u2019est fait d\u00e9rober son bien.<\/p>\n<p class=\" wall-content\">La victime ne s\u2019est pas d\u00e9mont\u00e9e et a entam\u00e9 une course poursuite avec le voleur sur l\u2019<strong>autoroute A6<\/strong> en direction de <a href=\"https:\/\/actu.fr\/auvergne-rhone-alpes\/lyon_69123\" target=\"_blank\" rel=\"noopener\">Lyon<\/a>, rapportent nos confr\u00e8res du <a href=\"https:\/\/www.lejsl.com\/faits-divers-justice\/2025\/05\/22\/il-se-fait-derober-ses-places-pour-le-concert-de-jul-et-poursuit-le-voleur-sur-l-autoroute?tblci=GiChadSWYVcyzR38seF-igfXWdSGgPXWBj9PMYxhx65XWSCJ-Egoz8yw0PPgrJTsAQ\" target=\"_blank\" rel=\"noopener\">Journal de Sa\u00f4ne-et-Loire<\/a>.\u00a0<\/p>\n<p>Pris en chasse par sa victime puis la police<\/p>\n<p class=\" wall-content\">C\u2019est alors qu\u2019une course poursuite rocambolesque se fait en voiture entre la victime et le fan ind\u00e9licat qui prend la fuite. La police est rapidement pr\u00e9venue en direct par le propri\u00e9taire des tickets de concert qui envoie ses coordonn\u00e9es GPS aux autorit\u00e9s. Il est aussi recherch\u00e9 activement par la police.\u00a0<\/p>\n<p class=\" wall-content\">Le Lyonnais soup\u00e7onn\u00e9 de vol a \u00e9t\u00e9 intercept\u00e9 par la CRS Autorouti\u00e8re de Chassieu (Rh\u00f4ne), pr\u00e8s de Lyon. Le voleur \u00e2g\u00e9 d\u2019une vingtaine d\u2019ann\u00e9es qui voulait s\u2019emparer de ces places tr\u00e8s convoit\u00e9es, elles ont \u00e9t\u00e9 vendues en 30 minutes pour les deux concerts, a \u00e9t\u00e9 plac\u00e9 en garde \u00e0 vue et devra expliquer le vol et sa conduite dangereuse sur l\u2019A6 devant un tribunal.\u00a0<\/p>\n<p class=\" wall-content\">Suivez toute l\u2019actualit\u00e9 de vos villes et m\u00e9dias favoris en vous inscrivant \u00e0 <a href=\"https:\/\/moncompte.actu.fr\" title=\"D\u00e9couvez Mon Actu\" rel=\"nofollow noopener\" data-trk=\"{&quot;cta&quot;:{&quot;action&quot;:&quot;https:\\\/\\\/moncompte.actu.fr&quot;,&quot;category&quot;:&quot;mon compte&quot;,&quot;from&quot;:&quot;article footer&quot;,&quot;name&quot;:&quot;Mon actu&quot;,&quot;type&quot;:&quot;cta&quot;}}\" target=\"_blank\">Mon Actu<\/a>.<\/p>\n","protected":false},"excerpt":{"rendered":"Par R\u00e9daction Lyon Publi\u00e9 le 23 mai 2025 \u00e0 19h42 ; mis \u00e0 jour le 23 mai 2025&hellip;\n","protected":false},"author":2,"featured_media":122620,"comment_status":"","ping_status":"","sticky":false,"template":"","format":"standard","meta":{"footnotes":""},"categories":[1889],"tags":[1111,11,2118,2430,1777,674,118,1011,27,1279,2428,12,25],"class_list":{"0":"post-122619","1":"post","2":"type-post","3":"status-publish","4":"format-standard","5":"has-post-thumbnail","7":"category-lyon","8":"tag-actu","9":"tag-actualites","10":"tag-autoroute-6-a6","11":"tag-auvergne-rhone-alpes","12":"tag-eu","13":"tag-europe","14":"tag-faits-divers","15":"tag-fr","16":"tag-france","17":"tag-jul","18":"tag-lyon","19":"tag-news","20":"tag-republique-francaise"},"share_on_mastodon":{"url":"https:\/\/pubeurope.com\/@fr\/114558566630026191","error":""},"_links":{"self":[{"href":"https:\/\/www.europesays.com\/fr\/wp-json\/wp\/v2\/posts\/122619","targetHints":{"allow":["GET"]}}],"collection":[{"href":"https:\/\/www.europesays.com\/fr\/wp-json\/wp\/v2\/posts"}],"about":[{"href":"https:\/\/www.europesays.com\/fr\/wp-json\/wp\/v2\/types\/post"}],"author":[{"embeddable":true,"href":"https:\/\/www.europesays.com\/fr\/wp-json\/wp\/v2\/users\/2"}],"replies":[{"embeddable":true,"href":"https:\/\/www.europesays.com\/fr\/wp-json\/wp\/v2\/comments?post=122619"}],"version-history":[{"count":0,"href":"https:\/\/www.europesays.com\/fr\/wp-json\/wp\/v2\/posts\/122619\/revisions"}],"wp:featuredmedia":[{"embeddable":true,"href":"https:\/\/www.europesays.com\/fr\/wp-json\/wp\/v2\/media\/122620"}],"wp:attachment":[{"href":"https:\/\/www.europesays.com\/fr\/wp-json\/wp\/v2\/media?parent=122619"}],"wp:term":[{"taxonomy":"category","embeddable":true,"href":"https:\/\/www.europesays.com\/fr\/wp-json\/wp\/v2\/categories?post=122619"},{"taxonomy":"post_tag","embeddable":true,"href":"https:\/\/www.europesays.com\/fr\/wp-json\/wp\/v2\/tags?post=122619"}],"curies":[{"name":"wp","href":"https:\/\/api.w.org\/{rel}","templated":true}]}}