{"id":122623,"date":"2025-05-23T18:30:10","date_gmt":"2025-05-23T18:30:10","guid":{"rendered":"https:\/\/www.europesays.com\/fr\/122623\/"},"modified":"2025-05-23T18:30:10","modified_gmt":"2025-05-23T18:30:10","slug":"quels-sont-les-lycees-dile-de-france-les-mieux-classes-en-2025","status":"publish","type":"post","link":"https:\/\/www.europesays.com\/fr\/122623\/","title":{"rendered":"quels sont les lyc\u00e9es d\u2019\u00cele-de-France les mieux class\u00e9s en 2025 ?"},"content":{"rendered":"<p><strong>CLASSEMENT EXCLUSIF<\/strong> &#8211; Gr\u00e2ce \u00e0 notre moteur de recherche, comparez le niveau social des lyc\u00e9es de votre quartier aux meilleurs \u00e9tablissements de la r\u00e9gion francilienne.<\/p>\n<p class=\"fig-paragraph\">Franchir la derni\u00e8re \u00e9tape du parcours scolaire n\u2019a rien d\u2019\u00e9vident. Le lyc\u00e9e repr\u00e9sente une p\u00e9riode sem\u00e9e d\u2019emb\u00fbches\u00a0:\u00a0<a href=\"http:\/\/www.lefigaro.fr\/actualite-france\/parcoursup-quelles-specialites-au-lycee-ouvrent-le-plus-de-portes-dans-les-formations-post-bac-20241216\" data-fig-type=\"Article\" data-gtm-custom-categorie=\"navigation\" data-gtm-custom-action=\"crossclick\" data-gtm-custom-label=\"Contextuel\" data-gtm-event=\"customEventSPE\" data-fig-domain=\"LEFIGARO\" rel=\"nofollow noopener\" target=\"_blank\">choix strat\u00e9giques des enseignements de sp\u00e9cialit\u00e9s<\/a>, \u00e9preuves du baccalaur\u00e9at en partie fond\u00e9es sur le contr\u00f4le continu, orientation via Parcoursup\u2026 Autant de d\u00e9cisions qui peuvent peser lourd.<\/p>\n<p class=\"fig-paragraph\">De quoi susciter bien des inqui\u00e9tudes chez les parents au moment de choisir l\u2019\u00e9tablissement de leur enfant. Car si l\u2019inscription dans le priv\u00e9 reste parfois taboue \u00e0 l\u2019\u00e9cole primaire, elle l\u2019est beaucoup moins au coll\u00e8ge et a fortiori au lyc\u00e9e, o\u00f9 les demandes affluent et les dossiers s\u2019empilent sur les bureaux des chefs d\u2019\u00e9tablissement les plus pris\u00e9s.<\/p>\n<p class=\"fig-paragraph\"><strong>L\u2019environnement social, un facteur primordial dans la r\u00e9ussite scolaire<\/strong><\/p>\n<p class=\"fig-paragraph\">Pour mieux comprendre l\u2019impact du milieu social sur la r\u00e9ussite scolaire, l\u2019\u00c9ducation nationale a mis en place un indicateur\u00a0: l\u2019indice de position sociale (IPS). \u00c9labor\u00e9 \u00e0 partir de donn\u00e9es issues de questionnaires remplis par des dizaines de milliers d\u2019\u00e9l\u00e8ves &#8211; portant notamment sur le nombre de livres \u00e0 la maison, les activit\u00e9s extrascolaires, l\u2019implication des parents ou encore le fait de partager une chambre, cet indice synth\u00e9tise la position socio-\u00e9conomique et culturelle des familles \u00e0 partir des professions et cat\u00e9gories sociales des parents. Longtemps gard\u00e9 confidentiel par le minist\u00e8re, l\u2019IPS est d\u00e9sormais accessible au public pour chaque \u00e9tablissement (moyenne des \u00e9l\u00e8ves scolaris\u00e9s). Le Figaro vous aide \u00e0 en comprendre le sens et vous propose, gr\u00e2ce \u00e0 son moteur de recherche, de comparer les lyc\u00e9es autour de chez vous au palmar\u00e8s \u00e9tabli ci-dessous.<\/p>\n<p class=\"fig-premium-paywall__infos\">\n        Cet article est r\u00e9serv\u00e9 aux abonn\u00e9s.        Il vous reste 53% \u00e0 d\u00e9couvrir.\n    <\/p>\n<p>                <img  data- alt=\"Le Figaro\" class=\"fig-img--complete fig-img\"\/><\/p>\n<p class=\"fig-premium-paywall__title\">Vente Flash<\/p>\n<p class=\"fig-premium-paywall__subtitle\">4,99\u20ac par mois pendant 12 mois. Sans engagement.<\/p>\n<p class=\"fig-premium-paywall__connect\">\n                D\u00e9j\u00e0 abonn\u00e9\u00a0?                <a class=\"fig-premium-paywall__connect-link\" href=\"https:\/\/connect.lefigaro.fr\/login?client=horizon_web&amp;type=main&amp;redirect_uri=https%3A%2F%2Fwww.lefigaro.fr%2Factualite-france%2Fenvironnement-social-quels-sont-les-lycees-d-ile-de-france-les-mieux-classes-en-2025-20250523\" data-js-gtm=\"{&quot;customCategorie&quot;: &quot;conversion&quot;, &quot;customAction&quot;: &quot;before_Landing_Connexion_paywall_manuel&quot;, &quot;customLabel&quot;: &quot;bGVmaWdhcm8uZnJfXzFmMDMyNDhkLWI5YTEtNjRkNi1iNWQ0LTM1MTExNzU4YTYyM19fQXJ0aWNsZQ==_Environnement social\u00a0: quels sont les lyc\u00e9es d\u2019\u00cele-de-France les mieux class\u00e9s en 2025\u00a0?_885&quot;, &quot;customIDSPE&quot;: &quot;bGVmaWdhcm8uZnJfXzFmMDMyNDhkLWI5YTEtNjRkNi1iNWQ0LTM1MTExNzU4YTYyM19fQXJ0aWNsZQ==&quot;, &quot;event&quot;: &quot;customEventSPE&quot;}\" rel=\"nofollow noopener\" target=\"_blank\"><br \/>\n                    Connectez-vous<br \/>\n                <\/a>\n            <\/p>\n","protected":false},"excerpt":{"rendered":"CLASSEMENT EXCLUSIF &#8211; Gr\u00e2ce \u00e0 notre moteur de recherche, comparez le niveau social des lyc\u00e9es de votre quartier&hellip;\n","protected":false},"author":2,"featured_media":122624,"comment_status":"","ping_status":"","sticky":false,"template":"","format":"standard","meta":{"footnotes":""},"categories":[1592],"tags":[1111,47,1058,1054,1059,1060,1055,11,1981,1057,1777,674,118,1011,27,662,1061,303,21194,12,5077,626,1062,25,656,104,1056,809],"class_list":{"0":"post-122623","1":"post","2":"type-post","3":"status-publish","4":"format-standard","5":"has-post-thumbnail","7":"category-ile-de-france","8":"tag-actu","9":"tag-actualite","10":"tag-actualite-education","11":"tag-actualite-france","12":"tag-actualite-justice","13":"tag-actualite-securite","14":"tag-actualite-societe","15":"tag-actualites","16":"tag-classement","17":"tag-education","18":"tag-eu","19":"tag-europe","20":"tag-faits-divers","21":"tag-fr","22":"tag-france","23":"tag-ile-de-france","24":"tag-immigration","25":"tag-justice","26":"tag-lycees","27":"tag-news","28":"tag-palmares","29":"tag-paris","30":"tag-polemique","31":"tag-republique-francaise","32":"tag-securite","33":"tag-societe","34":"tag-societe-francaise","35":"tag-violence"},"share_on_mastodon":{"url":"https:\/\/pubeurope.com\/@fr\/114558574472759431","error":""},"_links":{"self":[{"href":"https:\/\/www.europesays.com\/fr\/wp-json\/wp\/v2\/posts\/122623","targetHints":{"allow":["GET"]}}],"collection":[{"href":"https:\/\/www.europesays.com\/fr\/wp-json\/wp\/v2\/posts"}],"about":[{"href":"https:\/\/www.europesays.com\/fr\/wp-json\/wp\/v2\/types\/post"}],"author":[{"embeddable":true,"href":"https:\/\/www.europesays.com\/fr\/wp-json\/wp\/v2\/users\/2"}],"replies":[{"embeddable":true,"href":"https:\/\/www.europesays.com\/fr\/wp-json\/wp\/v2\/comments?post=122623"}],"version-history":[{"count":0,"href":"https:\/\/www.europesays.com\/fr\/wp-json\/wp\/v2\/posts\/122623\/revisions"}],"wp:featuredmedia":[{"embeddable":true,"href":"https:\/\/www.europesays.com\/fr\/wp-json\/wp\/v2\/media\/122624"}],"wp:attachment":[{"href":"https:\/\/www.europesays.com\/fr\/wp-json\/wp\/v2\/media?parent=122623"}],"wp:term":[{"taxonomy":"category","embeddable":true,"href":"https:\/\/www.europesays.com\/fr\/wp-json\/wp\/v2\/categories?post=122623"},{"taxonomy":"post_tag","embeddable":true,"href":"https:\/\/www.europesays.com\/fr\/wp-json\/wp\/v2\/tags?post=122623"}],"curies":[{"name":"wp","href":"https:\/\/api.w.org\/{rel}","templated":true}]}}