{"id":122633,"date":"2025-05-23T18:36:15","date_gmt":"2025-05-23T18:36:15","guid":{"rendered":"https:\/\/www.europesays.com\/fr\/122633\/"},"modified":"2025-05-23T18:36:15","modified_gmt":"2025-05-23T18:36:15","slug":"en-ukraine-les-retrouvailles-entre-les-soldats-prisonniers-en-russie-et-leurs-familles-liberation","status":"publish","type":"post","link":"https:\/\/www.europesays.com\/fr\/122633\/","title":{"rendered":"en Ukraine, les retrouvailles entre les soldats prisonniers en Russie et leurs familles \u2013 Lib\u00e9ration"},"content":{"rendered":"<p class=\"sc-ksZaOG ehjQrN text-element\">Lorsque Lioudmila a appris l\u2019annonce de cet \u00e9change de prisonniers, elle a explos\u00e9 de joie. Son mari, Sergiy Chablo, soldat de l\u2019arm\u00e9e ukrainienne, a \u00e9t\u00e9 captur\u00e9 en novembre 2024 <a href=\"https:\/\/www.liberation.fr\/international\/europe\/la-russie-revendique-la-reprise-de-sa-region-de-koursk-une-fausse-annonce-selon-lukraine-20250426_7KBLZAMV2JHFDACDA3656NSHWA\/\" target=\"_blank\" rel=\"nofollow noopener\" title=\"https:\/\/www.liberation.fr\/international\/europe\/la-russie-revendique-la-reprise-de-sa-region-de-koursk-une-fausse-annonce-selon-lukraine-20250426_7KBLZAMV2JHFDACDA3656NSHWA\/\">dans la r\u00e9gion de Koursk<\/a>, en Russie, et elle n\u2019avait aucune nouvelle de lui depuis, mais elle esp\u00e8re qu\u2019il figure parmi les prisonniers de retour. \u00abLes gars disparaissent l\u00e0-bas comme dans un triangle des Bermudes\u00bb, dit-elle. Lioudmila se tient devant l\u2019entr\u00e9e d\u2019un h\u00f4pital de la r\u00e9gion de Tchernihiv, avec d\u2019autres parents attendant l\u2019arriv\u00e9e des bus, en esp\u00e9rant que son mari en fasse partie. \u00abMa fille termine sa onzi\u00e8me ann\u00e9e scolaire, elle va bient\u00f4t recevoir son dipl\u00f4me, elle attend son p\u00e8re\u00bb, explique-t-elle.<\/p>\n<p class=\"sc-ksZaOG ehjQrN text-element\">Le plus grand \u00e9change de prisonniers entre l\u2019Ukraine et la Russie se d\u00e9roulera en trois \u00e9tapes, \u00e0 la fronti\u00e8re avec le B\u00e9larus, du vendredi 23 au dimanche 25 mai. Ce vendredi, 390 Ukrainiens et autant de Russes ont \u00e9t\u00e9 ainsi \u00e9chang\u00e9s : 270 militaires et 120 civils. Avant m\u00eame le d\u00e9but de l\u2019\u00e9change, le pr\u00e9sident am\u00e9ricain, Donald Trump, \u00e9crivait sur son r\u00e9seau social Truth Social, \u00abF\u00e9licitatio<\/p>\n","protected":false},"excerpt":{"rendered":"Lorsque Lioudmila a appris l\u2019annonce de cet \u00e9change de prisonniers, elle a explos\u00e9 de joie. Son mari, Sergiy&hellip;\n","protected":false},"author":2,"featured_media":122634,"comment_status":"","ping_status":"","sticky":false,"template":"","format":"standard","meta":{"footnotes":""},"categories":[1591],"tags":[11,1887,12,1885,1886,132,220,297],"class_list":{"0":"post-122633","1":"post","2":"type-post","3":"status-publish","4":"format-standard","5":"has-post-thumbnail","7":"category-russie","8":"tag-actualites","9":"tag-federation-de-russie","10":"tag-news","11":"tag-russia","12":"tag-russian-federation","13":"tag-russie","14":"tag-ukraine","15":"tag-ukraine-la-crise"},"share_on_mastodon":{"url":"https:\/\/pubeurope.com\/@fr\/114558598430354404","error":""},"_links":{"self":[{"href":"https:\/\/www.europesays.com\/fr\/wp-json\/wp\/v2\/posts\/122633","targetHints":{"allow":["GET"]}}],"collection":[{"href":"https:\/\/www.europesays.com\/fr\/wp-json\/wp\/v2\/posts"}],"about":[{"href":"https:\/\/www.europesays.com\/fr\/wp-json\/wp\/v2\/types\/post"}],"author":[{"embeddable":true,"href":"https:\/\/www.europesays.com\/fr\/wp-json\/wp\/v2\/users\/2"}],"replies":[{"embeddable":true,"href":"https:\/\/www.europesays.com\/fr\/wp-json\/wp\/v2\/comments?post=122633"}],"version-history":[{"count":0,"href":"https:\/\/www.europesays.com\/fr\/wp-json\/wp\/v2\/posts\/122633\/revisions"}],"wp:featuredmedia":[{"embeddable":true,"href":"https:\/\/www.europesays.com\/fr\/wp-json\/wp\/v2\/media\/122634"}],"wp:attachment":[{"href":"https:\/\/www.europesays.com\/fr\/wp-json\/wp\/v2\/media?parent=122633"}],"wp:term":[{"taxonomy":"category","embeddable":true,"href":"https:\/\/www.europesays.com\/fr\/wp-json\/wp\/v2\/categories?post=122633"},{"taxonomy":"post_tag","embeddable":true,"href":"https:\/\/www.europesays.com\/fr\/wp-json\/wp\/v2\/tags?post=122633"}],"curies":[{"name":"wp","href":"https:\/\/api.w.org\/{rel}","templated":true}]}}