{"id":122637,"date":"2025-05-23T18:38:10","date_gmt":"2025-05-23T18:38:10","guid":{"rendered":"https:\/\/www.europesays.com\/fr\/122637\/"},"modified":"2025-05-23T18:38:10","modified_gmt":"2025-05-23T18:38:10","slug":"etudiants-etrangers-aux-usa-harvard-obtient-un-sursis-face-a-trump","status":"publish","type":"post","link":"https:\/\/www.europesays.com\/fr\/122637\/","title":{"rendered":"Etudiants \u00e9trangers aux USA: Harvard obtient un sursis face \u00e0 Trump"},"content":{"rendered":"<p>    <img fetchpriority=\"high\" src=\"https:\/\/www.europesays.com\/fr\/wp-content\/uploads\/2025\/05\/bbfc9d77072f92bad4aaebdbe810d2df7e875ddb-89402692.jpg\" width=\"1400\" height=\"1050\" alt=\"\" loading=\"eager\" decoding=\"auto\"\/><\/p>\n<p>            Keystone-SDA        <\/p>\n<p>        Bref soupir de soulagement \u00e0 Harvard. Un tribunal am\u00e9ricain a bloqu\u00e9 temporairement vendredi la d\u00e9cision de l&rsquo;administration Trump d&rsquo;interdire l&rsquo;inscription de milliers d&rsquo;\u00e9tudiants \u00e9trangers dans la prestigieuse universit\u00e9, au coeur d&rsquo;un bras de fer avec le pr\u00e9sident.\n<\/p>\n<p>        Ce contenu a \u00e9t\u00e9 publi\u00e9 sur    <\/p>\n<p>        23 mai 2025 &#8211; 19:25\n<\/p>\n<p> (Keystone-ATS) Apr\u00e8s les d\u00e9clarations au vitriol, les appels \u00e0 changer le cursus et les coupes dans les subventions de recherche, l\u2019administration Trump a \u00e9crit jeudi un nouveau chapitre de son offensive contre l\u2019enseignement sup\u00e9rieur en r\u00e9voquant la certification SEVIS (Student and Exchange Visitor) de Harvard.<\/p>\n<p>L\u2019universit\u00e9, situ\u00e9e en banlieue de Boston, ne peut ainsi plus accueillir d\u2019\u00e9tudiants \u00e9trangers. Et ceux sur le campus pourraient avoir \u00e0 quitter les Etats-Unis d\u00e8s la remise des dipl\u00f4mes pr\u00e9vue la semaine prochaine.<\/p>\n<p>D\u2019apr\u00e8s le site internet de l\u2019universit\u00e9, class\u00e9e parmi les meilleures au monde et qui a produit 162 prix Nobel, l\u2019\u00e9tablissement accueille cette ann\u00e9e quelque 6700 \u00ab\u00a0\u00e9tudiants internationaux\u00a0\u00bb, soit 27% de ses effectifs.<\/p>\n<p>\u00ab\u00a0D\u2019un seul coup de crayon, le gouvernement efface un quart des \u00e9tudiants d\u2019Harvard\u00a0\u00bb, peut-on lire dans la plainte d\u00e9pos\u00e9e aupr\u00e8s du tribunal f\u00e9d\u00e9ral du Massachusetts, Etat du nord-est am\u00e9ricain o\u00f9 est situ\u00e9e l\u2019universit\u00e9.<\/p>\n<p>Cette d\u00e9cision est \u00ab\u00a0le dernier acte de repr\u00e9sailles\u00a0\u00bb de l\u2019administration Trump \u00ab\u00a0qui cherche \u00e0 prendre le contr\u00f4le de la direction d\u2019Harvard, de ses programmes et de l\u00a0\u00bbid\u00e9ologie\u2019 de l\u2019universit\u00e9 et des \u00e9tudiants\u00a0\u00bb, poursuit la requ\u00eate de 72 pages qui appelle \u00e0 sa r\u00e9vocation \u00ab\u00a0imm\u00e9diate.\u00a0\u00bb<\/p>\n<p>La juge f\u00e9d\u00e9rale Allison D. Burroughs a bloqu\u00e9 temporairement la d\u00e9cision de l\u2019administration d\u2019ici la tenue d\u2019une audience pr\u00e9liminaire le 29 mai.<\/p>\n<p>Griefs de Trump<\/p>\n<p>L\u2019administration Trump a lanc\u00e9 une vaste offensive contre l\u2019enseignement sup\u00e9rieur aux Etats-Unis, accusant les universit\u00e9s priv\u00e9es les plus prestigieuses, notamment Harvard et Columbia, d\u2019avoir laiss\u00e9 prosp\u00e9rer l\u2019antis\u00e9mitisme et de n\u2019avoir pas prot\u00e9g\u00e9 suffisamment les \u00e9tudiants juifs pendant les manifestations contre la guerre d\u2019Isra\u00ebl \u00e0 Gaza, lanc\u00e9e apr\u00e8s les attaques du mouvement islamiste palestinien Hamas le 7 octobre 2023.<\/p>\n<p>Sur ce dossier, Harvard a affirm\u00e9 ces derni\u00e8res semaines avoir pris des mesures pour s\u2019assurer que les \u00e9tudiants et le personnel juifs ou isra\u00e9liens ne se sentent ni exclus, ni intimid\u00e9s sur le campus, et refuse de renoncer \u00e0 sa libert\u00e9 acad\u00e9mique.<\/p>\n<p>L\u2019administration Trump reproche aussi \u00e0 Harvard de se coordonner avec le Parti communiste chinois sur son campus. Le Parti communiste chinois exerce un contr\u00f4le serr\u00e9 sur de nombreux aspects de la soci\u00e9t\u00e9 chinoise, dont l\u2019\u00e9ducation sup\u00e9rieure, et de nombreux \u00e9tudiants chinois vont se former \u00e0 l\u2019\u00e9tranger.<\/p>\n<p>Pr\u00e8s de 1300 Chinois<\/p>\n<p>Pr\u00e8s de 1300 \u00e9tudiants chinois sont actuellement inscrits \u00e0 Harvard selon les chiffres officiels et environ 280\u2019000 \u00e9tudient dans d\u2019autres universit\u00e9s aux Etats-Unis.<\/p>\n<p>\u00ab\u00a0La Chine s\u2019est toujours oppos\u00e9e \u00e0 la politisation de la coop\u00e9ration \u00e9ducative\u00a0\u00bb, a r\u00e9agi vendredi le minist\u00e8re chinois des Affaires \u00e9trang\u00e8res, estimant que cette d\u00e9marche \u00ab\u00a0ne fera que nuire \u00e0 l\u2019image et \u00e0 la r\u00e9putation internationale des Etats-Unis\u00a0\u00bb.<\/p>\n<p>Il y a \u00e9galement environ 550 \u00e9tudiants allemands \u00e0 Harvard. La ministre allemande pour la Recherche, Dorothee B\u00e4r, s\u2019est dite \u00ab\u00a0tr\u00e8s, tr\u00e8s pr\u00e9occup\u00e9e par ce qui se passe aux Etats-Unis en ce moment\u00a0\u00bb et par cette \u00ab\u00a0tr\u00e8s, tr\u00e8s mauvaise d\u00e9cision\u00a0\u00bb.<\/p>\n<p>\u00ab\u00a0La d\u00e9cision du gouvernement am\u00e9ricain (\u2026) m\u2019attriste beaucoup. Ce n\u2019est pas un signal positif, ni pour la jeune g\u00e9n\u00e9ration, ni pour le monde libre\u00a0\u00bb, a-t-elle poursuivi.<\/p>\n<p>\u00ab\u00a0Ill\u00e9gales et injustifi\u00e9es\u00a0\u00bb<\/p>\n<p>Dans son bras de fer, le gouvernement am\u00e9ricain avait coup\u00e9 2,7 milliards de dollars de subventions \u00e0 Harvard. L\u2019universit\u00e9, l\u2019une des plus riches au monde, a d\u00e9nonc\u00e9 ces coupes devant les tribunaux disant ne pas vouloir sacrifier sa libert\u00e9 acad\u00e9mique pour tenter de r\u00e9cup\u00e9rer ces fonds.<\/p>\n<p>Selon la ministre am\u00e9ricaine de la S\u00e9curit\u00e9 int\u00e9rieure, Kristi Noem, la d\u00e9cision du gouvernement f\u00e9d\u00e9ral de retirer \u00e0 Harvard son droit de recevoir des \u00e9tudiants \u00e9trangers pourrait aussi priver l\u2019institution d\u2019importants deniers.<\/p>\n<p>La ministre a assorti jeudi sa d\u00e9cision choc d\u2019un ultimatum: si Harvard veut retrouver ce \u00ab\u00a0privil\u00e8ge\u00a0\u00bb, elle doit fournir dans les 72 heures toute une s\u00e9rie d\u2019informations dont elle disposerait sur d\u2019hypoth\u00e9tiques activit\u00e9s \u00ab\u00a0ill\u00e9gales\u00a0\u00bb de ses \u00e9tudiants \u00e9trangers dans les cinq derni\u00e8res ann\u00e9es.<\/p>\n<p>\u00ab\u00a0Nous condamnons ces mesures ill\u00e9gales et injustifi\u00e9es\u00a0\u00bb, a r\u00e9pliqu\u00e9 vendredi dans un communiqu\u00e9 le pr\u00e9sident de Harvard, Alan Garber, pr\u00e9cisant que cette d\u00e9cision \u00ab\u00a0mettait en p\u00e9ril le futur de milliers d\u2019\u00e9tudiants\u00a0\u00bb de l\u2019universit\u00e9 et servait \u00ab\u00a0d\u2019avertissement\u00a0\u00bb \u00e0 ceux qui avaient choisi les Etats-Unis pour \u00e9tudier et \u00ab\u00a0r\u00e9aliser leurs r\u00eaves\u00a0\u00bb.<\/p>\n","protected":false},"excerpt":{"rendered":"Keystone-SDA Bref soupir de soulagement \u00e0 Harvard. Un tribunal am\u00e9ricain a bloqu\u00e9 temporairement vendredi la d\u00e9cision de l&rsquo;administration&hellip;\n","protected":false},"author":2,"featured_media":122638,"comment_status":"","ping_status":"","sticky":false,"template":"","format":"standard","meta":{"footnotes":""},"categories":[1589],"tags":[11,73,1866,12,4384,1864,1865,1863,308],"class_list":{"0":"post-122637","1":"post","2":"type-post","3":"status-publish","4":"format-standard","5":"has-post-thumbnail","7":"category-etats-unis","8":"tag-actualites","9":"tag-etats-unis","10":"tag-etats-unis-damerique","11":"tag-news","12":"tag-ticker","13":"tag-united-states","14":"tag-united-states-of-america","15":"tag-us","16":"tag-usa"},"share_on_mastodon":{"url":"https:\/\/pubeurope.com\/@fr\/114558606127313603","error":""},"_links":{"self":[{"href":"https:\/\/www.europesays.com\/fr\/wp-json\/wp\/v2\/posts\/122637","targetHints":{"allow":["GET"]}}],"collection":[{"href":"https:\/\/www.europesays.com\/fr\/wp-json\/wp\/v2\/posts"}],"about":[{"href":"https:\/\/www.europesays.com\/fr\/wp-json\/wp\/v2\/types\/post"}],"author":[{"embeddable":true,"href":"https:\/\/www.europesays.com\/fr\/wp-json\/wp\/v2\/users\/2"}],"replies":[{"embeddable":true,"href":"https:\/\/www.europesays.com\/fr\/wp-json\/wp\/v2\/comments?post=122637"}],"version-history":[{"count":0,"href":"https:\/\/www.europesays.com\/fr\/wp-json\/wp\/v2\/posts\/122637\/revisions"}],"wp:featuredmedia":[{"embeddable":true,"href":"https:\/\/www.europesays.com\/fr\/wp-json\/wp\/v2\/media\/122638"}],"wp:attachment":[{"href":"https:\/\/www.europesays.com\/fr\/wp-json\/wp\/v2\/media?parent=122637"}],"wp:term":[{"taxonomy":"category","embeddable":true,"href":"https:\/\/www.europesays.com\/fr\/wp-json\/wp\/v2\/categories?post=122637"},{"taxonomy":"post_tag","embeddable":true,"href":"https:\/\/www.europesays.com\/fr\/wp-json\/wp\/v2\/tags?post=122637"}],"curies":[{"name":"wp","href":"https:\/\/api.w.org\/{rel}","templated":true}]}}