{"id":122643,"date":"2025-05-23T18:41:09","date_gmt":"2025-05-23T18:41:09","guid":{"rendered":"https:\/\/www.europesays.com\/fr\/122643\/"},"modified":"2025-05-23T18:41:09","modified_gmt":"2025-05-23T18:41:09","slug":"a-brest-les-lyceens-de-la-croix-rouge-sinterrogent-sur-leurope-et-ses-defis","status":"publish","type":"post","link":"https:\/\/www.europesays.com\/fr\/122643\/","title":{"rendered":"\u00c0 Brest, les lyc\u00e9ens de La Croix-Rouge s\u2019interrogent sur l\u2019Europe et ses d\u00e9fis"},"content":{"rendered":"<p>Dans le cadre de la journ\u00e9e europ\u00e9enne organis\u00e9e par Ceci (Cercle Europe citoyennet\u00e9s et identit\u00e9s), Patrice Obert, coauteur du livre \u00ab\u00a0L\u2019Europe et ses d\u00e9fis, l\u2019\u00e9mergence d\u2019une puissance continentale\u00a0\u00bb avec G\u00e9rard Vernier, est venu rencontrer 90 \u00e9l\u00e8ves de premi\u00e8re HGGSP (histoire, g\u00e9ographie, g\u00e9opolitique et sciences politiques) du lyc\u00e9e La Croix-Rouge, ce jeudi 22 mai 2025.<\/p>\n<p>Un art de vivre, l\u2019attirance de l\u2019Europe<\/p>\n<p>L\u2019auteur a expliqu\u00e9\u00a0: \u00ab\u00a0L\u2019Europe a abus\u00e9 de sa puissance et colonis\u00e9 le monde par le pass\u00e9\u00a0\u00bb. Selon lui, \u00ab\u00a0il faut que l\u2019Europe retrouve sa puissance pour la faire respecter. L\u2019Europe est un point de r\u00e9f\u00e9rence, un art de vivre qui attire. Vous devriez vivre un an apr\u00e8s le bac en dehors. Allez \u00e0 l\u2019\u00e9tranger et vous verrez\u00a0\u00bb, a-t-il d\u00e9clar\u00e9 aux jeunes. Il a ensuite \u00e9chang\u00e9 avec les \u00e9l\u00e8ves et r\u00e9pondu \u00e0 leurs nombreuses questions. \u00ab\u00a0Quelles sont les valeurs communes des pays europ\u00e9ens\u00a0?\u00a0\u00bb, \u00ab\u00a0Serait-il possible d\u2019avoir une arm\u00e9e europ\u00e9enne\u00a0?\u00a0\u00bb, \u00ab\u00a0Et un \u00e9largissement de l\u2019Union europ\u00e9enne\u00a0?\u00a0\u00bb, \u00ab\u00a0L\u2019UE peut-elle exclure un membre\u00a0?\u00a0\u00bb. \u00ab\u00a0Non, r\u00e9pond le conf\u00e9rencier. Un pays peut se retirer, mais ne peut pas \u00eatre exclu\u00a0\u00bb.<\/p>\n<p>Patrice Obert, n\u00e9 en 1957, est un haut fonctionnaire et auteur. Il est dipl\u00f4m\u00e9 de Sciences Po Paris et de l\u2019Ena (promotion Droits de l\u2019homme 1979-1981). Il a \u00e9t\u00e9 directeur des moyens g\u00e9n\u00e9raux de la Ville de Paris en 2001 sous Bertrand Delano\u00e9, puis sous Anne Hidalgo, puis a \u00e9t\u00e9 responsable de la mission Campus, avant d\u2019\u00eatre secr\u00e9taire g\u00e9n\u00e9ral du Conseil de l\u2019immobilier. De 2015 \u00e0 2020, il a rejoint la RATP de 2015 \u00e0 2020 comme d\u00e9l\u00e9gu\u00e9 g\u00e9n\u00e9ral. Adh\u00e9rent du parti socialiste de 2001 \u00e0 2017, il s\u2019est pr\u00e9sent\u00e9 en 2014 aux \u00e9lections europ\u00e9ennes sur la liste de la R\u00e9gion Centre sous l\u2019\u00e9tiquette Nous Citoyens.<\/p>\n","protected":false},"excerpt":{"rendered":"Dans le cadre de la journ\u00e9e europ\u00e9enne organis\u00e9e par Ceci (Cercle Europe citoyennet\u00e9s et identit\u00e9s), Patrice Obert, coauteur&hellip;\n","protected":false},"author":2,"featured_media":122644,"comment_status":"","ping_status":"","sticky":false,"template":"","format":"standard","meta":{"footnotes":""},"categories":[1586],"tags":[11,3450,1122,1777,674,1011,27,12,25],"class_list":{"0":"post-122643","1":"post","2":"type-post","3":"status-publish","4":"format-standard","5":"has-post-thumbnail","7":"category-europe","8":"tag-actualites","9":"tag-brest","10":"tag-ecole","11":"tag-eu","12":"tag-europe","13":"tag-fr","14":"tag-france","15":"tag-news","16":"tag-republique-francaise"},"share_on_mastodon":{"url":"https:\/\/pubeurope.com\/@fr\/114558617995815606","error":""},"_links":{"self":[{"href":"https:\/\/www.europesays.com\/fr\/wp-json\/wp\/v2\/posts\/122643","targetHints":{"allow":["GET"]}}],"collection":[{"href":"https:\/\/www.europesays.com\/fr\/wp-json\/wp\/v2\/posts"}],"about":[{"href":"https:\/\/www.europesays.com\/fr\/wp-json\/wp\/v2\/types\/post"}],"author":[{"embeddable":true,"href":"https:\/\/www.europesays.com\/fr\/wp-json\/wp\/v2\/users\/2"}],"replies":[{"embeddable":true,"href":"https:\/\/www.europesays.com\/fr\/wp-json\/wp\/v2\/comments?post=122643"}],"version-history":[{"count":0,"href":"https:\/\/www.europesays.com\/fr\/wp-json\/wp\/v2\/posts\/122643\/revisions"}],"wp:featuredmedia":[{"embeddable":true,"href":"https:\/\/www.europesays.com\/fr\/wp-json\/wp\/v2\/media\/122644"}],"wp:attachment":[{"href":"https:\/\/www.europesays.com\/fr\/wp-json\/wp\/v2\/media?parent=122643"}],"wp:term":[{"taxonomy":"category","embeddable":true,"href":"https:\/\/www.europesays.com\/fr\/wp-json\/wp\/v2\/categories?post=122643"},{"taxonomy":"post_tag","embeddable":true,"href":"https:\/\/www.europesays.com\/fr\/wp-json\/wp\/v2\/tags?post=122643"}],"curies":[{"name":"wp","href":"https:\/\/api.w.org\/{rel}","templated":true}]}}