{"id":12266,"date":"2025-04-09T09:27:12","date_gmt":"2025-04-09T09:27:12","guid":{"rendered":"https:\/\/www.europesays.com\/fr\/12266\/"},"modified":"2025-04-09T09:27:12","modified_gmt":"2025-04-09T09:27:12","slug":"municipales-2026-la-reforme-du-scrutin-a-paris-lyon-et-marseille-adoptee-par-les-deputes","status":"publish","type":"post","link":"https:\/\/www.europesays.com\/fr\/12266\/","title":{"rendered":"Municipales 2026. La r\u00e9forme du scrutin \u00e0 Paris, Lyon et Marseille adopt\u00e9e par les d\u00e9put\u00e9s"},"content":{"rendered":"<p>Il est rare qu&rsquo;un texte examin\u00e9 \u00e0 l&rsquo;Assembl\u00e9e nationale r\u00e9unisse le soutien des macronistes, de LFI et du RN \u00e0 la fois. Et soul\u00e8ve, de l&rsquo;autre, l&rsquo;opposition farouche des communistes, des \u00e9cologistes et d&rsquo;un d\u00e9put\u00e9 LR. C&rsquo;est le cas de la proposition de loi du d\u00e9put\u00e9 Renaissance Sylvain Maillard, soutenue par le gouvernement, qui pr\u00e9voit de <a href=\"https:\/\/www.ledauphine.com\/politique\/2025\/04\/07\/les-deputes-etudient-la-reforme-du-scrutin-a-paris-lyon-et-marseille-ce-lundi\" target=\"_blank\" rel=\"nofollow noopener\">r\u00e9former avant les municipales de 2026 le mode de scrutin de Paris, Lyon et Marseille<\/a>. Les d\u00e9put\u00e9s ont adopt\u00e9 peu apr\u00e8s minuit (116 voix pour, 44 contre) le premier article, c\u0153ur de cette r\u00e9forme, qui fracture au sein m\u00eame de certains groupes parlementaires.<\/p>\n<p>La r\u00e9forme examin\u00e9e \u00ab r\u00e9pond \u00e0 une exigence d\u00e9mocratique fondamentale, celle de la clart\u00e9 et de la lisibilit\u00e9 du suffrage universel dans nos grandes villes \u00bb, en pr\u00e9voyant \u00ab l&rsquo;application du mode de scrutin \u00bb qui pr\u00e9vaut dans les autres municipalit\u00e9s en mettant fin \u00e0 une \u00ab exception \u00bb, a d\u00e9fendu le rapporteur MoDem, Jean-Paul Mattei.\u00a0 L&rsquo;article premier pr\u00e9voit d&rsquo;instaurer deux scrutins distincts pour les trois m\u00e9tropoles, l&rsquo;un pour \u00e9lire les conseillers d&rsquo;arrondissement ou de secteur, l&rsquo;autre pour \u00e9lire ceux du conseil municipal, sur une circonscription unique. <\/p>\n<p>Lyon bien inclus dans la r\u00e9forme<\/p>\n<p>Jean-Paul Mattei avait d\u00e9pos\u00e9 un amendement \u00ab visant \u00e0 exclure Lyon du champ de la r\u00e9forme \u00bb, o\u00f9 la r\u00e9forme aboutirait \u00e0 instaurer trois scrutins le m\u00eame jour, pour les \u00e9lus des arrondissements, de la ville et de la m\u00e9tropole. Mais les d\u00e9put\u00e9s ne l&rsquo;ont pas adopt\u00e9. L&rsquo;article vot\u00e9 propose par ailleurs d&rsquo;abaisser \u00e0 25% la prime majoritaire pour la liste arriv\u00e9e en t\u00eate, au lieu de 50%, comme c&rsquo;est aujourd&rsquo;hui le cas dans les trois villes et partout en France. <\/p>\n<p>\u00ab Votre appel \u00e0 la d\u00e9mocratie n&rsquo;est que le voile d&rsquo;ambitions \u00e0 peine cach\u00e9es parmi les excuses avanc\u00e9es pour justifier cette r\u00e9forme \u00bb, a estim\u00e9 pendant les d\u00e9bats le nouveau pr\u00e9sident du groupe communiste St\u00e9phane Peu, qui a d\u00e9fendu une motion de rejet sur ce texte, largement refoul\u00e9e par les d\u00e9put\u00e9s (51 pour, 222 contre). Il accuse les macronistes de vouloir modifier les r\u00e8gles du scrutin \u00e0 moins d&rsquo;un an des municipales pour tenter de remporter la mairie de Paris. <\/p>\n<p>La r\u00e9forme \u00ab d\u00e9truit un mode d&rsquo;organisation de ces trois villes qui a fait ses preuves, avec le risque de transformer les arrondissements en courroie de transmission de la mairie centrale \u00bb, un argument \u00e9galement avanc\u00e9 par les \u00e9cologistes. Une position similaire a aussi \u00e9t\u00e9 d\u00e9fendue par le d\u00e9put\u00e9 LR <a href=\"https:\/\/www.ledauphine.com\/p\/olivier-marleix\" target=\"_blank\" rel=\"nofollow noopener\">Olivier Marleix<\/a>. Il a d\u00e9nonc\u00e9 l&rsquo;abaissement de la prime majoritaire de 50 \u00e0 25%, une concession, selon lui, des macronistes pour obtenir une majorit\u00e9 sur leur texte, \u00ab en scellant un accord avec le Rassemblement national et avec La France insoumise \u00bb. <\/p>\n<p>Volte-face des R\u00e9publicains<\/p>\n<p>Les deux groupes, de part et d&rsquo;autre de l&rsquo;h\u00e9micycle, ont apport\u00e9 leur soutien \u00e0 la proposition de loi, y voyant une avanc\u00e9e d\u00e9mocratique, avec une meilleure repr\u00e9sentation des oppositions. Olivier Marleix n&rsquo;incarnait toutefois pas la position majoritaire de son groupe, qui a annonc\u00e9 au d\u00e9but des d\u00e9bats, par la voix du d\u00e9put\u00e9 Nicolas Ray, que la plupart des \u00e9lus LR voteraient en faveur la r\u00e9forme. Un surprenant revirement par rapport <a href=\"https:\/\/www.ledauphine.com\/elections\/2025\/04\/02\/la-reforme-du-scrutin-municipale-a-paris-lyon-et-marseille-adoptee-en-commission\" target=\"_blank\" rel=\"nofollow noopener\">au vote d\u00e9fendu en commission<\/a> la semaine derni\u00e8re. <\/p>\n<p>Les socialistes sont \u00e9galement divis\u00e9s : la maire de Paris <a href=\"https:\/\/www.ledauphine.com\/p\/anne-hidalgo\" target=\"_blank\" rel=\"nofollow noopener\">Anne Hidalgo<\/a> est farouchement oppos\u00e9e \u00e0 la r\u00e9forme, quand le maire de Marseille <a href=\"https:\/\/www.ledauphine.com\/p\/benoit-payan\" target=\"_blank\" rel=\"nofollow noopener\">Beno\u00eet Payan<\/a> y est favorable. Dans l&rsquo;h\u00e9micycle, le d\u00e9put\u00e9 Emmanuel Gr\u00e9goire, candidat \u00e0 la primaire socialiste pour la mairie de Paris, \u00e9tait vent debout, d\u00e9non\u00e7ant un \u00ab tripatouillage \u00e9lectoral \u00bb. L&rsquo;examen du texte doit se poursuivre mercredi apr\u00e8s-midi.<\/p>\n","protected":false},"excerpt":{"rendered":"Il est rare qu&rsquo;un texte examin\u00e9 \u00e0 l&rsquo;Assembl\u00e9e nationale r\u00e9unisse le soutien des macronistes, de LFI et du&hellip;\n","protected":false},"author":2,"featured_media":12267,"comment_status":"","ping_status":"","sticky":false,"template":"","format":"standard","meta":{"footnotes":""},"categories":[2814],"tags":[1111,11,4188,1777,674,107,1011,27,329,884,12,316,882,25],"class_list":{"0":"post-12266","1":"post","2":"type-post","3":"status-publish","4":"format-standard","5":"has-post-thumbnail","7":"category-marseille","8":"tag-actu","9":"tag-actualites","10":"tag-elections-municipales","11":"tag-eu","12":"tag-europe","13":"tag-fil-info","14":"tag-fr","15":"tag-france","16":"tag-france-monde","17":"tag-marseille","18":"tag-news","19":"tag-politique","20":"tag-provence-alpes-cote-dazur","21":"tag-republique-francaise"},"share_on_mastodon":{"url":"https:\/\/pubeurope.com\/@fr\/114307297683462433","error":""},"_links":{"self":[{"href":"https:\/\/www.europesays.com\/fr\/wp-json\/wp\/v2\/posts\/12266","targetHints":{"allow":["GET"]}}],"collection":[{"href":"https:\/\/www.europesays.com\/fr\/wp-json\/wp\/v2\/posts"}],"about":[{"href":"https:\/\/www.europesays.com\/fr\/wp-json\/wp\/v2\/types\/post"}],"author":[{"embeddable":true,"href":"https:\/\/www.europesays.com\/fr\/wp-json\/wp\/v2\/users\/2"}],"replies":[{"embeddable":true,"href":"https:\/\/www.europesays.com\/fr\/wp-json\/wp\/v2\/comments?post=12266"}],"version-history":[{"count":0,"href":"https:\/\/www.europesays.com\/fr\/wp-json\/wp\/v2\/posts\/12266\/revisions"}],"wp:featuredmedia":[{"embeddable":true,"href":"https:\/\/www.europesays.com\/fr\/wp-json\/wp\/v2\/media\/12267"}],"wp:attachment":[{"href":"https:\/\/www.europesays.com\/fr\/wp-json\/wp\/v2\/media?parent=12266"}],"wp:term":[{"taxonomy":"category","embeddable":true,"href":"https:\/\/www.europesays.com\/fr\/wp-json\/wp\/v2\/categories?post=12266"},{"taxonomy":"post_tag","embeddable":true,"href":"https:\/\/www.europesays.com\/fr\/wp-json\/wp\/v2\/tags?post=12266"}],"curies":[{"name":"wp","href":"https:\/\/api.w.org\/{rel}","templated":true}]}}