{"id":122669,"date":"2025-05-23T18:58:19","date_gmt":"2025-05-23T18:58:19","guid":{"rendered":"https:\/\/www.europesays.com\/fr\/122669\/"},"modified":"2025-05-23T18:58:19","modified_gmt":"2025-05-23T18:58:19","slug":"damien-charles-et-violette-ont-ete-enleves-par-leur-pere-alex-revele-sa-maladie-a-chloe-ell-est-furieuse-le-resume-de-lepisode-1951-du-lundi-26-mai-2025","status":"publish","type":"post","link":"https:\/\/www.europesays.com\/fr\/122669\/","title":{"rendered":"Damien, Charles et Violette ont \u00e9t\u00e9 enlev\u00e9s par leur p\u00e8re ! Alex r\u00e9v\u00e8le sa maladie \u00e0 Chlo\u00e9, ell est furieuse Le r\u00e9sum\u00e9 de l&rsquo;\u00e9pisode 1951 du lundi 26 mai 2025"},"content":{"rendered":"<p>Dans Demain nous appartient, Violette est d\u00e9sormais aussi s\u00e9questr\u00e9e avec Damien et Charles. Alex avoue \u00e0 Chlo\u00e9 qu&rsquo;il lui a cach\u00e9 sa maladie. Victoire et Fred vivent enfin des jours heureux.<\/p>\n<p><b>Lundi 26 mai 2025 dans <\/b><a href=\"https:\/\/www.programme-tv.net\/programme\/series-tv\/r1549293395-demain-nous-appartient\/\" target=\"_blank\" rel=\"noopener\"><b>Demain nous appartient<\/b><\/a> qui <a href=\"https:\/\/www.programme-tv.net\/news\/series-tv\/373928-exclu-demain-nous-appartient-paul-belmondo-rejoint-le-feuilleton-de-tf1-decouvrez-les-premieres-infos-sur-son-personnage\/\" data-api-deeplink=\"teleloisirs:\/\/news\/373928\" target=\"_blank\" rel=\"noopener\">va bient\u00f4t accueillir Paul Belmondo<\/a> mais aussi <a href=\"https:\/\/www.programme-tv.net\/news\/series-tv\/379544-exclu-jean-luc-reichman-arrive-dans-demain-nous-appartient-tous-les-details-sur-son-personnage-qui-va-vous-emouvoir\/\" data-api-deeplink=\"teleloisirs:\/\/news\/379544\" target=\"_blank\" rel=\"noopener\">Jean-Luc Reichmann<\/a> et dont<a href=\"https:\/\/www.programme-tv.net\/news\/series-tv\/379497-demain-nous-appartient-victoire-dauxerre-la-tueuse-en-serie-vanessa-s-est-mariee-ses-partenaires-de-la-serie-la-felicitent-photos\/\" data-api-deeplink=\"teleloisirs:\/\/news\/379497\" target=\"_blank\" rel=\"noopener\"> une actrice s&rsquo;est mari\u00e9e.<\/a>.. Violette se r\u00e9veille dans une chambre d&rsquo;enfant, elle panique en d\u00e9couvrant la porte verrouill\u00e9e. Charles entend les cris de Violette et en fait part \u00e0 Damien. Ils sont s\u00fbrs qu&rsquo;il s&rsquo;agit de leur s\u0153ur, Charles essaie de l&rsquo;appeler mais elle ne l&rsquo;entend pas.<\/p>\n<p>Demain nous appartient en avance : Le ravisseur de Damien, Charles et Violette est leur p\u00e8re<\/p>\n<p>Au commissariat, Jordan et Bastien apportent leur t\u00e9moignage \u00e0 Karim \u00e0 propos de l&rsquo;enl\u00e8vement de Violette. Philippine culpabilise d&rsquo;avoir laiss\u00e9e Violette chez elle. Le ravisseur n&rsquo;a laiss\u00e9 aucune trace. Audrey les rejoint au commissariat, et propose \u00e0 Philippine de passer \u00e0 la maison pour qu&rsquo;elle ne soit pas seule chez elle. Philippine accepte. Karim et Sara vont chez Priveau qui tente de s&rsquo;enfuir mais Sara le rattrape. Karim interroge \u00e0 nouveau Priveau qui finit par avouer que le ravisseur l&rsquo;a forc\u00e9 \u00e0 r\u00e9cup\u00e9rer encore du gaz anesth\u00e9siant en mena\u00e7ant de s&rsquo;en prendre \u00e0 sa m\u00e8re. Philippine est au fond du seau chez les Roussel, Audrey fait tout pour la soutenir. Philippine s&rsquo;appr\u00eate \u00e0 partir quand elle est prise d&rsquo;un malaise. Dans la maison du ravisseur, la porte de Violette s&rsquo;ouvre et Charles et Damien la rejoignent. Ils arrivent dans la salle \u00e0 manger et d\u00e9couvre&#8230; leur p\u00e8re !<\/p>\n<p>                        Demain nous appartient en avance : Victoire et Fred sont sur un petit nuage<\/p>\n<p>Victoire se r\u00e9veille dans les bras de Fred, ils nagent dans le bonheur apr\u00e8s avoir pass\u00e9 tout le weekend ensemble. Mais Fred doit partir, il est en retard pour son travail. Victoire lui propose des faux certificat m\u00e9dicaux mais il tient bon. Il n&rsquo;a pas le temps de passer se changer et doit garder son pull de No\u00ebl au lyc\u00e9e. Fran\u00e7ois et M\u00e9lody charrient Fred \u00e0 son arriv\u00e9e au lyc\u00e9e et ils r\u00e9clament le r\u00e9cit du d\u00e9but de la romance entre Fred et Victoire. A l&rsquo;h\u00f4pital, Samuel va voir Victoire pour lui dire qu&rsquo;il est l\u00e0 pour elle et qu&rsquo;ils pourraient redonner \u00e0 leur histoire une nouvelle chance. Victoire est sous le choc, puis Samuel lui r\u00e9v\u00e8le que c&rsquo;\u00e9tait une blague. Marine va voir Victoire pour lui dire qu&rsquo;elle a envie de devenir amie avec elle. Victoire est mal \u00e0 l&rsquo;aise.<\/p>\n<p>Demain nous appartient en avance : Alex avoue tout \u00e0 Chlo\u00e9<\/p>\n<p>A l&rsquo;h\u00f4pital, Chlo\u00e9 cherche des gants et d\u00e9place des dossiers d&rsquo;Aaron pour r\u00e9cup\u00e9rer une bo\u00eete. Aaron arrive et s&rsquo;agace nettement en reprochant \u00e0 l&rsquo;infirmi\u00e8re d&rsquo;avoir touch\u00e9 ses dossiers. Chlo\u00e9 se confie sur cet accrochage \u00e0 Noor qui lui r\u00e9pond qu&rsquo;Aaron devait \u00eatre agac\u00e9 pour autre chose. Christelle arrive pour annoncer \u00e0 Chlo\u00e9 qu&rsquo;Alex vient d&rsquo;\u00eatre admis aux urgences. Alex s&rsquo;est ouvert l&rsquo;arcade en tombant dans un escalier, Chlo\u00e9 est tr\u00e8s inqui\u00e8te mais il tente de la rassurer. Mais l&rsquo;infirmi\u00e8re reste soucieuse en raison de ses absences, ses oublis. <a href=\"https:\/\/www.programme-tv.net\/news\/series-tv\/379522-demain-nous-appartient-alex-revele-enfin-sa-tumeur-a-chloe-et-ingrid-chauvin-ne-nous-a-jamais-autant-bouleverses-video\/\" data-api-deeplink=\"teleloisirs:\/\/news\/379522\" target=\"_blank\" rel=\"noopener\">Il finit par tout lui raconter \u00e0 propos de sa tumeur<\/a>. Chlo\u00e9 est choqu\u00e9e et s&rsquo;\u00e9nerve contre son mari qui lui a menti tout ce temps. Elle croise Aaron dans le couloir et ils discutent de la situation. Il essaie de l&rsquo;apaiser. Chlo\u00e9 retourne voir Alex et ils s&rsquo;expliquent et se r\u00e9concilient.<\/p>\n","protected":false},"excerpt":{"rendered":"Dans Demain nous appartient, Violette est d\u00e9sormais aussi s\u00e9questr\u00e9e avec Damien et Charles. Alex avoue \u00e0 Chlo\u00e9 qu&rsquo;il&hellip;\n","protected":false},"author":2,"featured_media":122670,"comment_status":"","ping_status":"","sticky":false,"template":"","format":"standard","meta":{"footnotes":""},"categories":[1356],"tags":[244,3598,5247,58,59,1011,27,5249,5248,5246,252,199,1364],"class_list":{"0":"post-122669","1":"post","2":"type-post","3":"status-publish","4":"format-standard","5":"has-post-thumbnail","7":"category-television","8":"tag-commentaire","9":"tag-demain-nous-appartient","10":"tag-demain-nous-appartient-en-avance","11":"tag-divertissement","12":"tag-entertainment","13":"tag-fr","14":"tag-france","15":"tag-mytf1-max","16":"tag-ru00e9sumu00e9-demain-nous-appartient","17":"tag-ru00e9sumu00e9-en-avance-demain-nous-appartient","18":"tag-television","19":"tag-tf1","20":"tag-tv"},"share_on_mastodon":{"url":"https:\/\/pubeurope.com\/@fr\/114558684748820827","error":""},"_links":{"self":[{"href":"https:\/\/www.europesays.com\/fr\/wp-json\/wp\/v2\/posts\/122669","targetHints":{"allow":["GET"]}}],"collection":[{"href":"https:\/\/www.europesays.com\/fr\/wp-json\/wp\/v2\/posts"}],"about":[{"href":"https:\/\/www.europesays.com\/fr\/wp-json\/wp\/v2\/types\/post"}],"author":[{"embeddable":true,"href":"https:\/\/www.europesays.com\/fr\/wp-json\/wp\/v2\/users\/2"}],"replies":[{"embeddable":true,"href":"https:\/\/www.europesays.com\/fr\/wp-json\/wp\/v2\/comments?post=122669"}],"version-history":[{"count":0,"href":"https:\/\/www.europesays.com\/fr\/wp-json\/wp\/v2\/posts\/122669\/revisions"}],"wp:featuredmedia":[{"embeddable":true,"href":"https:\/\/www.europesays.com\/fr\/wp-json\/wp\/v2\/media\/122670"}],"wp:attachment":[{"href":"https:\/\/www.europesays.com\/fr\/wp-json\/wp\/v2\/media?parent=122669"}],"wp:term":[{"taxonomy":"category","embeddable":true,"href":"https:\/\/www.europesays.com\/fr\/wp-json\/wp\/v2\/categories?post=122669"},{"taxonomy":"post_tag","embeddable":true,"href":"https:\/\/www.europesays.com\/fr\/wp-json\/wp\/v2\/tags?post=122669"}],"curies":[{"name":"wp","href":"https:\/\/api.w.org\/{rel}","templated":true}]}}