{"id":122675,"date":"2025-05-23T19:01:11","date_gmt":"2025-05-23T19:01:11","guid":{"rendered":"https:\/\/www.europesays.com\/fr\/122675\/"},"modified":"2025-05-23T19:01:11","modified_gmt":"2025-05-23T19:01:11","slug":"ces-3-sortes-de-charcuteries-font-exception-et-ne-sont-pas-nefastes-pour-la-sante-selon-une-nutritionniste","status":"publish","type":"post","link":"https:\/\/www.europesays.com\/fr\/122675\/","title":{"rendered":"Ces 3 sortes de charcuteries font exception et ne sont pas n\u00e9fastes pour la sant\u00e9 selon une nutritionniste"},"content":{"rendered":"<p>AFP Videos &#8211; France<\/p>\n<p><a class=\"Td(n) C($inherit) LineClamp(2,45px) D(f) rapidnofollow\" data-uuid=\"058f3709-4012-35a4-9f9f-ca713f2e7d9d\" href=\"https:\/\/fr.news.yahoo.com\/au-carlton-cannes-ma%C3%AEtre-dh%C3%B4tel-063315885.html\" data-ylk=\"elm:hdln;itc:0;pos:1;sec:strm;subsec:moreforyou;cpos:25;ct:video;g:058f3709-4012-35a4-9f9f-ca713f2e7d9d\" data-hosted-type=\"HOSTED\" target=\"_blank\" rel=\"noopener\">Au Carlton de Cannes, un ma\u00eetre d&rsquo;h\u00f4tel qui \u00ab\u00a0g\u00e8re l&rsquo;impr\u00e9visible\u00a0\u00bb depuis 40 ans<\/a><\/p>\n<p class=\"M(0) C($summaryColor) Fz(14px) Lh(1.43em) LineClamp(3,60px)\">Voil\u00e0 pr\u00e8s de 40 ans qu&rsquo;il \u00ab\u00a0g\u00e8re l&rsquo;impr\u00e9visible\u00a0\u00bb: entr\u00e9 au Carlton de Cannes en 1987, Jean-Fran\u00e7ois Pomares quittera ses fonctions de ma\u00eetre d&rsquo;h\u00f4tel dans quelques mois, apr\u00e8s une carri\u00e8re pass\u00e9e \u00e0 satisfaire les demandes des c\u00e9l\u00e9brit\u00e9s comme des clients ordinaires, avec pour r\u00e8gle d&rsquo;or de ne jamais dire non.Dans son m\u00e9tier, le \u00ab\u00a0non\u00a0\u00bb est \u00ab\u00a0impossible\u00a0\u00bb parce que \u00ab\u00a0vous fermez la discussion\u00a0\u00bb, explique \u00e0 l&rsquo;AFP celui qui a commenc\u00e9 \u00e0 travailler pour le palace alors qu&rsquo;il n&rsquo;avait que 15 ans et y a vu d\u00e9filer les plus grandes stars internationales, de Sylvester Stallone \u00e0 Arnold Schwarzenegger en passant par Tony Curtis, Dennis Hopper, Michael Jackson ou, plus r\u00e9cemment, Robert de Niro.\u00a0\u00bbOn est vraiment l\u00e0 pour aller au maximum de ce que l&rsquo;on peut faire\u00a0\u00bb pour le client, ajoute l&rsquo;homme de 61 ans, souriant, en veste blanche et noeud papillon noir, qui s&rsquo;assure tous les soirs que le service du restaurant \u00ab\u00a0Riviera\u00a0\u00bb se d\u00e9roule dans les meilleures conditions.\u00a0\u00bbLa nuit, c&rsquo;est mon \u00e9l\u00e9ment, c&rsquo;est l\u00e0 o\u00f9 je m&rsquo;\u00e9panouis\u00a0\u00bb, affirme le ma\u00eetre d&rsquo;h\u00f4tel, qui finit de travailler vers 3 ou 4 heures du matin. Un moment propice aussi aux rencontres, qui ont \u00e9maill\u00e9 sa carri\u00e8re, comme lors de cette soir\u00e9e d&rsquo;hiver o\u00f9 Alain Delon l&rsquo;aborde.\u00a0\u00bbIl m&rsquo;a demand\u00e9 que je lui ouvre le grand salon\u00a0\u00bb, l\u00e0 o\u00f9 \u00ab\u00a0se sont pass\u00e9s des d\u00eeners du festival du film\u00a0\u00bb, relate Jean-Fran\u00e7ois Pomares. Puis, \u00ab\u00a0pendant quinze minutes, il a commenc\u00e9 \u00e0 m&rsquo;expliquer qu&rsquo;\u00e0 telle table, il y avait untel, etc.\u00a0\u00bb\u00a0\u00bbJe pense que, ce soir-l\u00e0, il avait besoin de retrouver son pass\u00e9\u00a0\u00bb, se souvient celui qui confie n&rsquo;\u00eatre \u00ab\u00a0jamais all\u00e9 voir un film\u00a0\u00bb durant le festival, l&rsquo;\u00e9v\u00e9nement qui lance la saison estivale du palace.Un autre fois, c&rsquo;est avec l&rsquo;actrice am\u00e9ricaine Sharon Stone, venue d\u00eener, qu&rsquo;il a la chance de discuter.\u00a0\u00bbC&rsquo;\u00e9tait la table 24, je m&rsquo;en rappelle encore\u00a0\u00bb. A l&rsquo;\u00e9poque, \u00ab\u00a0elle n&rsquo;\u00e9tait pas du tout connue\u00a0\u00bb, se rem\u00e9more-t-il. \u00ab\u00a0Elle est revenue peut-\u00eatre deux-trois ans apr\u00e8s. L\u00e0, c&rsquo;\u00e9tait vraiment une star mondiale (&#8230;) et j&rsquo;ai eu le plaisir qu&rsquo;elle me reconnaisse.\u00a0\u00bb- \u00ab\u00a0Hurluberlus\u00a0\u00bb du festival -Quand il prend son service, Jean-Fran\u00e7ois Pomares fait d&rsquo;abord la jonction avec l&rsquo;\u00e9quipe du matin: \u00ab\u00a0La transmission d&rsquo;information repr\u00e9sente 70% de notre travail. Si on sait ce que la personne va prendre, o\u00f9 elle veut s&rsquo;asseoir, \u00e0 quelle heure elle va arriver, si elle est en retard ou pas, \u00e7a nous permet de pouvoir anticiper pas mal de choses\u00a0\u00bb, souligne-t-il.M\u00eame si \u00ab\u00a0mon r\u00f4le est de toujours pr\u00e9parer l&rsquo;impr\u00e9visible\u00a0\u00bb, poursuit le ma\u00eetre d&rsquo;h\u00f4tel. \u00ab\u00a0Mais moi j&rsquo;adore, c&rsquo;est l&rsquo;adr\u00e9naline qui me fait vibrer!\u00a0\u00bbComme quand un client lui demande \u00e0 l&rsquo;improviste d&rsquo;organiser sa demande en mariage sur le ponton de la plage.\u00a0\u00ab\u00a0Il a fallu trouver un bouquet de fleurs et dresser quelque chose au bout du ponton. Je ne suis pas tr\u00e8s d\u00e9corateur dans l&rsquo;\u00e2me, pas tr\u00e8s bricoleur et il faut vite r\u00e9fl\u00e9chir (&#8230;) parce qu&rsquo;apr\u00e8s il allait faire nuit\u00a0\u00bb, se souvient celui qui a ensuite \u00e9t\u00e9 invit\u00e9 au mariage, \u00e9galement au Carlton.\u00a0\u00bbOn a aussi beaucoup d&rsquo;hurluberlus qui viennent parce que c&rsquo;est le festival, pour peut-\u00eatre trouver un r\u00f4le\u00a0\u00bb, rel\u00e8ve-t-il, pr\u00e9cisant que, dans son m\u00e9tier, le sourire est \u00ab\u00a0une langue internationale qui ouvre les portes\u00a0\u00bb.\u00a0\u00bbNotre force, c&rsquo;est de nous adapter \u00e0 tout le monde, d&rsquo;\u00eatre en ad\u00e9quation avec toutes les personnes qu&rsquo;on peut croiser, qu&rsquo;elles soient des c\u00e9l\u00e9brit\u00e9s ou pas\u00a0\u00bb, compl\u00e8te le ma\u00eetre d&rsquo;h\u00f4tel, qui dit avoir tr\u00e8s rarement eu affaire \u00e0 des gens abjects.Un jour, il accueille un couple de septuag\u00e9naires qu&rsquo;il ne sent \u00ab\u00a0pas du tout \u00e0 l&rsquo;aise, pas du tout dans leur univers.\u00a0\u00bb\u00a0\u00bbJusqu&rsquo;au moment o\u00f9 la dame me dit: +vous savez, monsieur, mon mari et moi, on travaillait \u00e0 l&rsquo;h\u00f4pital de la Timone \u00e0 Marseille. Mon mari \u00e9tait agent d&rsquo;entretien. Moi, je travaillais \u00e0 la cantine. C&rsquo;est nos enfants qui nous ont offert \u00e7a+\u00a0\u00bb, relate-t-il.\u00a0\u00bbJe me suis arrach\u00e9 comme jamais pour qu&rsquo;ils repartent avec un souvenir exceptionnel\u00a0\u00bb de leur soir\u00e9e, \u00e0 tel point \u00ab\u00a0qu&rsquo;une semaine plus tard, leur fille m&rsquo;a appel\u00e9 pour me dire +merci+\u00a0\u00bb.jra\/pel\/jco<\/p>\n","protected":false},"excerpt":{"rendered":"AFP Videos &#8211; France Au Carlton de Cannes, un ma\u00eetre d&rsquo;h\u00f4tel qui \u00ab\u00a0g\u00e8re l&rsquo;impr\u00e9visible\u00a0\u00bb depuis 40 ans Voil\u00e0&hellip;\n","protected":false},"author":2,"featured_media":122676,"comment_status":"","ping_status":"","sticky":false,"template":"","format":"standard","meta":{"footnotes":""},"categories":[10],"tags":[1011,27,72,24491,487,71],"class_list":{"0":"post-122675","1":"post","2":"type-post","3":"status-publish","4":"format-standard","5":"has-post-thumbnail","7":"category-sante","8":"tag-fr","9":"tag-france","10":"tag-health","11":"tag-kayla-farrell","12":"tag-lorganisation-mondiale-de-la-sante","13":"tag-sante"},"share_on_mastodon":{"url":"https:\/\/pubeurope.com\/@fr\/114558696389440322","error":""},"_links":{"self":[{"href":"https:\/\/www.europesays.com\/fr\/wp-json\/wp\/v2\/posts\/122675","targetHints":{"allow":["GET"]}}],"collection":[{"href":"https:\/\/www.europesays.com\/fr\/wp-json\/wp\/v2\/posts"}],"about":[{"href":"https:\/\/www.europesays.com\/fr\/wp-json\/wp\/v2\/types\/post"}],"author":[{"embeddable":true,"href":"https:\/\/www.europesays.com\/fr\/wp-json\/wp\/v2\/users\/2"}],"replies":[{"embeddable":true,"href":"https:\/\/www.europesays.com\/fr\/wp-json\/wp\/v2\/comments?post=122675"}],"version-history":[{"count":0,"href":"https:\/\/www.europesays.com\/fr\/wp-json\/wp\/v2\/posts\/122675\/revisions"}],"wp:featuredmedia":[{"embeddable":true,"href":"https:\/\/www.europesays.com\/fr\/wp-json\/wp\/v2\/media\/122676"}],"wp:attachment":[{"href":"https:\/\/www.europesays.com\/fr\/wp-json\/wp\/v2\/media?parent=122675"}],"wp:term":[{"taxonomy":"category","embeddable":true,"href":"https:\/\/www.europesays.com\/fr\/wp-json\/wp\/v2\/categories?post=122675"},{"taxonomy":"post_tag","embeddable":true,"href":"https:\/\/www.europesays.com\/fr\/wp-json\/wp\/v2\/tags?post=122675"}],"curies":[{"name":"wp","href":"https:\/\/api.w.org\/{rel}","templated":true}]}}