{"id":122679,"date":"2025-05-23T19:03:09","date_gmt":"2025-05-23T19:03:09","guid":{"rendered":"https:\/\/www.europesays.com\/fr\/122679\/"},"modified":"2025-05-23T19:03:09","modified_gmt":"2025-05-23T19:03:09","slug":"le-palmares-reve-de-libe-liberation","status":"publish","type":"post","link":"https:\/\/www.europesays.com\/fr\/122679\/","title":{"rendered":"le palmar\u00e8s r\u00eav\u00e9 de \u00abLib\u00e9\u00bb \u2013 Lib\u00e9ration"},"content":{"rendered":"<p class=\"sc-ksZaOG ehjQrN text-element\">La distribution de r\u00e9compenses en bonne et due forme est pr\u00e9vue samedi 24 mai \u00e0 partir 18h40. Le jeu est ouvert et on ne se risquera pas ici au moindre pronostic. Apr\u00e8s, si la pr\u00e9sidente du jury veut qu\u2019on l\u2019oriente dans ces choix et demande \u00e0 s\u2019appuyer sur notre expertise, on est dispo et d\u2019ailleurs, n\u2019\u00e9coutant que notre d\u00e9sir de nous rendre utiles en toutes circonstances, voici une esquisse pour un palmar\u00e8s id\u00e9al, qui permettrait \u00e0 cette \u00e9dition 2025 de marquer l\u2019histoire du cin\u00e9ma mondial avec un certain panache. Apr\u00e8s, Juliette, vous faites comme vous voulez\u2026<\/p>\n<p><a href=\"https:\/\/www.liberation.fr\/tags\/festival-de-cannes\/\" class=\"sc-hZgfyJ ejgNQT\" target=\"_blank\" rel=\"noopener\"><img decoding=\"async\" alt=\"\" src=\"https:\/\/www.europesays.com\/fr\/wp-content\/uploads\/2025\/05\/https:\/\/cloudfront-eu-central-1.images.arcpublishing.com\/liberation\/EJVVJJM3CZBJPMGOML3B2QLRSE.png\" class=\"sc-hKpBwk fcgVsq\"\/><\/a><\/p>\n<p class=\"sc-ksZaOG ehjQrN text-element\">Le cin\u00e9aste espagnol plonge un p\u00e8re et son jeune fils au c\u0153ur d\u2019une free party au beau milieu des sables, dans un p\u00e9riple tripant \u00e0 la recherche de sa fille disparue. <a href=\"https:\/\/www.liberation.fr\/culture\/cinema\/cannes-2025-sirat-la-fete-infinie-20250515_WJKPEYV72RF5JFSAEB2LFBHOAA\/\" target=\"_blank\" rel=\"noopener\" title=\"https:\/\/www.liberation.fr\/culture\/cinema\/cannes-2025-sirat-la-fete-infinie-20250515_WJKPEYV72RF5JFSAEB2LFBHOAA\/\">Un film plac\u00e9<\/a> en d\u00e9but de Festival et dont on ne s\u2019est toujours pas remis.<\/p>\n<p class=\"sc-ksZaOG ehjQrN text-element\">Virtuose, le thriller du cin\u00e9aste br\u00e9silien sur un universitaire poursuivi par la dictature br\u00e9silienne dans les ann\u00e9es 1970 est tr\u00e8s politique, brutal et joyeux. <a href=\"https:\/\/www.liberation.fr\/culture\/cinema\/cannes-2025-lagent-secret-de-kleber-mendonca-filho-carnaval-de-brio-20250518_T4BI6EFR2JDGTP3LQJ3JKSLQ4A\/?redirected=1\" target=\"_blank\" rel=\"noopener\" title=\"https:\/\/www.liberation.fr\/culture\/cinema\/cannes-2025-lagent-secret-de-kleber-mendonca-filho-carnaval-de-brio-20250518_T4BI6EFR2JDGTP3LQJ3JKSLQ4A\/?redirected=1\">Le film<\/a> lie et imbrique les \u00e9l\u00e9ments des plus sordides aux plus enchanteurs, le cin\u00e9ma et la mort, l\u2019amiti\u00e9 et la d\u00e9shumanisation, une d\u00e9flagration de violence accompagn\u00e9e par un air de proto-samba.<\/p>\n<p class=\"sc-ksZaOG ehjQrN text-element\">Monstre sous opium, femme-vampire\u2026 Le cin\u00e9aste chinois raconte l\u2019errance d\u2019un homme \u00e0 travers un si\u00e8cle de songes, dans une soci\u00e9t\u00e9 o\u00f9 plus personne ne sait r\u00eaver. <a href=\"https:\/\/www.liberation.fr\/culture\/cinema\/cannes-2025-avec-resurrection-bi-gan-fete-de-beaux-reves-20250523_BG3JMETDYNAZJK3HDBQI5SGHEY\/\" target=\"_blank\" rel=\"noopener\" title=\"https:\/\/www.liberation.fr\/culture\/cinema\/cannes-2025-avec-resurrection-bi-gan-fete-de-beaux-reves-20250523_BG3JMETDYNAZJK3HDBQI5SGHEY\/\">Une fiction construite<\/a> comme une s\u00e9rie de feedbacks mentaux o\u00f9 un signe se perp\u00e9tue en boucle comme une r\u00e9manence hypnotique, autant de souvenirs de la maison des morts\u2026 Renversant.<\/p>\n<p class=\"sc-ksZaOG ehjQrN text-element\">Adaptation du roman \u00e9ponyme de Fatima Daas, <a href=\"https:\/\/www.liberation.fr\/culture\/cinema\/cannes-2025-la-petite-derniere-un-coeur-tout-meuf-20250516_OKJRADMKPNDPLO3XFCOUVDVMH4\/\" target=\"_blank\" rel=\"noopener\" title=\"https:\/\/www.liberation.fr\/culture\/cinema\/cannes-2025-la-petite-derniere-un-coeur-tout-meuf-20250516_OKJRADMKPNDPLO3XFCOUVDVMH4\/\">le lumineux film<\/a> de la com\u00e9dienne et r\u00e9alisatrice port\u00e9 par la r\u00e9v\u00e9lation Nadia Melliti, bouleverse en suivant l\u2019\u00e9mancipation d\u2019une jeune musulmane lesbienne. Un long m\u00e9trage compos\u00e9 de sc\u00e8nes dessin\u00e9es au petit pinceau, avec l\u2019exactitude du cin\u00e9ma qui romance mais ne triche pas, o\u00f9 s\u2019inscrit toujours la profondeur du v\u00e9cu.<\/p>\n<p class=\"sc-ksZaOG ehjQrN text-element\">A travers une enqu\u00eate de l\u2019IGPN sur un cas de violences polici\u00e8res pendant les gilets jaunes, l\u2019auteur de La nuit du 12 noue un polar social ample et intelligent dans lequel <a href=\"https:\/\/www.liberation.fr\/culture\/cinema\/cannes-2025-dossier-137-police-secousses-20250515_LGVCXW66LREPLFHPQOHFPABD2E\/\" target=\"_blank\" rel=\"noopener\" title=\"https:\/\/www.liberation.fr\/culture\/cinema\/cannes-2025-dossier-137-police-secousses-20250515_LGVCXW66LREPLFHPQOHFPABD2E\/\">L\u00e9a Drucker<\/a> donne \u00e0 la moindre crispation de son menton, au moindre tressaillement de son regard une intensit\u00e9 charg\u00e9e de pallier l\u2019absence d\u2019affect de sa parole proc\u00e9duri\u00e8re.<\/p>\n<p class=\"sc-ksZaOG ehjQrN text-element\">D\u00e9cri\u00e9 pour avoir tourn\u00e9 dans le respect des r\u00e8gles de la r\u00e9publique islamique iranienne, le cin\u00e9aste, pass\u00e9 par la prison en 2023 m\u00e8ne en r\u00e9alit\u00e9 un subtil et violent r\u00e9quisitoire contre le r\u00e9gime. <a href=\"https:\/\/www.liberation.fr\/culture\/cinema\/cannes-2025-woman-and-child-de-saeed-roustayi-liran-a-batons-corrompus-20250522_ZIB4MT6GCBAFJF5VRHKGP54SSI\/\" target=\"_blank\" rel=\"noopener\" title=\"https:\/\/www.liberation.fr\/culture\/cinema\/cannes-2025-woman-and-child-de-saeed-roustayi-liran-a-batons-corrompus-20250522_ZIB4MT6GCBAFJF5VRHKGP54SSI\/\">Magistrale, Parinaz Izadyar<\/a> interpr\u00e8te Mahnaz, h\u00e9ro\u00efne aux antipodes de la m\u00e8re courage. Sa rage brutale, comme un sursaut de vie, ach\u00e8ve de corroder jusqu\u2019aux plus circonspectes r\u00e9serves qu\u2019on peut ressentir face \u00e0 cet objet virtuose\u2026<\/p>\n<p class=\"sc-ksZaOG ehjQrN text-element\">Le film virtuose du r\u00e9alisateur norv\u00e9gien sur le retour d\u2019un cin\u00e9aste absent dans la vie de ses filles adultes, est <a href=\"https:\/\/www.liberation.fr\/culture\/cinema\/cannes-2025-valeur-sentimentale-home-fuite-home-20250522_HYZQZO5IMFFIVA23GC4L7CGCSY\/\" target=\"_blank\" rel=\"noopener\" title=\"https:\/\/www.liberation.fr\/culture\/cinema\/cannes-2025-valeur-sentimentale-home-fuite-home-20250522_HYZQZO5IMFFIVA23GC4L7CGCSY\/\">son plus formidable long m\u00e9trage \u00e0 ce jour<\/a>. Stellan Skarsgard est magistral dans le r\u00f4le d\u2019un vieux cin\u00e9aste misanthrope dont la carri\u00e8re sur le d\u00e9clin pourrait bien \u00eatre relanc\u00e9e avec un nouveau projet autobiographique, refus\u00e9 par sa propre fille actrice mais accept\u00e9 par une star hollywoodienne.<\/p>\n<p class=\"sc-ksZaOG ehjQrN text-element\">Chronique recr\u00e9\u00e9e de la fabrication d\u2019A bout de souffle, <a href=\"https:\/\/www.liberation.fr\/culture\/cinema\/cannes-2025-nouvelle-vague-tournage-de-passe-passe-20250517_FCULUTQ6KJCIDKPNAYN2MHRLYE\/\" target=\"_blank\" rel=\"noopener\" title=\"https:\/\/www.liberation.fr\/culture\/cinema\/cannes-2025-nouvelle-vague-tournage-de-passe-passe-20250517_FCULUTQ6KJCIDKPNAYN2MHRLYE\/\">le film de l\u2019Am\u00e9ricain<\/a>, tourn\u00e9 \u00e0 Paris et en fran\u00e7ais, saisit au pr\u00e9sent les conditions qui ont rendu possible le chef-d\u2019\u0153uvre de Jean-Luc Godard. Une bande de jeunes se balade sur la cr\u00eate entre l\u2019incertitude et la pr\u00e9tention, entre laisser filer le temps et saisir le bon moment.<\/p>\n<p class=\"sc-ksZaOG ehjQrN text-element\">Dans <a href=\"https:\/\/www.liberation.fr\/culture\/cinema\/cannes-2025-un-simple-accident-de-jafar-panahi-critique-sans-detour-du-joug-iranien-20250520_BH7HGVMU65AM7AQZ2A3CEITJUQ\/\" target=\"_blank\" rel=\"noopener\" title=\"https:\/\/www.liberation.fr\/culture\/cinema\/cannes-2025-un-simple-accident-de-jafar-panahi-critique-sans-detour-du-joug-iranien-20250520_BH7HGVMU65AM7AQZ2A3CEITJUQ\/\">son nouveau film<\/a> tourn\u00e9 \u00e0 sa sortie de prison, l\u2019Iranien, figure \u00e9minente de la dissidence, raconte la relation entre une victime et son bourreau, lors d\u2019une vir\u00e9e en van. Un r\u00e8glement de comptes sans d\u00e9tour avec le r\u00e9gime.<\/p>\n<p class=\"sc-ksZaOG ehjQrN text-element\"><a href=\"https:\/\/www.liberation.fr\/culture\/cinema\/cannes-2025-yes-la-charge-survoltee-de-nadav-lapid-contre-la-societe-israelienne-20250522_Z65JGYJCIFGAVPD6OUYMRB5BIQ\/\" target=\"_blank\" rel=\"noopener\" title=\"https:\/\/www.liberation.fr\/culture\/cinema\/cannes-2025-yes-la-charge-survoltee-de-nadav-lapid-contre-la-societe-israelienne-20250522_Z65JGYJCIFGAVPD6OUYMRB5BIQ\/\">Dans un long m\u00e9trage \u00e9puisant et courageux<\/a>, le cin\u00e9aste isra\u00e9lien produit en temps r\u00e9el la satire f\u00e9roce d\u2019un pays ivre de vengeance. Le film, pr\u00e9sent\u00e9 \u00e0 la Quinzaine des cin\u00e9astes, se met r\u00e9guli\u00e8rement \u00e0 vriller, l\u2019image \u00e0 convulser litt\u00e9ralement, la cam\u00e9ra affol\u00e9e, secou\u00e9e par des spasmes de rage et d\u2019indignation.<\/p>\n<p class=\"sc-ksZaOG ehjQrN text-element\">Dans <a href=\"https:\/\/www.liberation.fr\/culture\/cinema\/cannes-2025-nino-trouve-les-mots-pour-le-pire-20250519_IMFLI56EKNFUHPBADHEYK5GLCI\/\" target=\"_blank\" rel=\"noopener\" title=\"https:\/\/www.liberation.fr\/culture\/cinema\/cannes-2025-nino-trouve-les-mots-pour-le-pire-20250519_IMFLI56EKNFUHPBADHEYK5GLCI\/\">ce touchant premier long m\u00e9trage<\/a>, un jeune homme apprend \u00eatre atteint d\u2019un cancer de la gorge mais ne parvient pas \u00e0 en parler \u00e0 ses proches. \u00abComment dire, comment jouir dans sa situation, o\u00f9 \u00eatre hors de chez soi vaut pour \u00eatre hors de soi, loin de son corps qui le rattrape ?\u00bb<\/p>\n<p class=\"sc-ksZaOG ehjQrN text-element\"><a href=\"https:\/\/www.liberation.fr\/culture\/cinema\/cannes-2025-le-rire-et-le-couteau-en-route-libre-20250518_ALZTCUMPDJCTRID3GQK7PZE334\/\" target=\"_blank\" rel=\"noopener\" title=\"https:\/\/www.liberation.fr\/culture\/cinema\/cannes-2025-le-rire-et-le-couteau-en-route-libre-20250518_ALZTCUMPDJCTRID3GQK7PZE334\/\">Le film-fleuve du cin\u00e9aste portugais<\/a> sur un ing\u00e9nieur portugais venu faire une \u00e9tude environnementale en Guin\u00e9e-Bissau, glisse dans les m\u00e9andres des d\u00e9sirs et des incertitudes. Les trois heures trente commencent, elles passeront en un \u00e9clair \u2013 une longue foudre suspendue, \u00e9lectricit\u00e9 lente dans le ciel de Bissau.<\/p>\n<p class=\"sc-ksZaOG ehjQrN text-element\"><a href=\"https:\/\/www.liberation.fr\/culture\/cinema\/cannes-2025-pillion-prix-de-la-mise-en-sm-20250518_ZRJ764SV7FAT5F3PI65FBPCTBE\/\" target=\"_blank\" rel=\"noopener\" title=\"https:\/\/www.liberation.fr\/culture\/cinema\/cannes-2025-pillion-prix-de-la-mise-en-sm-20250518_ZRJ764SV7FAT5F3PI65FBPCTBE\/\">Le premier long m\u00e9trage du r\u00e9alisateur anglais<\/a> suit la relation de domination entre un jeune homme timide et le chef d\u2019un gang de motards. Manifestement inexp\u00e9riment\u00e9 mais imm\u00e9diatement fascin\u00e9 par la personnalit\u00e9 et la carrure de Ray, Colin se laisse d\u00e9licieusement entra\u00eener dans un programme d\u2019asservissement volontaire o\u00f9 il doit coucher sur le tapis au pied du lit de son ma\u00eetre<\/p>\n<p class=\"sc-ksZaOG ehjQrN text-element\">La documentariste iranienne install\u00e9e en France raconte <a href=\"https:\/\/www.liberation.fr\/culture\/cinema\/cannes-2025-put-your-soul-on-your-hand-and-walk-remue-ciel-et-terreur-20250515_4ME74EMTDNDPPEXJXJGWYRYZ3I\/\" target=\"_blank\" rel=\"noreferrer noopener\" title=\"https:\/\/www.liberation.fr\/culture\/cinema\/cannes-2025-put-your-soul-on-your-hand-and-walk-remue-ciel-et-terreur-20250515_4ME74EMTDNDPPEXJXJGWYRYZ3I\/\">l\u2019horreur de la guerre \u00e0 Gaza<\/a> \u00e0 travers le regard de la photographe Fatma Hassouna, <a href=\"https:\/\/www.liberation.fr\/culture\/cinema\/heroine-dun-documentaire-programme-a-cannes-la-photographe-palestinienne-fatma-hassouna-tuee-a-gaza-20250417_4W7EBKS4RJHOZBKQPRJL56S6XQ\/\" target=\"_blank\" rel=\"noreferrer noopener\" title=\"https:\/\/www.liberation.fr\/culture\/cinema\/heroine-dun-documentaire-programme-a-cannes-la-photographe-palestinienne-fatma-hassouna-tuee-a-gaza-20250417_4W7EBKS4RJHOZBKQPRJL56S6XQ\/\">tu\u00e9e par l\u2019arm\u00e9e isra\u00e9lienne avant la diffusion du film<\/a>. Le cin\u00e9ma ne peut rien faire d\u2019autre que de tenter, malgr\u00e9 les interf\u00e9rences, contre le silence de mort exig\u00e9 par les bourreaux, d\u2019entrer en communication avec les vivantes et les vivants, de se reconnecter \u00e0 eux.<\/p>\n","protected":false},"excerpt":{"rendered":"La distribution de r\u00e9compenses en bonne et due forme est pr\u00e9vue samedi 24 mai \u00e0 partir 18h40. Le&hellip;\n","protected":false},"author":2,"featured_media":122680,"comment_status":"","ping_status":"","sticky":false,"template":"","format":"standard","meta":{"footnotes":""},"categories":[8],"tags":[58,59,5634,1011,27],"class_list":{"0":"post-122679","1":"post","2":"type-post","3":"status-publish","4":"format-standard","5":"has-post-thumbnail","7":"category-divertissement","8":"tag-divertissement","9":"tag-entertainment","10":"tag-festival-de-cannes","11":"tag-fr","12":"tag-france"},"share_on_mastodon":{"url":"https:\/\/pubeurope.com\/@fr\/114558704210414212","error":""},"_links":{"self":[{"href":"https:\/\/www.europesays.com\/fr\/wp-json\/wp\/v2\/posts\/122679","targetHints":{"allow":["GET"]}}],"collection":[{"href":"https:\/\/www.europesays.com\/fr\/wp-json\/wp\/v2\/posts"}],"about":[{"href":"https:\/\/www.europesays.com\/fr\/wp-json\/wp\/v2\/types\/post"}],"author":[{"embeddable":true,"href":"https:\/\/www.europesays.com\/fr\/wp-json\/wp\/v2\/users\/2"}],"replies":[{"embeddable":true,"href":"https:\/\/www.europesays.com\/fr\/wp-json\/wp\/v2\/comments?post=122679"}],"version-history":[{"count":0,"href":"https:\/\/www.europesays.com\/fr\/wp-json\/wp\/v2\/posts\/122679\/revisions"}],"wp:featuredmedia":[{"embeddable":true,"href":"https:\/\/www.europesays.com\/fr\/wp-json\/wp\/v2\/media\/122680"}],"wp:attachment":[{"href":"https:\/\/www.europesays.com\/fr\/wp-json\/wp\/v2\/media?parent=122679"}],"wp:term":[{"taxonomy":"category","embeddable":true,"href":"https:\/\/www.europesays.com\/fr\/wp-json\/wp\/v2\/categories?post=122679"},{"taxonomy":"post_tag","embeddable":true,"href":"https:\/\/www.europesays.com\/fr\/wp-json\/wp\/v2\/tags?post=122679"}],"curies":[{"name":"wp","href":"https:\/\/api.w.org\/{rel}","templated":true}]}}