{"id":122683,"date":"2025-05-23T19:05:18","date_gmt":"2025-05-23T19:05:18","guid":{"rendered":"https:\/\/www.europesays.com\/fr\/122683\/"},"modified":"2025-05-23T19:05:18","modified_gmt":"2025-05-23T19:05:18","slug":"totalenergies-maintient-le-cap-y-compris-sur-le-climat-malgre-le-contexte-economique-et-les-critiques-actualites","status":"publish","type":"post","link":"https:\/\/www.europesays.com\/fr\/122683\/","title":{"rendered":"TotalEnergies maintient le cap, y compris sur le climat, malgr\u00e9 le contexte \u00e9conomique et les critiques : Actualit\u00e9s"},"content":{"rendered":"<p class=\"lead \">TotalEnergies maintient le cap dans les hydrocarbures et ses objectifs de transition \u00e9nerg\u00e9tique en d\u00e9pit du contexte \u00e9conomique et malgr\u00e9 les critiques, a affirm\u00e9 son PDG Patrick Pouyann\u00e9 lors de l&rsquo;assembl\u00e9e g\u00e9n\u00e9rale du groupe vendredi, alors que des militants se sont mobilis\u00e9s pour d\u00e9noncer la poursuite de l&rsquo;exploitation des \u00e9nergies fossiles.<\/p>\n<p class=\"lead \">\u00ab\u00a0Notre strat\u00e9gie de produire \u00e0 bas co\u00fbts, alli\u00e9e \u00e0 la discipline sur nos investissements, va nous permettre de r\u00e9sister quand les cours du p\u00e9trole baissent\u00a0\u00bb, a d\u00e9clar\u00e9 son PDG \u00e0 l&rsquo;occasion de sa grand-messe des actionnaires \u00e0 domicile.<\/p>\n<p class=\"lead \">\u00ab\u00a0TotalEnergie maintient le cap (&#8230;) et continue \u00e0 investir de fa\u00e7on tout \u00e0 fait cons\u00e9quente pour faire en sorte que ce second pilier (l&rsquo;\u00e9lectricit\u00e9, ndlr) repr\u00e9sente 20% de nos ventes et production d&rsquo;\u00e9nergie \u00e0 horizon 2030\u00a0\u00bb, a ajout\u00e9 Patrick Pouyann\u00e9.<\/p>\n<p class=\"lead \">L&rsquo;AG s&rsquo;est tenue dans sa tour du quartier d&rsquo;affaires de La D\u00e9fense, plus facile \u00e0 s\u00e9curiser, et non dans un lieu de la capitale, alors que des militants du climat ont tent\u00e9 de s&rsquo;introduire au si\u00e8ge parisien de la banque BNP Paribas, accus\u00e9e de soutenir les activit\u00e9s du groupe dans les hydrocarbures.<\/p>\n<p class=\"lead \">TotalEnergies avait expliqu\u00e9 l&rsquo;an dernier vouloir \u00e9viter d'\u00a0\u00bbimmobiliser un quartier de Paris\u00a0\u00bb, comme en 2023, une \u00e9dition \u00e9maill\u00e9e d&rsquo;\u00e9chauffour\u00e9es entre les forces de l&rsquo;ordre et militants du climat.<\/p>\n<p class=\"lead \">Dans la matin\u00e9e, une dizaine de militants de l&rsquo;organisation \u00e9cologiste XR, certains en costume de ville, ont bri\u00e8vement franchi les grilles du si\u00e8ge de BNP Paribas, avant d&rsquo;en \u00eatre violemment repouss\u00e9s par des policiers, \u00e9chouant \u00e0 rentrer dans les locaux, a constat\u00e9 un journaliste de l&rsquo;AFP. Ils ont d\u00e9vers\u00e9 de l&rsquo;huile sur les escaliers, lanc\u00e9 des faux billets en l&rsquo;air et coll\u00e9 des affiches \u00e0 l&rsquo;effigie de Patrick Pouyann\u00e9 clamant: \u00ab\u00a0On tape sur Total et ses partenaires\u00a0\u00bb.<\/p>\n<p class=\"lead \">Sept personnes ont \u00e9t\u00e9 interpell\u00e9es, a indiqu\u00e9 la Pr\u00e9fecture de police de Paris.<\/p>\n<p class=\"lead \">\u00ab\u00a0BNP Paribas continue \u00e0 financer les \u00e9nergies fossiles, comme la SG (Soci\u00e9t\u00e9 g\u00e9n\u00e9rale), la BPCE, les fonds d&rsquo;investissement du CA (Cr\u00e9dit agricole). Aucune banque n&rsquo;est compl\u00e8tement vertueuse, mais certaines sont quand m\u00eame pires que les autres\u00a0\u00bb, a d\u00e9clar\u00e9 un porte-parole de XR. <\/p>\n<p class=\"lead \">La banque fran\u00e7aise a condamn\u00e9 \u00ab\u00a0fermement (c)es actes agressifs\u00a0\u00bb et \u00ab\u00a0toutes formes de violences physiques subies\u00a0\u00bb par ses collaborateurs, en soulignant que \u00ab\u00a0les nouveaux financements accord\u00e9s par BNP Paribas au secteur de la production d&rsquo;\u00e9nergie sont quasi exclusivement r\u00e9serv\u00e9s aux \u00e9nergies bas carbone\u00a0\u00bb.<\/p>\n<p class=\"lead \">Une heure avant le d\u00e9but de l&rsquo;AG, une cinquantaine de militants de XR ont aussi tent\u00e9 d&rsquo;organiser une \u00ab\u00a0contre-assembl\u00e9e g\u00e9n\u00e9rale\u00a0\u00bb sur le parvis du Sacr\u00e9 Coeur \u00e0 Paris, mais leur banderole a \u00e9t\u00e9 d\u00e9croch\u00e9e par des policiers. \u00ab\u00a0On voit que \u00e7a d\u00e9range le pouvoir qui emp\u00eache cette installation au lieu de planifier la sortie des \u00e9nergies fossiles\u00a0\u00bb, a d\u00e9nonc\u00e9 un porte-parole.<\/p>\n<p class=\"lead \">&#8211; \u00ab\u00a0Clair\u00a0\u00bb sur la strat\u00e9gie, clame TotalEnergies &#8211;<\/p>\n<p class=\"lead \">\u00ab\u00a0Soyons clairs\u00a0\u00bb, a d\u00e9clar\u00e9 M. Pouyann\u00e9, \u00ab\u00a0ce n&rsquo;est pas \u00e0 cause de cette pression que nous sommes engag\u00e9s dans cette strat\u00e9gie de transition (mais) parce que notre analyse (&#8230;), c&rsquo;est que la demande p\u00e9troli\u00e8re, \u00e0 cause des \u00e9volutions technologiques, va \u00e0 un moment ne plus cro\u00eetre et qu&rsquo;\u00e0 l&rsquo;inverse, la demande d&rsquo;\u00e9lectricit\u00e9 va continuer \u00e0 galoper.\u00a0\u00bb<\/p>\n<p class=\"lead \">Dans la rue ou devant les tribunaux, le groupe reste donc sous le feu des critiques, les d\u00e9fenseurs du climat lui reprochant d&rsquo;aggraver le r\u00e9chauffement climatique et de nuire \u00e0 la biodiversit\u00e9 et aux droits humains.<\/p>\n<p class=\"lead \">Le 5 juin, il affronte \u00e0 Paris pour la premi\u00e8re fois un proc\u00e8s pour \u00ab\u00a0publicit\u00e9s mensong\u00e8res\u00a0\u00bb, accus\u00e9 par plusieurs ONG d&rsquo;induire le consommateur en erreur en se pr\u00e9sentant plus vertueux qu&rsquo;il ne l&rsquo;est au sujet de ses ambitions climatiques.<\/p>\n<p class=\"lead \">Le groupe r\u00e9p\u00e8te que le p\u00e9trole et le gaz sont encore n\u00e9cessaires pour r\u00e9pondre \u00e0 la demande d&rsquo;\u00e9nergie mondiale et financer les investissements dans les renouvelables. <\/p>\n<p class=\"lead \">Mais au milieu des revirements sur la transition \u00e9nerg\u00e9tique annonc\u00e9s par les majors europ\u00e9ennes Shell et BP, il s&#8217;emploie \u00e0 se d\u00e9marquer en montrant qu&rsquo;il est \u00ab\u00a0devenu la soci\u00e9t\u00e9 la plus engag\u00e9e dans la transition \u00e9nerg\u00e9tique parmi les majors\u00a0\u00bb.<\/p>\n<p class=\"lead \">TotalEnergies pr\u00e9voit d&rsquo;ajuster ses investissements dans les \u00e9nergies bas carbone, qui repr\u00e9senteront sur la p\u00e9riode 2026-2030 environ un quart du total, selon son dernier rapport sur le climat, contre environ un tiers auparavant.<\/p>\n<p class=\"small font-weight-bold text-gray3 \"> publi\u00e9 le 23 mai \u00e0 17h13, AFP<\/p>\n<p>                             Partager<\/p>\n","protected":false},"excerpt":{"rendered":"TotalEnergies maintient le cap dans les hydrocarbures et ses objectifs de transition \u00e9nerg\u00e9tique en d\u00e9pit du contexte \u00e9conomique&hellip;\n","protected":false},"author":2,"featured_media":122684,"comment_status":"","ping_status":"","sticky":false,"template":"","format":"standard","meta":{"footnotes":""},"categories":[6],"tags":[21335,21810,24492,523,35,1129,33,34,313,436,1011,27,843,18472,895],"class_list":{"0":"post-122683","1":"post","2":"type-post","3":"status-publish","4":"format-standard","5":"has-post-thumbnail","7":"category-economie","8":"tag-lectricit","9":"tag-olien","10":"tag-ag","11":"tag-banque","12":"tag-business","13":"tag-climat","14":"tag-economie","15":"tag-economy","16":"tag-entreprises","17":"tag-environnement","18":"tag-fr","19":"tag-france","20":"tag-gaz","21":"tag-ptrole","22":"tag-solaire"},"share_on_mastodon":{"url":"https:\/\/pubeurope.com\/@fr\/114558712167685903","error":""},"_links":{"self":[{"href":"https:\/\/www.europesays.com\/fr\/wp-json\/wp\/v2\/posts\/122683","targetHints":{"allow":["GET"]}}],"collection":[{"href":"https:\/\/www.europesays.com\/fr\/wp-json\/wp\/v2\/posts"}],"about":[{"href":"https:\/\/www.europesays.com\/fr\/wp-json\/wp\/v2\/types\/post"}],"author":[{"embeddable":true,"href":"https:\/\/www.europesays.com\/fr\/wp-json\/wp\/v2\/users\/2"}],"replies":[{"embeddable":true,"href":"https:\/\/www.europesays.com\/fr\/wp-json\/wp\/v2\/comments?post=122683"}],"version-history":[{"count":0,"href":"https:\/\/www.europesays.com\/fr\/wp-json\/wp\/v2\/posts\/122683\/revisions"}],"wp:featuredmedia":[{"embeddable":true,"href":"https:\/\/www.europesays.com\/fr\/wp-json\/wp\/v2\/media\/122684"}],"wp:attachment":[{"href":"https:\/\/www.europesays.com\/fr\/wp-json\/wp\/v2\/media?parent=122683"}],"wp:term":[{"taxonomy":"category","embeddable":true,"href":"https:\/\/www.europesays.com\/fr\/wp-json\/wp\/v2\/categories?post=122683"},{"taxonomy":"post_tag","embeddable":true,"href":"https:\/\/www.europesays.com\/fr\/wp-json\/wp\/v2\/tags?post=122683"}],"curies":[{"name":"wp","href":"https:\/\/api.w.org\/{rel}","templated":true}]}}