{"id":122687,"date":"2025-05-23T19:07:08","date_gmt":"2025-05-23T19:07:08","guid":{"rendered":"https:\/\/www.europesays.com\/fr\/122687\/"},"modified":"2025-05-23T19:07:08","modified_gmt":"2025-05-23T19:07:08","slug":"les-papys-braqueurs-condamnes-a-des-peines-allant-jusqua-trois-ans-de-prison-ferme","status":"publish","type":"post","link":"https:\/\/www.europesays.com\/fr\/122687\/","title":{"rendered":"les \u00abpapys braqueurs\u00bb condamn\u00e9s \u00e0 des peines allant jusqu\u2019\u00e0 trois ans de prison ferme"},"content":{"rendered":"<p>Devant la cour, la star des r\u00e9seaux sociaux avait d\u00e9crit sa \u00abcertitude de mourir\u00bb et d\u2019\u00eatre \u00abviol\u00e9e\u00bb durant la nuit du 2 au 3 octobre 2016, lors de laquelle quatre braqueurs avaient fait irruption dans sa chambre d\u2019h\u00f4tel. Elle s\u2019est dite \u00absatisfaite\u00bb du verdict.<\/p>\n<p class=\"fig-paragraph\">Un spectaculaire braquage de superstar am\u00e9ricaine en pleine\u00a0<a href=\"http:\/\/www.lefigaro.fr\/lifestyle\/mieux-que-la-fashion-week-en-italie-le-salone-del-mobile-une-fierte-milanaise-20250502\" target=\"_blank\" data-fig-type=\"Article\" rel=\"noopener\" data-gtm-custom-categorie=\"navigation\" data-gtm-custom-action=\"crossclick\" data-gtm-custom-label=\"Contextuel\" data-gtm-event=\"customEventSPE\" data-fig-domain=\"LEFIGARO\">Fashion Week<\/a>\u00a0de Paris, et neuf ans apr\u00e8s, la d\u00e9cision. La cour d\u2019assises de Paris a condamn\u00e9 vendredi les \u00abpapys braqueurs\u00bb de la star am\u00e9ricaine Kim Kardashian \u00e0 des peines allant jusqu\u2019\u00e0 huit ans de prison dont trois ferme, pour le cerveau de l\u2019op\u00e9ration Aomar A\u00eft Khedache, qui ne purgera cependant pas sa peine en prison.<\/p>\n<p class=\"fig-paragraph\">La cour a d\u00e9cid\u00e9 d\u2019une confusion de peine avec une pr\u00e9c\u00e9dente condamnation \u00e0 cinq ans de prison dans son cas, ce qui signifie qu\u2019il ne retournera pas en d\u00e9tention, comme aucun autre des accus\u00e9s, tous condamn\u00e9s \u00e0 des peines largement inf\u00e9rieures \u00e0 celles r\u00e9clam\u00e9es mercredi par l\u2019accusation. La cour a enfin acquitt\u00e9 deux hommes accus\u00e9s d\u2019\u00eatre les \u00abtaupes\u00bb ayant fourni de pr\u00e9cieuses informations sur l\u2019agenda de la reine des influenceuses. Kim Kardashian s\u2019est dite \u00absatisfaite du verdict\u00bb.<\/p>\n<p class=\"fig-paragraph\">Les \u00abpapys braqueurs\u00bb \u00e9taient accus\u00e9s d\u2019avoir s\u00e9questr\u00e9, ligot\u00e9 et d\u00e9pouill\u00e9\u00a0<a href=\"http:\/\/www.lefigaro.fr\/faits-divers\/dossier\/les-diamants-de-la-kardashian-braquage-kim-kardashian\" target=\"_blank\" data-fig-type=\"Topic\" rel=\"noopener\" data-gtm-custom-categorie=\"navigation\" data-gtm-custom-action=\"crossclick\" data-gtm-custom-label=\"Contextuel\" data-gtm-event=\"customEventSPE\" data-fig-domain=\"LEFIGARO\">Kim Kardashian<\/a>\u00a0de 9 millions d\u2019euros de\u00a0<a href=\"http:\/\/www.lefigaro.fr\/style\/vermeil-laiton-plaque-quelles-sont-les-meilleures-alternatives-a-un-bijou-en-or-20250522\" target=\"_blank\" data-fig-type=\"Article\" rel=\"noopener\" data-gtm-custom-categorie=\"navigation\" data-gtm-custom-action=\"crossclick\" data-gtm-custom-label=\"Contextuel\" data-gtm-event=\"customEventSPE\" data-fig-domain=\"LEFIGARO\">bijoux<\/a>\u00a0dans sa chambre d\u2019h\u00f4tel en 2016. Quelques heures avant la condamnation, le \u00abcerveau\u00bb pr\u00e9sum\u00e9 du braquage Aomar A\u00eft Khedache, 69 ans, sourd et quasiment muet, avait not\u00e9 ses derniers mots sur son cahier, lus par son avocate: \u00abJe demande pardon. Je n\u2019arrive pas \u00e0 trouver les mots. Je regrette beaucoup\u00bb, a-t-il \u00e9crit, demandant ensuite \u00abmille pardons\u00bb \u00e0 son fils Harminy, qui avait conduit et r\u00e9cup\u00e9r\u00e9 son p\u00e8re et deux complices cette nuit du 2 au 3 octobre 2016.<\/p>\n<p>\u00abDes regrets \u00e0 vous offrir\u00bb<\/p>\n<p class=\"fig-paragraph\">Lecture d\u2019avocat aussi pour Didier Dubreucq, 69 ans \u00e9galement, qui suivait une chimioth\u00e9rapie en marge du proc\u00e8s pour un cancer mais a d\u00fb \u00eatre hospitalis\u00e9\u00a0: \u00abJamais au grand jamais je n\u2019ai particip\u00e9 au vol de bijoux\u00bb, avait \u00e9crit \u00abYeux bleus\u00bb, jurant ne pas \u00eatre le deuxi\u00e8me homme mont\u00e9 dans la chambre de Kim Kardashian pour la s\u00e9questrer et la d\u00e9pouiller de neuf millions d\u2019euros de bijoux.<\/p>\n<p class=\"fig-paragraph\">Tour \u00e0 tour les autres se sont lev\u00e9s pour dire une fois encore leur \u00abinnocence\u00bb, ou s\u2019excuser: \u00abJ\u2019ai de nouveau que des regrets \u00e0 vous offrir, je suis d\u00e9sol\u00e9, j\u2019assume ce que j\u2019ai fait\u00bb, a d\u00e9clar\u00e9 Yunice Abbas, 71 ans. Contre lui et trois autres braqueurs pr\u00e9sum\u00e9s, l\u2019accusation avait requis mercredi 10 ans de prison, demandant \u00e0 la cour de ne pas se fier \u00e0 leurs \u00abrides rassurantes\u00bb. Au moment des faits, ce sont \u00abdes braqueurs chevronn\u00e9s du grand banditisme\u00bb au casier judiciaire charg\u00e9, pas des \u00abpieds nickel\u00e9s\u00bb. \u00abLa r\u00e9alit\u00e9, c\u2019est qu\u2019ils ont mont\u00e9 un coup et qu\u2019ils ont r\u00e9ussi\u00bb, avait martel\u00e9 l\u2019avocate g\u00e9n\u00e9rale Anne-Dominique Merville.<\/p>\n<p class=\"fig-body-link\">\n            \u00c0 lire aussi<br \/>\n        <a class=\"fig-body-link__link\" href=\"http:\/\/www.lefigaro.fr\/faits-divers\/ils-ont-monte-un-coup-et-ils-ont-reussi-verdict-ce-vendredi-pour-les-braqueurs-de-kim-kardashian-1-20250523\" target=\"_blank\" data-fig-type=\"Article\" rel=\"noopener\" data-gtm-custom-categorie=\"navigation\" data-gtm-custom-action=\"crossclick\" data-gtm-custom-label=\"Contextuel\" data-gtm-event=\"customEventSPE\" data-fig-domain=\"LEFIGARO\">\u00abIls ont mont\u00e9 un coup et ils ont r\u00e9ussi\u00bb\u00a0: verdict ce vendredi pour les braqueurs de Kim Kardashian<br \/>\n    <\/a>\n<\/p>\n<p>\u00abCertitude de mourir\u00bb et d\u2019\u00eatre \u00abviol\u00e9e\u00bb<\/p>\n<p class=\"fig-paragraph\">Quand elle est venue t\u00e9moigner la semaine derni\u00e8re, la star Kim Kardashian avait accept\u00e9 les excuses de son client Aomar A\u00eft Khedache. \u00abJe vous pardonne\u00bb m\u00eame si \u00ab\u00e7a ne change rien au traumatisme\u00bb, \u00abje crois \u00e0 la deuxi\u00e8me chance\u00bb, lui a dit \u00e9mue celle qui \u00e9tudiait le droit depuis six ans et a enfin obtenu son dipl\u00f4me, comme elle l\u2019a annonc\u00e9 jeudi sur les r\u00e9seaux sociaux \u00e0 ses 356 millions de followers.<\/p>\n<p class=\"fig-paragraph\">\u00abHi, I\u2019m Kim Kardashian\u00bb, s\u2019est-elle pr\u00e9sent\u00e9e \u00e0 la barre, dans une tenue parfaitement inhabituelle en ces lieux: robe tailleur noire haute couture, et comme un pied de nez, un collier de diamants \u00e0 trois millions de dollars et une bague ressemblant fortement \u00e0 l\u2019\u00e9norme caillou, \u00abthe ring\u00bb, qu\u2019elle exhibait en 2016 sur internet et que les malfrats lui avaient r\u00e9clam\u00e9 d\u2019un fort accent fran\u00e7ais. Pendant plus de quatre heures &#8211; elle avait fini par enlever discr\u00e8tement ses talons &#8211; elle a d\u00e9crit sa \u00abcertitude de mourir\u00bb, d\u2019\u00eatre \u00abviol\u00e9e\u00bb cette nuit-l\u00e0, ses supplications pour qu\u2019elle puisse revoir ses enfants. Puis elle avait quitt\u00e9 la cour. Et a repris le fil de sa vie post\u00e9e sur Instagram, selfies de luxe devant le Ritz ou en p\u00e9niche sous la Tour Eiffel, entre champagne et fourrures, \u00e0 mille lieues de ses \u00abpapys braqueurs\u00bb.<\/p>\n","protected":false},"excerpt":{"rendered":"Devant la cour, la star des r\u00e9seaux sociaux avait d\u00e9crit sa \u00abcertitude de mourir\u00bb et d\u2019\u00eatre \u00abviol\u00e9e\u00bb durant&hellip;\n","protected":false},"author":2,"featured_media":122688,"comment_status":"","ping_status":"","sticky":false,"template":"","format":"standard","meta":{"footnotes":""},"categories":[4],"tags":[119,11,3694,271,2951,3695,3696,118,1011,27,2825,1253,303,8932,12,1072,2694,25,2949],"class_list":{"0":"post-122687","1":"post","2":"type-post","3":"status-publish","4":"format-standard","5":"has-post-thumbnail","7":"category-france","8":"tag-accident","9":"tag-actualites","10":"tag-affaires","11":"tag-crime","12":"tag-criminalite","13":"tag-enquetes","14":"tag-evenements","15":"tag-faits-divers","16":"tag-fr","17":"tag-france","18":"tag-insecurite","19":"tag-islamisme","20":"tag-justice","21":"tag-kim-kardashian","22":"tag-news","23":"tag-police","24":"tag-proces","25":"tag-republique-francaise","26":"tag-violences"},"share_on_mastodon":{"url":"https:\/\/pubeurope.com\/@fr\/114558720001230533","error":""},"_links":{"self":[{"href":"https:\/\/www.europesays.com\/fr\/wp-json\/wp\/v2\/posts\/122687","targetHints":{"allow":["GET"]}}],"collection":[{"href":"https:\/\/www.europesays.com\/fr\/wp-json\/wp\/v2\/posts"}],"about":[{"href":"https:\/\/www.europesays.com\/fr\/wp-json\/wp\/v2\/types\/post"}],"author":[{"embeddable":true,"href":"https:\/\/www.europesays.com\/fr\/wp-json\/wp\/v2\/users\/2"}],"replies":[{"embeddable":true,"href":"https:\/\/www.europesays.com\/fr\/wp-json\/wp\/v2\/comments?post=122687"}],"version-history":[{"count":0,"href":"https:\/\/www.europesays.com\/fr\/wp-json\/wp\/v2\/posts\/122687\/revisions"}],"wp:featuredmedia":[{"embeddable":true,"href":"https:\/\/www.europesays.com\/fr\/wp-json\/wp\/v2\/media\/122688"}],"wp:attachment":[{"href":"https:\/\/www.europesays.com\/fr\/wp-json\/wp\/v2\/media?parent=122687"}],"wp:term":[{"taxonomy":"category","embeddable":true,"href":"https:\/\/www.europesays.com\/fr\/wp-json\/wp\/v2\/categories?post=122687"},{"taxonomy":"post_tag","embeddable":true,"href":"https:\/\/www.europesays.com\/fr\/wp-json\/wp\/v2\/tags?post=122687"}],"curies":[{"name":"wp","href":"https:\/\/api.w.org\/{rel}","templated":true}]}}