{"id":122689,"date":"2025-05-23T19:08:08","date_gmt":"2025-05-23T19:08:08","guid":{"rendered":"https:\/\/www.europesays.com\/fr\/122689\/"},"modified":"2025-05-23T19:08:08","modified_gmt":"2025-05-23T19:08:08","slug":"300-milliards-350-milliards-250-millions-les-chiffres-etonnants-de-donald-trump-sur-le-deficit-commercial-americain","status":"publish","type":"post","link":"https:\/\/www.europesays.com\/fr\/122689\/","title":{"rendered":"300 milliards, 350 milliards, 250 millions&#8230; Les chiffres \u00e9tonnants de Donald Trump sur le d\u00e9ficit commercial am\u00e9ricain"},"content":{"rendered":"<p>Depuis son retour \u00e0 la Maison Blanche, le pr\u00e9sident am\u00e9ricain a chiffr\u00e9, \u00e0 plusieurs reprises, le d\u00e9ficit dont les \u00c9tats-Unis p\u00e2tissent vis-\u00e0-vis de l\u2019Union europ\u00e9enne. Mais ces donn\u00e9es sont aussi surprenantes qu\u2019erratiques.<\/p>\n<p class=\"fig-paragraph\">Les humeurs du\u00a0<a href=\"http:\/\/www.lefigaro.fr\/conjoncture\/surtaxes-des-droits-de-douane-stupeur-a-bruxelles-en-pleine-negociation-avec-l-administration-trump-20250523\" data-fig-type=\"Article\" data-gtm-custom-categorie=\"navigation\" data-gtm-custom-action=\"crossclick\" data-gtm-custom-label=\"Contextuel\" data-gtm-event=\"customEventSPE\" data-fig-domain=\"LEFIGARO\" target=\"_blank\" rel=\"noopener\">pr\u00e9sident am\u00e9ricain<\/a>\u00a0sont changeantes. Ses chiffres aussi. Dans une nouvelle volte-face ce vendredi, Donald Trump a menac\u00e9 l\u2019Union europ\u00e9enne (UE) d\u2019imposer des\u00a0<a href=\"http:\/\/www.lefigaro.fr\/conjoncture\/donald-trump-menace-l-union-europeenne-de-50-de-droits-de-douane-a-partir-du-1er-juin-20250523\" data-fig-type=\"NewsFlash\" data-gtm-custom-categorie=\"navigation\" data-gtm-custom-action=\"crossclick\" data-gtm-custom-label=\"Contextuel\" data-gtm-event=\"customEventSPE\" data-fig-domain=\"LEFIGARO\" target=\"_blank\" rel=\"noopener\">droits de douane de 50%<\/a>\u00a0sur les produits europ\u00e9ens import\u00e9s aux \u00c9tats-Unis \u00e0 compter du 1er juin, estimant que les n\u00e9gociations en cours \u00abne vont nulle part\u00bb. \u00abIl est tr\u00e8s difficile de traiter avec l\u2019UE, cr\u00e9\u00e9e en premier lieu pour profiter des \u00c9tats-Unis d\u2019un point de vue commercial\u00bb, a-t-il martel\u00e9.<\/p>\n<p class=\"fig-paragraph\">Apr\u00e8s avoir d\u00e9nonc\u00e9 p\u00eale-m\u00eale, sur sa plateforme Truth Social, les \u00abbarri\u00e8res commerciales\u00bb,\u00a0<a href=\"http:\/\/www.lefigaro.fr\/social\/pourquoi-la-tva-sociale-va-enflammer-les-debats-des-prochains-mois-20250515\" data-fig-type=\"NewsFlash\" data-gtm-custom-categorie=\"navigation\" data-gtm-custom-action=\"crossclick\" data-gtm-custom-label=\"Contextuel\" data-gtm-event=\"customEventSPE\" data-fig-domain=\"LEFIGARO\" target=\"_blank\" rel=\"noopener\">la TVA<\/a>\u00a0ou encore les \u00abmanipulations mon\u00e9taires\u00bb de ses partenaires europ\u00e9ens, il n\u2019a pas manqu\u00e9 d\u2019\u00e9voquer son indicateur f\u00e9tiche\u00a0: le d\u00e9ficit commercial. Celui-ci s\u2019\u00e9l\u00e8verait, selon lui, \u00e0 \u00abplus de 250 millions de dollars par an\u00bb avec l\u2019UE. Un chiffre aussi surprenant qu\u2019erratique\u00a0: en f\u00e9vrier dernier, Donald Trump parlait de \u00ab300 milliards de dollars\u00bb, soit plus de mille fois plus ; c\u2019\u00e9tait m\u00eame \u00ab350 milliards\u00bb en avril.<\/p>\n<p class=\"fig-paragraph\">Qu\u2019en est-il r\u00e9ellement\u00a0? Les chiffres sont loin d\u2019\u00eatre anodins, surtout lorsqu\u2019il s\u2019agit de partenaires commerciaux aussi importants et \u00e9troitement li\u00e9s que les \u00c9tats-Unis et l\u2019Europe, les deux premiers march\u00e9s mondiaux.\u00a0<a href=\"https:\/\/www.consilium.europa.eu\/fr\/infographics\/eu-us-trade\/\" target=\"_blank\" rel=\"nofollow noopener\" data-gtm-custom-categorie=\"navigation\" data-gtm-custom-action=\"crossclick\" data-gtm-custom-label=\"Contextuel\" data-gtm-event=\"customEventSPE\">Selon Eurostat<\/a>, les \u00e9changes bilat\u00e9raux ont en effet atteint en 2024 un total de 865 milliards d\u2019euros entre les deux blocs, un volume qui a presque doubl\u00e9 en dix ans et qui repr\u00e9sente aujourd\u2019hui pr\u00e8s d\u2019un tiers du commerce mondial.<\/p>\n<p class=\"fig-paragraph\">Dans le d\u00e9tail, toujours selon l\u2019agence de statistique europ\u00e9enne, l\u2019UE a export\u00e9 pour 531,6 milliards d\u2019euros de marchandises vers les \u00c9tats-Unis, soit 20% de ses exportations totales. En retour, elle a import\u00e9 pour 333,4 milliards d\u2019euros de\u00a0<a href=\"http:\/\/www.lefigaro.fr\/conjoncture\/l-excedent-commercial-europeen-une-cible-a-plusieurs-centaines-de-milliards-de-dollars-dans-le-collimateur-de-donald-trump-20250122\" data-fig-type=\"NewsFlash\" data-gtm-custom-categorie=\"navigation\" data-gtm-custom-action=\"crossclick\" data-gtm-custom-label=\"Contextuel\" data-gtm-event=\"customEventSPE\" data-fig-domain=\"LEFIGARO\" target=\"_blank\" rel=\"noopener\">biens am\u00e9ricains<\/a>, soit 13,7 % de ses importations. R\u00e9sultat\u00a0: un exc\u00e9dent commercial pour l\u2019Union de 198,2 milliards d\u2019euros, soit environ 216,8 milliards de dollars. Bien loin, donc, \u00e0 la fois des 300 \u00e0 350 milliards avanc\u00e9s par Donald Trump et des 250 millions \u00e9voqu\u00e9s derni\u00e8rement.<\/p>\n<p class=\"fig-paragraph\">Il n\u2019en reste pas moins que les donn\u00e9es divergent de part et d\u2019autre de l\u2019Atlantique. Selon le\u00a0<a href=\"https:\/\/ustr.gov\/countries-regions\/europe-middle-east\/europe\/european-union\" target=\"_blank\" rel=\"nofollow noopener\" data-gtm-custom-categorie=\"navigation\" data-gtm-custom-action=\"crossclick\" data-gtm-custom-label=\"Contextuel\" data-gtm-event=\"customEventSPE\">Bureau du repr\u00e9sentant am\u00e9ricain au Commerce<\/a>\u00a0(USTR), les exportations am\u00e9ricaines de biens vers l\u2019Europe ont atteint 370,2 milliards de dollars en 2024, contre 605,8 milliards d\u2019importations. Soit un d\u00e9ficit de 235,6 milliards de dollars pour les \u00c9tats-Unis. Un r\u00e9sultat, l\u00e0 encore, tr\u00e8s \u00e9loign\u00e9 des montants avanc\u00e9s par l\u2019ancien pr\u00e9sident.<\/p>\n<p class=\"fig-paragraph\">Surtout, ces chiffres ne tiennent pas compte des \u00e9changes de services, dont les volumes sont pourtant consid\u00e9rables.\u00a0<a href=\"https:\/\/ec.europa.eu\/eurostat\/databrowser\/view\/bop_its6_det__custom_14714488\/bookmark\/table?lang=en&amp;bookmarkId=b420bcd5-59f8-4ae8-91de-0977d0d2ff4b\" target=\"_blank\" rel=\"nofollow noopener\" data-gtm-custom-categorie=\"navigation\" data-gtm-custom-action=\"crossclick\" data-gtm-custom-label=\"Contextuel\" data-gtm-event=\"customEventSPE\">Selon Eurostat<\/a>, en 2023, les \u00c9tats-Unis ont export\u00e9 pour 427,3 milliards d\u2019euros de services vers l\u2019UE, tout en en important pour 318,7 milliards d\u2019euros, g\u00e9n\u00e9rant ainsi un exc\u00e9dent de 108,6 milliards d\u2019euros. Celui-ci refl\u00e8te notamment les profits colossaux r\u00e9alis\u00e9s en Europe par les g\u00e9ants du num\u00e9rique \u2013 Google, Amazon, Facebook, Apple \u2013 mais aussi par d\u2019autres grandes marques am\u00e9ricaines.<\/p>\n<p class=\"fig-paragraph\">Depuis le lancement de sa guerre commerciale en avril, les chiffres, m\u00eame inexacts, sont au c\u0153ur de la rh\u00e9torique de Donald Trump. \u00abL\u2019effet d\u2019annonce est un \u00e9l\u00e9ment cl\u00e9 de la strat\u00e9gie am\u00e9ricaine actuelle. Saturer l\u2019espace m\u00e9diatique de signaux contradictoires est le meilleur moyen de mettre leurs partenaires sous pression et de les pousser \u00e0 des concessions\u00bb, analysait en avril dernier Julien Marcilly, chef \u00e9conomiste chez Global Sovereign Advisory. Mise-t-il de nouveau sur la surench\u00e8re pour obtenir des concessions du Vieux continent\u00a0?<\/p>\n","protected":false},"excerpt":{"rendered":"Depuis son retour \u00e0 la Maison Blanche, le pr\u00e9sident am\u00e9ricain a chiffr\u00e9, \u00e0 plusieurs reprises, le d\u00e9ficit dont&hellip;\n","protected":false},"author":2,"featured_media":122690,"comment_status":"","ping_status":"","sticky":false,"template":"","format":"standard","meta":{"footnotes":""},"categories":[2],"tags":[339,11,340,343,345,350,130,344,352,24493,349,75,981,33,341,313,1011,27,346,342,353,351,347,12,348,354],"class_list":{"0":"post-122689","1":"post","2":"type-post","3":"status-publish","4":"format-standard","5":"has-post-thumbnail","7":"category-actualites","8":"tag-actualite-economique","9":"tag-actualites","10":"tag-bourse","11":"tag-cac-40","12":"tag-chef-dentreprise","13":"tag-concurrence","14":"tag-consommation","15":"tag-creation-dentreprise","16":"tag-crise","17":"tag-deficit-commercial","18":"tag-delocalisations","19":"tag-donald-trump","20":"tag-douane","21":"tag-economie","22":"tag-emploi","23":"tag-entreprises","24":"tag-fr","25":"tag-france","26":"tag-grands-patrons","27":"tag-impots","28":"tag-licenciements","29":"tag-monopole","30":"tag-multinationales","31":"tag-news","32":"tag-privatisation","33":"tag-unio"},"share_on_mastodon":{"url":"https:\/\/pubeurope.com\/@fr\/114558723905156648","error":""},"_links":{"self":[{"href":"https:\/\/www.europesays.com\/fr\/wp-json\/wp\/v2\/posts\/122689","targetHints":{"allow":["GET"]}}],"collection":[{"href":"https:\/\/www.europesays.com\/fr\/wp-json\/wp\/v2\/posts"}],"about":[{"href":"https:\/\/www.europesays.com\/fr\/wp-json\/wp\/v2\/types\/post"}],"author":[{"embeddable":true,"href":"https:\/\/www.europesays.com\/fr\/wp-json\/wp\/v2\/users\/2"}],"replies":[{"embeddable":true,"href":"https:\/\/www.europesays.com\/fr\/wp-json\/wp\/v2\/comments?post=122689"}],"version-history":[{"count":0,"href":"https:\/\/www.europesays.com\/fr\/wp-json\/wp\/v2\/posts\/122689\/revisions"}],"wp:featuredmedia":[{"embeddable":true,"href":"https:\/\/www.europesays.com\/fr\/wp-json\/wp\/v2\/media\/122690"}],"wp:attachment":[{"href":"https:\/\/www.europesays.com\/fr\/wp-json\/wp\/v2\/media?parent=122689"}],"wp:term":[{"taxonomy":"category","embeddable":true,"href":"https:\/\/www.europesays.com\/fr\/wp-json\/wp\/v2\/categories?post=122689"},{"taxonomy":"post_tag","embeddable":true,"href":"https:\/\/www.europesays.com\/fr\/wp-json\/wp\/v2\/tags?post=122689"}],"curies":[{"name":"wp","href":"https:\/\/api.w.org\/{rel}","templated":true}]}}