{"id":122691,"date":"2025-05-23T19:09:14","date_gmt":"2025-05-23T19:09:14","guid":{"rendered":"https:\/\/www.europesays.com\/fr\/122691\/"},"modified":"2025-05-23T19:09:14","modified_gmt":"2025-05-23T19:09:14","slug":"la-ville-a-nouveau-condamnee-aux-prudhommes-deux-choristes-titularises-apres-30-ans-de-cdd","status":"publish","type":"post","link":"https:\/\/www.europesays.com\/fr\/122691\/","title":{"rendered":"la Ville \u00e0 nouveau condamn\u00e9e aux prud\u2019hommes, deux choristes titularis\u00e9s apr\u00e8s 30 ans de CDD"},"content":{"rendered":"<p>Op\u00e9ra de Saint-\u00c9tienne, acte\u00a0II. Apr\u00e8s la victoire d\u2019une choriste aux prud\u2019hommes contre la Ville en mars\u00a02024, deux autres artistes du ch\u0153ur viennent d\u2019obtenir gain de cause devant la juridiction st\u00e9phanoise. Leurs dossiers pr\u00e9sentaient des parcours similaires au sein de l\u2019institution culturelle g\u00e9r\u00e9e en r\u00e9gie directe par la Ville.<\/p>\n<p>Depuis 1993 pour l\u2019un et 1997 pour l\u2019autre, les deux choristes travaillaient pour l\u2019op\u00e9ra de Saint-\u00c9tienne dans le cadre de contrats \u00e0 dur\u00e9e d\u00e9termin\u00e9e (CDD). Durant ces trois d\u00e9cennies, l\u2019op\u00e9ra a \u00e9t\u00e9 leur unique employeur. \u00ab\u00a0Ils \u00e9taient \u00e0 disposition permanente\u00a0\u00bb, confirme Fr\u00e9d\u00e9ric Tchhum.<\/p>\n<p>L\u2019avocat des deux salari\u00e9s rel\u00e8ve, par ailleurs, que \u00ab\u00a0les juges n\u2019ont fait qu\u2019appliquer la&#8230;<\/p>\n","protected":false},"excerpt":{"rendered":"Op\u00e9ra de Saint-\u00c9tienne, acte\u00a0II. Apr\u00e8s la victoire d\u2019une choriste aux prud\u2019hommes contre la Ville en mars\u00a02024, deux autres&hellip;\n","protected":false},"author":2,"featured_media":122692,"comment_status":"","ping_status":"","sticky":false,"template":"","format":"standard","meta":{"footnotes":""},"categories":[9653],"tags":[1111,11,2430,7539,341,1777,674,107,1011,27,3367,873,12,25,4001,7538,801,3140],"class_list":{"0":"post-122691","1":"post","2":"type-post","3":"status-publish","4":"format-standard","5":"has-post-thumbnail","7":"category-saint-etienne","8":"tag-actu","9":"tag-actualites","10":"tag-auvergne-rhone-alpes","11":"tag-edition-loire-sud","12":"tag-emploi","13":"tag-eu","14":"tag-europe","15":"tag-fil-info","16":"tag-fr","17":"tag-france","18":"tag-loire","19":"tag-musique","20":"tag-news","21":"tag-republique-francaise","22":"tag-saint-etienne","23":"tag-saint-etienne-ville","24":"tag-social","25":"tag-spectacle"},"share_on_mastodon":{"url":"https:\/\/pubeurope.com\/@fr\/114558727891555740","error":""},"_links":{"self":[{"href":"https:\/\/www.europesays.com\/fr\/wp-json\/wp\/v2\/posts\/122691","targetHints":{"allow":["GET"]}}],"collection":[{"href":"https:\/\/www.europesays.com\/fr\/wp-json\/wp\/v2\/posts"}],"about":[{"href":"https:\/\/www.europesays.com\/fr\/wp-json\/wp\/v2\/types\/post"}],"author":[{"embeddable":true,"href":"https:\/\/www.europesays.com\/fr\/wp-json\/wp\/v2\/users\/2"}],"replies":[{"embeddable":true,"href":"https:\/\/www.europesays.com\/fr\/wp-json\/wp\/v2\/comments?post=122691"}],"version-history":[{"count":0,"href":"https:\/\/www.europesays.com\/fr\/wp-json\/wp\/v2\/posts\/122691\/revisions"}],"wp:featuredmedia":[{"embeddable":true,"href":"https:\/\/www.europesays.com\/fr\/wp-json\/wp\/v2\/media\/122692"}],"wp:attachment":[{"href":"https:\/\/www.europesays.com\/fr\/wp-json\/wp\/v2\/media?parent=122691"}],"wp:term":[{"taxonomy":"category","embeddable":true,"href":"https:\/\/www.europesays.com\/fr\/wp-json\/wp\/v2\/categories?post=122691"},{"taxonomy":"post_tag","embeddable":true,"href":"https:\/\/www.europesays.com\/fr\/wp-json\/wp\/v2\/tags?post=122691"}],"curies":[{"name":"wp","href":"https:\/\/api.w.org\/{rel}","templated":true}]}}