{"id":122695,"date":"2025-05-23T19:11:25","date_gmt":"2025-05-23T19:11:25","guid":{"rendered":"https:\/\/www.europesays.com\/fr\/122695\/"},"modified":"2025-05-23T19:11:25","modified_gmt":"2025-05-23T19:11:25","slug":"nancy-medaille-dor-de-la-ville-de-nancy-pour-cecile-chery-une-animatrice-engagee","status":"publish","type":"post","link":"https:\/\/www.europesays.com\/fr\/122695\/","title":{"rendered":"Nancy. M\u00e9daille d\u2019or de la Ville de Nancy pour C\u00e9cile Chery, une animatrice engag\u00e9e"},"content":{"rendered":"<p>Vendredi 16\u00a0mai, peu de temps apr\u00e8s avoir d\u00e9voil\u00e9 la plaque du nouvel espace de vie sociale, Mathieu Klein, maire, a remis \u00e0 C\u00e9cile Chery la m\u00e9daille d\u2019or de la Ville de Nancy, en pr\u00e9sence de nombreux \u00e9lus et adh\u00e9rents au club de Saint-Nicolas. Animatrice b\u00e9n\u00e9vole depuis plus de 20 ans, elle intervient r\u00e9guli\u00e8rement pour aider de nombreux enfants pour leurs devoirs et accompagne tous les publics, jeunes et moins jeunes, lors des nombreuses sorties organis\u00e9es (bapt\u00eame de l\u2019air \u00e0 Lun\u00e9ville, f\u00eate d\u2019automne ou acrobranche)\u2026<\/p>\n","protected":false},"excerpt":{"rendered":"Vendredi 16\u00a0mai, peu de temps apr\u00e8s avoir d\u00e9voil\u00e9 la plaque du nouvel espace de vie sociale, Mathieu Klein,&hellip;\n","protected":false},"author":2,"featured_media":122696,"comment_status":"","ping_status":"","sticky":false,"template":"","format":"standard","meta":{"footnotes":""},"categories":[9635],"tags":[1111,11,1704,1777,674,1011,27,775,1702,1703,12,25,801],"class_list":{"0":"post-122695","1":"post","2":"type-post","3":"status-publish","4":"format-standard","5":"has-post-thumbnail","7":"category-nancy","8":"tag-actu","9":"tag-actualites","10":"tag-edition-nancy-et-agglomeration","11":"tag-eu","12":"tag-europe","13":"tag-fr","14":"tag-france","15":"tag-grand-est","16":"tag-nancy","17":"tag-nancy-ville-54b","18":"tag-news","19":"tag-republique-francaise","20":"tag-social"},"share_on_mastodon":{"url":"https:\/\/pubeurope.com\/@fr\/114558735678263400","error":""},"_links":{"self":[{"href":"https:\/\/www.europesays.com\/fr\/wp-json\/wp\/v2\/posts\/122695","targetHints":{"allow":["GET"]}}],"collection":[{"href":"https:\/\/www.europesays.com\/fr\/wp-json\/wp\/v2\/posts"}],"about":[{"href":"https:\/\/www.europesays.com\/fr\/wp-json\/wp\/v2\/types\/post"}],"author":[{"embeddable":true,"href":"https:\/\/www.europesays.com\/fr\/wp-json\/wp\/v2\/users\/2"}],"replies":[{"embeddable":true,"href":"https:\/\/www.europesays.com\/fr\/wp-json\/wp\/v2\/comments?post=122695"}],"version-history":[{"count":0,"href":"https:\/\/www.europesays.com\/fr\/wp-json\/wp\/v2\/posts\/122695\/revisions"}],"wp:featuredmedia":[{"embeddable":true,"href":"https:\/\/www.europesays.com\/fr\/wp-json\/wp\/v2\/media\/122696"}],"wp:attachment":[{"href":"https:\/\/www.europesays.com\/fr\/wp-json\/wp\/v2\/media?parent=122695"}],"wp:term":[{"taxonomy":"category","embeddable":true,"href":"https:\/\/www.europesays.com\/fr\/wp-json\/wp\/v2\/categories?post=122695"},{"taxonomy":"post_tag","embeddable":true,"href":"https:\/\/www.europesays.com\/fr\/wp-json\/wp\/v2\/tags?post=122695"}],"curies":[{"name":"wp","href":"https:\/\/api.w.org\/{rel}","templated":true}]}}