{"id":122699,"date":"2025-05-23T19:13:09","date_gmt":"2025-05-23T19:13:09","guid":{"rendered":"https:\/\/www.europesays.com\/fr\/122699\/"},"modified":"2025-05-23T19:13:09","modified_gmt":"2025-05-23T19:13:09","slug":"autodetermination-un-accompagnement-plus-humain-une-journee-de-reflexion-a-la-faculte-de-droit-de-toulon","status":"publish","type":"post","link":"https:\/\/www.europesays.com\/fr\/122699\/","title":{"rendered":"Autod\u00e9termination, un accompagnement plus humain: une journ\u00e9e de r\u00e9flexion \u00e0 la facult\u00e9 de droit de Toulon"},"content":{"rendered":"<p>\u00ab\u00a0Quelle bagarre pour faire valoir mon poids, dans la balance du savoir \u00e9tabli des non-handicap\u00e9s\u00a0\u00bb. Ces mots sont ceux de R\u00e9mi, handicap\u00e9 moteur et non verbal. Il ne peut ni parler ni \u00e9crire. Gr\u00e2ce \u00e0 la psychophanie, une m\u00e9thode de communication facilit\u00e9e, il a pu d\u00e9crire son ressenti de personne handicap\u00e9e \u00e0 travers un po\u00e8me, r\u00e9cit\u00e9 ce vendredi 23 mai, dans l\u2019amphith\u00e9\u00e2tre de la facult\u00e9 de droit de Toulon.<\/p>\n<p>L\u2019association Umane y a rassembl\u00e9 ses salari\u00e9s et ses b\u00e9n\u00e9ficiaires pour une journ\u00e9e de r\u00e9flexion sur les th\u00e8mes de l\u2019autod\u00e9termination et de l\u2019\u00e9thique. Psycho\u00e9ducateur, sociologue, professeur de droit et autres intervenants ont anim\u00e9 conf\u00e9rences et discussions.<\/p>\n<p>\u00ab\u00a0Donner le pouvoir d\u2019agir\u00a0\u00bb<\/p>\n<p>Le groupe, implant\u00e9 dans la r\u00e9gion, suit des personnes dites \u00ab\u00a0vuln\u00e9rables\u00a0\u00bb : en situation de handicap, \u00e9loign\u00e9es de l\u2019emploi, s\u00e9niors, enfants de l\u2019Aide sociale \u00e0 l\u2019enfance (ASE). Depuis six ans, il organise ce type d\u2019\u00e9v\u00e9nements afin de faire \u00e9voluer leurs pratiques et m\u00e9thodes de travail.<\/p>\n<p>\u00ab\u00a0L\u2019autod\u00e9termination, c\u2019est donner le pouvoir d\u2019agir aux personnes que nous accompagnons. Il faut sortir du poids de l\u2019institution pour leur donner la parole, elles doivent pouvoir exprimer leurs envies et leurs besoins\u00a0\u00bb, explique la pr\u00e9sidente de l\u2019association Umane, Th\u00e9r\u00e8se Forli.<\/p>\n<p>Mais dans la pratique, les professionnels du m\u00e9dico-social rencontrent des difficult\u00e9s pour adopter ce mode de fonctionnement avec les personnes accompagn\u00e9es. \u00ab\u00a0On a tous envie de le faire &#8211; l\u2019autod\u00e9termination &#8211; mais on voit bien que sur le terrain il y a toujours des craintes et des blocages ou un manque de comp\u00e9tences et de connaissances\u00a0\u00bb, argumente Coralie Robin, directrice qualit\u00e9 et innovation d\u2019Umane. Car \u00ab\u00a0soutenir l\u2019expression de la personne et sa capacit\u00e9 \u00e0 d\u00e9cider pour elle-m\u00eame signifie aussi de prendre des risques\u00a0\u00bb, conclut-elle.<\/p>\n","protected":false},"excerpt":{"rendered":"\u00ab\u00a0Quelle bagarre pour faire valoir mon poids, dans la balance du savoir \u00e9tabli des non-handicap\u00e9s\u00a0\u00bb. Ces mots sont&hellip;\n","protected":false},"author":2,"featured_media":122700,"comment_status":"","ping_status":"","sticky":false,"template":"","format":"standard","meta":{"footnotes":""},"categories":[9619],"tags":[1111,11,1777,674,1011,27,12,882,25,71,801,2310],"class_list":{"0":"post-122699","1":"post","2":"type-post","3":"status-publish","4":"format-standard","5":"has-post-thumbnail","7":"category-toulon","8":"tag-actu","9":"tag-actualites","10":"tag-eu","11":"tag-europe","12":"tag-fr","13":"tag-france","14":"tag-news","15":"tag-provence-alpes-cote-dazur","16":"tag-republique-francaise","17":"tag-sante","18":"tag-social","19":"tag-toulon"},"share_on_mastodon":{"url":"https:\/\/pubeurope.com\/@fr\/114558743558953624","error":""},"_links":{"self":[{"href":"https:\/\/www.europesays.com\/fr\/wp-json\/wp\/v2\/posts\/122699","targetHints":{"allow":["GET"]}}],"collection":[{"href":"https:\/\/www.europesays.com\/fr\/wp-json\/wp\/v2\/posts"}],"about":[{"href":"https:\/\/www.europesays.com\/fr\/wp-json\/wp\/v2\/types\/post"}],"author":[{"embeddable":true,"href":"https:\/\/www.europesays.com\/fr\/wp-json\/wp\/v2\/users\/2"}],"replies":[{"embeddable":true,"href":"https:\/\/www.europesays.com\/fr\/wp-json\/wp\/v2\/comments?post=122699"}],"version-history":[{"count":0,"href":"https:\/\/www.europesays.com\/fr\/wp-json\/wp\/v2\/posts\/122699\/revisions"}],"wp:featuredmedia":[{"embeddable":true,"href":"https:\/\/www.europesays.com\/fr\/wp-json\/wp\/v2\/media\/122700"}],"wp:attachment":[{"href":"https:\/\/www.europesays.com\/fr\/wp-json\/wp\/v2\/media?parent=122699"}],"wp:term":[{"taxonomy":"category","embeddable":true,"href":"https:\/\/www.europesays.com\/fr\/wp-json\/wp\/v2\/categories?post=122699"},{"taxonomy":"post_tag","embeddable":true,"href":"https:\/\/www.europesays.com\/fr\/wp-json\/wp\/v2\/tags?post=122699"}],"curies":[{"name":"wp","href":"https:\/\/api.w.org\/{rel}","templated":true}]}}