{"id":122703,"date":"2025-05-23T19:15:08","date_gmt":"2025-05-23T19:15:08","guid":{"rendered":"https:\/\/www.europesays.com\/fr\/122703\/"},"modified":"2025-05-23T19:15:08","modified_gmt":"2025-05-23T19:15:08","slug":"la-star-academy-tour-2025-debarque-a-larena","status":"publish","type":"post","link":"https:\/\/www.europesays.com\/fr\/122703\/","title":{"rendered":"la Star Academy Tour 2025 d\u00e9barque \u00e0 l\u2019Arena"},"content":{"rendered":"<p>            Par<br \/>\n        <strong><br \/>\n            <a href=\"https:\/\/actu.fr\/auteur\/g-martin\" title=\"Consulter tous les articles de Gil Martin\" rel=\"nofollow noopener\" target=\"_blank\">Gil Martin<\/a><br \/>\n        <\/strong><\/p>\n<p>        Publi\u00e9 le<\/p>\n<p>            23 mai 2025 \u00e0 20h18        <\/p>\n<p>La tourn\u00e9e du <strong>Star Academy\u00a0Tour<\/strong> (France, Belgique et Suisse) revient pour une nouvelle \u00e9dition\u00a0: \u00ab\u00a0C\u2019est la plus grande tourn\u00e9e francophone de l\u2019ann\u00e9e\u00a0: 75 dates \u00e0 guichets ferm\u00e9s et plus de 450 000 spectateurs en 2024. La nouvelle tourn\u00e9e reprend en 2025 avec la promesse d\u2019offrir au public de nouveaux moments inoubliables\u00a0\u00bb, annonce l\u2019Arena montpelli\u00e9raine. Rendez-vous ce samedi 24 mai au soir.<\/p>\n<p class=\" wall-content\"><strong>Nouveaux artistes, nouveau show<\/strong><\/p>\n<p class=\" wall-content\">Nouvelle saison, nouveaux artistes (dont Marine, Ebony, Charles, Franck, Ulysse, Marguerite, Ma\u00efa et Maureen et Emma), nouvelle setlist, le Star Academy Tour fait peau neuve. Au programme : chor\u00e9graphies explosives, meilleures reprises des chansons favorites du public et ambiance de folie. \u00ab Revivez le temps d\u2019un soir, aux c\u00f4t\u00e9s de vos acad\u00e9miciens pr\u00e9f\u00e9r\u00e9s, les meilleurs moments de l\u2019aventure au ch\u00e2teau \u00bb.<\/p>\n<p class=\" wall-content\">Et pour les plus nostalgiques, ou les plus grands fans, sachez que Julien Lieb, finaliste malheureux de la pr\u00e9c\u00e9dente saison, assura la premi\u00e8re partie de spectacle.<\/p>\n<p>    <a href=\"https:\/\/www.google.com\/maps\/embed?pb=!1m18!1m12!1m3!1d5781.178495894852!2d3.948909711100426!3d43.57344135746617!2m3!1f0!2f0!3f0!3m2!1i1024!2i768!4f13.1!3m3!1m2!1s0x12b6a4d5fc7a3bf7%3A0x7409bb29f43e093a!2sSud%20de%20France%20Arena!5e0!3m2!1sfr!2sfr!4v1746553646004!5m2!1sfr!2sfr\" title=\"Ouvrie le lien\" rel=\"nofollow noopener\" target=\"_blank\">Cliquez ici pour visualiser le contenu<\/a><\/p>\n<p><strong>&gt; <\/strong>Star Academy Tour 2025 Samedi 24 mai \u00e0 20h\u00a0A la Sud de France Arena<br \/>\nTarifs : 74\u20ac (carr\u00e9 or), 62 \u20ac (cat\u00e9gorie 1) et 52 \u20ac (cat\u00e9gorie 2)\u00a0Le site\u00a0: <a href=\"http:\/\/www.suddefrance-arena.com\" rel=\"nofollow noopener\" target=\"_blank\">www.suddefrance-arena.com<\/a><\/p>\n<p class=\" wall-content\">Suivez toute l\u2019actualit\u00e9 de vos villes et m\u00e9dias favoris en vous inscrivant \u00e0 <a href=\"https:\/\/moncompte.actu.fr\" title=\"D\u00e9couvez Mon Actu\" rel=\"nofollow noopener\" data-trk=\"{&quot;cta&quot;:{&quot;action&quot;:&quot;https:\\\/\\\/moncompte.actu.fr&quot;,&quot;category&quot;:&quot;mon compte&quot;,&quot;from&quot;:&quot;article footer&quot;,&quot;name&quot;:&quot;Mon actu&quot;,&quot;type&quot;:&quot;cta&quot;}}\" target=\"_blank\">Mon Actu<\/a>.<\/p>\n","protected":false},"excerpt":{"rendered":"Par Gil Martin Publi\u00e9 le 23 mai 2025 \u00e0 20h18 La tourn\u00e9e du Star Academy\u00a0Tour (France, Belgique et&hellip;\n","protected":false},"author":2,"featured_media":122704,"comment_status":"","ping_status":"","sticky":false,"template":"","format":"standard","meta":{"footnotes":""},"categories":[9599],"tags":[1111,11,1697,1777,674,1011,27,1652,2208,12,2680,25],"class_list":{"0":"post-122703","1":"post","2":"type-post","3":"status-publish","4":"format-standard","5":"has-post-thumbnail","7":"category-montpellier","8":"tag-actu","9":"tag-actualites","10":"tag-concert","11":"tag-eu","12":"tag-europe","13":"tag-fr","14":"tag-france","15":"tag-loisirs-culture","16":"tag-montpellier","17":"tag-news","18":"tag-occitanie","19":"tag-republique-francaise"},"share_on_mastodon":{"url":"https:\/\/pubeurope.com\/@fr\/114558751467113724","error":""},"_links":{"self":[{"href":"https:\/\/www.europesays.com\/fr\/wp-json\/wp\/v2\/posts\/122703","targetHints":{"allow":["GET"]}}],"collection":[{"href":"https:\/\/www.europesays.com\/fr\/wp-json\/wp\/v2\/posts"}],"about":[{"href":"https:\/\/www.europesays.com\/fr\/wp-json\/wp\/v2\/types\/post"}],"author":[{"embeddable":true,"href":"https:\/\/www.europesays.com\/fr\/wp-json\/wp\/v2\/users\/2"}],"replies":[{"embeddable":true,"href":"https:\/\/www.europesays.com\/fr\/wp-json\/wp\/v2\/comments?post=122703"}],"version-history":[{"count":0,"href":"https:\/\/www.europesays.com\/fr\/wp-json\/wp\/v2\/posts\/122703\/revisions"}],"wp:featuredmedia":[{"embeddable":true,"href":"https:\/\/www.europesays.com\/fr\/wp-json\/wp\/v2\/media\/122704"}],"wp:attachment":[{"href":"https:\/\/www.europesays.com\/fr\/wp-json\/wp\/v2\/media?parent=122703"}],"wp:term":[{"taxonomy":"category","embeddable":true,"href":"https:\/\/www.europesays.com\/fr\/wp-json\/wp\/v2\/categories?post=122703"},{"taxonomy":"post_tag","embeddable":true,"href":"https:\/\/www.europesays.com\/fr\/wp-json\/wp\/v2\/tags?post=122703"}],"curies":[{"name":"wp","href":"https:\/\/api.w.org\/{rel}","templated":true}]}}