{"id":122707,"date":"2025-05-23T19:17:08","date_gmt":"2025-05-23T19:17:08","guid":{"rendered":"https:\/\/www.europesays.com\/fr\/122707\/"},"modified":"2025-05-23T19:17:08","modified_gmt":"2025-05-23T19:17:08","slug":"ou-peut-on-aller-ce-week-end-en-seine-maritime","status":"publish","type":"post","link":"https:\/\/www.europesays.com\/fr\/122707\/","title":{"rendered":"o\u00f9 peut-on aller ce week-end en Seine-Maritime\u00a0?"},"content":{"rendered":"<p>            Par<br \/>\n        <strong><br \/>\n            <a href=\"https:\/\/actu.fr\/auteur\/louise-boutard\" title=\"Consulter tous les articles de Louise Boutard\" rel=\"nofollow noopener\" target=\"_blank\">Louise Boutard<\/a><br \/>\n        <\/strong><\/p>\n<p>        Publi\u00e9 le<\/p>\n<p>            23 mai 2025 \u00e0 20h46        <\/p>\n<p>Les foires \u00e0 tout seront nombreuses en <a href=\"https:\/\/actu.fr\/normandie\/seine-maritime_76\" rel=\"nofollow noopener\" target=\"_blank\">Seine-Maritime<\/a> une nouvelle fois pour le week-end du samedi\u00a024 et du dimanche 25\u00a0mai 2025. Esp\u00e9rons que la m\u00e9t\u00e9o soit au rendez-vous. Voici la liste des <strong>brocantes, vide-greniers et foires \u00e0 tout<\/strong> annonc\u00e9s ces deux jours dans le d\u00e9partement.<\/p>\n<p>Samedi 24\u00a0mai<\/p>\n<p class=\" wall-content\"><strong>Aumale\u2009<\/strong>: bourse aux plantes\/f\u00eate de la nature sur la place des march\u00e9s, parking de la salle des f\u00eates, de 8\u2009h \u00e0 18\u2009h, restauration sur place.<\/p>\n<p class=\" wall-content\"><strong>Buchy<\/strong>\u2009: foire \u00e0 la pu\u00e9riculture, v\u00eatements, jouets, etc. de 9\u2009h \u00e0 17\u2009h sous les halles.<\/p>\n<p class=\" wall-content\"><strong>Caudebec-l\u00e8s-Elbeuf<\/strong>\u2009: vide-greniers de la f\u00eate de la ville, de 6\u2009h \u00e0 18\u2009h, rue de la Commune 1871 et rue Jules-Verne. Organis\u00e9 par Caudebec en f\u00eates.<\/p>\n<p class=\" wall-content\"><strong>Darn\u00e9tal\u2009<\/strong>: foire \u00e0 tout sur le parking de la mairie de 7\u2009h \u00e0 17\u2009h.<\/p>\n<p class=\" wall-content\"><strong>Ferri\u00e8re-en-Bray<\/strong>\u2009: puces couturi\u00e8res dans la salle polyvalente Maurice-Anquetin rue Charles-Gervais de 10\u2009h \u00e0 18\u2009h.<\/p>\n<p class=\" wall-content\"><strong>Le\u00a0Havre<\/strong>\u2009: The Fabulous vintage market de 10\u2009h \u00e0 19\u2009h sur la place Perret, de\u00a0L\u2019association Whoopsies propose un saut dans le pass\u00e9 avec une vente de v\u00eatements et accessoires, d\u00e9coration et meubles, mais aussi de vinyles, pour la 10e \u00e9dition du Fabulous Vintage Market. Des animations et concerts sont aussi organis\u00e9s.<\/p>\n<p class=\" wall-content\"><strong>Montivilliers<\/strong>\u2009: vide-greniers au coll\u00e8ge Raymond-Queneau de 9\u2009h \u00e0 17\u2009h, 8 rue du Champ de foire, entr\u00e9e 1\u00a0\u20ac (gratuit pour les enfants), restauration sur place.<\/p>\n<p class=\" wall-content\"><strong>Montivilliers<\/strong>\u2009: bourse aux livres, de 9\u2009h\u200930 \u00e0 17\u2009h (et d\u00e8s vendredi de 17\u2009h \u00e0 21\u2009h), maison de l\u2019Enfance et de la Famille, 3 rue des Grainetiers.<\/p>\n<p>Dimanche 25\u00a0mai<\/p>\n<p class=\" wall-content\"><strong>Bellencombre<\/strong>\u2009: vide-greniers dans le stade, de 8\u2009h \u00e0 18\u2009h. Restauration sur place.<\/p>\n<p class=\" wall-content\"><strong>Canteleu<\/strong>\u2009: foire \u00e0 tout sur le parking et garages du centre commercial, rue Alexandre-Dumas, de 7\u2009h \u00e0 18\u2009h.<\/p>\n<p class=\" wall-content\"><strong>Epouville<\/strong>\u2009: vide-greniers salle Gaston Grimmaux, rue Joseph-Boulard de 8\u2009h \u00e0 18\u2009h. Entr\u00e9e 1\u00a0\u20ac.<\/p>\n<p class=\" wall-content\"><strong>Gonfreville-l\u2019Orcher<\/strong>\u2009: vide-greniers \u00e0 l\u2019\u00e9cole Jean-Jaur\u00e8s et march\u00e9 aux puces, de 8\u2009h \u00e0 18\u2009h. Entr\u00e9e 1\u00a0\u20ac.<\/p>\n<p class=\" wall-content\"><strong>Gournay-en-Bray<\/strong>\u2009: 23e bourse miniature automobile et jouets anciens dans le gymnase Jules-Ferry, de 8\u2009h\u200930 \u00e0 16\u2009h\u200930. Restauration sur place.<\/p>\n<p class=\" wall-content\"><strong>La Neuville-Chant-d\u2019Oisel<\/strong>\u2009: brocante de jardin et march\u00e9 aux fleurs, artisanat, produits gourmands. au 166 rue du Froc-aux-Moines, de 9\u2009h \u00e0 18\u2009h. Restauration sur place.<\/p>\n<p class=\" wall-content\"><strong>Le\u00a0Havre<\/strong>\u2009: vide-greniers dans la salle des f\u00eates de Bl\u00e9ville, rue Henri-Labbay de 8\u2009h\u200930 \u00e0 17\u2009h. Entr\u00e9e 1\u00a0\u20ac.<\/p>\n<p class=\" wall-content\"><strong>Le\u00a0Havre<\/strong>\u2009: vide-greniers des \u00e9coles Vivaldi et Bellenger, 9 rue du Dr Gibert de 10\u2009h \u00e0 16\u2009h. Entr\u00e9e 1\u00a0\u20ac.<\/p>\n<p class=\" wall-content\"><strong>Le\u00a0Havre<\/strong>\u2009: vide-greniers de l\u2019\u00e9cole Jean-Zay, dans la cour de l\u2019\u00e9cole, 45 rue Jean-Zay, de 8\u2009h \u00e0 17\u2009h. Entr\u00e9e 1\u00a0\u20ac. Restauration sur place.<\/p>\n<p class=\" wall-content\"><strong>Le Mesnil-Esnard<\/strong>\u2009: vide-greniers sur le parking de la salle des f\u00eates, rue des Perets, de 7\u2009h \u00e0 17\u2009h\u200930. Restauration sur place.<\/p>\n<p class=\" wall-content\"><strong>Lillebonne<\/strong>\u2009: vide-greniers sur le parking de la mairie et rue Auguste-Desgenetais, de 7\u2009h\u200930 \u00e0 17\u2009h\u200930. Entr\u00e9e 1\u00a0\u20ac. Restauration sur place.<\/p>\n<p class=\" wall-content\"><strong>Marques<\/strong>\u2009: foire \u00e0 tout sur la place publique, de 6\u2009h \u00e0 18\u2009h. Restauration sur place.<\/p>\n<p class=\" wall-content\"><strong>Mirville<\/strong>\u2009: vide-greniers du comit\u00e9 des f\u00eates campagne, D72 terrain municipal, de 7\u2009h \u00e0 17\u2009h\u200930. Entr\u00e9e 1\u00a0\u20ac.<\/p>\n<p class=\" wall-content\"><strong>Montville<\/strong>\u2009: foire \u00e0 tout sur la pelouse du vieux manoir de 7\u2009h\u200930 \u00e0 17\u2009h\u200930. Restauration sur place.<\/p>\n<p class=\" wall-content\"><strong>Noll\u00e9val<\/strong>\u2009: vide-grenier sur le stade Jacques-Mancardi, rue Marceau Fortin, de 7\u2009h \u00e0 18\u2009h.<\/p>\n<p class=\" wall-content\"><strong>Rouen<\/strong>\u2009: premi\u00e8re foire \u00e0 tout rue des Carmes et rue Saint-Nicolas, de 8\u2009h \u00e0 18\u2009h.<\/p>\n<p class=\" wall-content\"><strong>Rouen<\/strong>\u2009: vide-greniers du quartier libre, 1 rue Malouet, de 10\u2009h \u00e0 19\u2009h. Restauration sur place.<\/p>\n<p class=\" wall-content\"><strong>Saint-Jacques-sur-Darn\u00e9tal<\/strong>\u2009: foire \u00e0 tout organis\u00e9e par l\u2019USSJ Basket dans le parc de la mairie, de 7\u2009h \u00e0 17\u2009h. Restauration sur place.<\/p>\n<p class=\" wall-content\"><strong>Saint-Pa\u00ebr<\/strong>\u2009: vide-greniers dans toute la ville, de 8\u2009h \u00e0 17\u2009h\u200930. Restauration sur place. D\u00e9d\u00e9 le tourneur et son orgue de Barbarie d\u00e9ambulera de 15\u2009h \u00e0 17\u2009h.<\/p>\n<p class=\" wall-content\"><strong>Saint-Sa\u00ebns<\/strong>\u2009: vide-greniers dans le centre-ville, de 8\u2009h \u00e0 18\u2009h. Restauration sur place.<\/p>\n<p class=\" wall-content\"><strong>Saint-Wandrille-Ran\u00e7on<\/strong>\u2009: foire \u00e0 tout dans le sentier de la Fontenelle, de 9\u2009h \u00e0 18\u2009h. Restauration sur place.<\/p>\n<p class=\" wall-content\"><strong>Sotteville-l\u00e8s-Rouen<\/strong>\u2009: vide-greniers de l\u2019\u00e9cole Jean-Jaur\u00e8s, rue Gahineau, de 9\u2009h \u00e0 17\u2009h. Restauration sur place.<\/p>\n<p class=\" wall-content\"><strong>Sotteville-l\u00e8s-Rouen<\/strong>\u2009: foire \u00e0 tout place de Verdun, de 7\u2009h \u00e0 18\u2009h. Restauration sur place.<\/p>\n<p class=\" wall-content\"><strong>Veules-les-Roses<\/strong>\u2009: vide-greniers le long de la grande rue, de 8\u2009h \u00e0 18\u2009h. Organis\u00e9 par l\u2019association TTV.<\/p>\n<p class=\" wall-content\"><strong>Vieux-Manoir<\/strong>\u2009: foire \u00e0 tout sur le terrain de football, route de Buchy, de 6\u2009h \u00e0 19\u2009h. Restauration sur place.<\/p>\n<p class=\" wall-content\"><strong>Yerville<\/strong>\u2009: salon des collectionneurs, place de l\u2019Ancien Coll\u00e8ge, de 9\u2009h \u00e0 12\u2009h. Restauration sur place.<\/p>\n<p class=\" wall-content\"><strong>Ypreville-Biville<\/strong>\u2009: vide-greniers dans le stade de 8\u2009h \u00e0 18\u2009h, entr\u00e9e 1\u00a0\u20ac.<\/p>\n<p>Vous souhaitez annoncer un \u00e9v\u00e9nement festif ou associatif, une initiative locale\u2009? Rendez-vous sur notre <a href=\"https:\/\/www.infolocale.fr\/decouvrir\/actu\/\" rel=\"nofollow noopener\" target=\"_blank\">plateforme Infolocale.<\/a><\/p>\n<p class=\" wall-content\">Suivez toute l\u2019actualit\u00e9 de vos villes et m\u00e9dias favoris en vous inscrivant \u00e0 <a href=\"https:\/\/moncompte.actu.fr\" title=\"D\u00e9couvez Mon Actu\" rel=\"nofollow noopener\" data-trk=\"{&quot;cta&quot;:{&quot;action&quot;:&quot;https:\\\/\\\/moncompte.actu.fr&quot;,&quot;category&quot;:&quot;mon compte&quot;,&quot;from&quot;:&quot;article footer&quot;,&quot;name&quot;:&quot;Mon actu&quot;,&quot;type&quot;:&quot;cta&quot;}}\" target=\"_blank\">Mon Actu<\/a>.<\/p>\n","protected":false},"excerpt":{"rendered":"Par Louise Boutard Publi\u00e9 le 23 mai 2025 \u00e0 20h46 Les foires \u00e0 tout seront nombreuses en Seine-Maritime&hellip;\n","protected":false},"author":2,"featured_media":122708,"comment_status":"","ping_status":"","sticky":false,"template":"","format":"standard","meta":{"footnotes":""},"categories":[9587],"tags":[1111,11,6961,1777,674,10087,1011,27,12,5161,25,9590,104,3365],"class_list":{"0":"post-122707","1":"post","2":"type-post","3":"status-publish","4":"format-standard","5":"has-post-thumbnail","7":"category-rouen","8":"tag-actu","9":"tag-actualites","10":"tag-brocante","11":"tag-eu","12":"tag-europe","13":"tag-foires-a-tout","14":"tag-fr","15":"tag-france","16":"tag-news","17":"tag-normandie","18":"tag-republique-francaise","19":"tag-rouen","20":"tag-societe","21":"tag-vide-greniers"},"share_on_mastodon":{"url":"https:\/\/pubeurope.com\/@fr\/114558759335425905","error":""},"_links":{"self":[{"href":"https:\/\/www.europesays.com\/fr\/wp-json\/wp\/v2\/posts\/122707","targetHints":{"allow":["GET"]}}],"collection":[{"href":"https:\/\/www.europesays.com\/fr\/wp-json\/wp\/v2\/posts"}],"about":[{"href":"https:\/\/www.europesays.com\/fr\/wp-json\/wp\/v2\/types\/post"}],"author":[{"embeddable":true,"href":"https:\/\/www.europesays.com\/fr\/wp-json\/wp\/v2\/users\/2"}],"replies":[{"embeddable":true,"href":"https:\/\/www.europesays.com\/fr\/wp-json\/wp\/v2\/comments?post=122707"}],"version-history":[{"count":0,"href":"https:\/\/www.europesays.com\/fr\/wp-json\/wp\/v2\/posts\/122707\/revisions"}],"wp:featuredmedia":[{"embeddable":true,"href":"https:\/\/www.europesays.com\/fr\/wp-json\/wp\/v2\/media\/122708"}],"wp:attachment":[{"href":"https:\/\/www.europesays.com\/fr\/wp-json\/wp\/v2\/media?parent=122707"}],"wp:term":[{"taxonomy":"category","embeddable":true,"href":"https:\/\/www.europesays.com\/fr\/wp-json\/wp\/v2\/categories?post=122707"},{"taxonomy":"post_tag","embeddable":true,"href":"https:\/\/www.europesays.com\/fr\/wp-json\/wp\/v2\/tags?post=122707"}],"curies":[{"name":"wp","href":"https:\/\/api.w.org\/{rel}","templated":true}]}}