{"id":122715,"date":"2025-05-23T19:22:25","date_gmt":"2025-05-23T19:22:25","guid":{"rendered":"https:\/\/www.europesays.com\/fr\/122715\/"},"modified":"2025-05-23T19:22:25","modified_gmt":"2025-05-23T19:22:25","slug":"une-rennaise-demande-de-laide-pour-sauver-sa-chatte","status":"publish","type":"post","link":"https:\/\/www.europesays.com\/fr\/122715\/","title":{"rendered":"une Rennaise demande de l&rsquo;aide pour sauver sa chatte"},"content":{"rendered":"<p>            Par<br \/>\n        <strong><br \/>\n            <a href=\"https:\/\/actu.fr\/auteur\/lou-batteux\" title=\"Consulter tous les articles de Lou Batteux\" target=\"_blank\" rel=\"noopener\">Lou Batteux<\/a><br \/>\n        <\/strong><\/p>\n<p>        Publi\u00e9 le<\/p>\n<p>            23 mai 2025 \u00e0 16h50        <\/p>\n<p>\u00ab\u2009\u00c7a fait maintenant <strong>six jours que mont chat est coinc\u00e9<\/strong> quelque part dans un immeuble du centre de Rennes\u2009\u00bb, a alert\u00e9 en urgence Lola, jeudi 22\u00a0mai 2025, dans une publication sur son compte Instagram.<\/p>\n<p class=\" wall-content\"><a href=\"https:\/\/www.instagram.com\/p\/DJ95gbvOt_0\/embed\" title=\"Ouvrir le lien sur Instagram\" target=\"_blank\" rel=\"noopener\">Visualiser le contenu sur Instagram<\/a><\/p>\n<p class=\" wall-content\">Sa propri\u00e9taire dit <strong>l\u2019entendre miauler depuis la rue Saint-Melaine<\/strong>, entre le num\u00e9ro\u00a010 et le 14, \u00ab\u2009mais impossible de la localiser pr\u00e9cis\u00e9ment malgr\u00e9 [leurs] recherches\u2009\u00bb. En effet, apr\u00e8s avoir \u00ab\u2009fouill\u00e9 plusieurs endroits\u2009\u00bb avec l\u2019aide de ses proches, Lola suppose que <strong>sa chatte, nomm\u00e9e Pito<\/strong>, s\u2019est \u00ab\u2009peut-\u00eatre retrouv\u00e9e <strong>enferm\u00e9e dans un appartement<\/strong> dont les habitants sont partis depuis plusieurs jours\u2009\u00bb.<\/p>\n<p>\u00ab\u2009Nous avons \u00e9puis\u00e9 toutes nos options pour la secourir\u2009\u00bb<\/p>\n<p class=\" wall-content\">Si elle a pr\u00e9venu <strong>les pompiers qui sont intervenus dimanche 18\u00a0mai<\/strong>, la chatte avait cess\u00e9 de miauler ce jour-l\u00e0. Ils ne l\u2019ont donc pas trouv\u00e9 et <strong>refusent de revenir poursuivre leurs fouilles, <\/strong>d\u2019apr\u00e8s le t\u00e9moignage de Lola.<\/p>\n<p class=\" wall-content\">Inqui\u00e8te pour la survie de sa ch\u00e8re Pito qui <strong>\u00ab\u2009doit \u00eatre affam\u00e9e et assoiff\u00e9e\u2009\u00bb<\/strong>, elle demande de l\u2019aide aux Rennaises et Rennais qui habiteraient dans le coin, qui conna\u00eetraient les lieux ou bien qui auraient du mat\u00e9riel adapt\u00e9.<\/p>\n<p class=\" wall-content\">Si c\u2019est le cas, Lola vous invite \u00e0 <a href=\"https:\/\/www.instagram.com\/lola_sanemeterio\/\" target=\"_blank\" rel=\"noopener\">la contacter par message priv\u00e9 sur Instagram<\/a>.<\/p>\n<p>Vid\u00e9os : en ce moment sur Actu<\/p>\n<p class=\" wall-content\">Suivez toute l\u2019actualit\u00e9 de vos villes et m\u00e9dias favoris en vous inscrivant \u00e0 <a href=\"https:\/\/moncompte.actu.fr\" title=\"D\u00e9couvez Mon Actu\" rel=\"nofollow noopener\" data-trk=\"{&quot;cta&quot;:{&quot;action&quot;:&quot;https:\\\/\\\/moncompte.actu.fr&quot;,&quot;category&quot;:&quot;mon compte&quot;,&quot;from&quot;:&quot;article footer&quot;,&quot;name&quot;:&quot;Mon actu&quot;,&quot;type&quot;:&quot;cta&quot;}}\" target=\"_blank\">Mon Actu<\/a>.<\/p>\n<p>                    <script async src=\"\/\/www.instagram.com\/embed.js\"><\/script><\/p>\n","protected":false},"excerpt":{"rendered":"Par Lou Batteux Publi\u00e9 le 23 mai 2025 \u00e0 16h50 \u00ab\u2009\u00c7a fait maintenant six jours que mont chat&hellip;\n","protected":false},"author":2,"featured_media":122716,"comment_status":"","ping_status":"","sticky":false,"template":"","format":"standard","meta":{"footnotes":""},"categories":[2821],"tags":[1111,11,898,829,7654,1777,674,1011,27,12,1311,584,25,104],"class_list":{"0":"post-122715","1":"post","2":"type-post","3":"status-publish","4":"format-standard","5":"has-post-thumbnail","7":"category-rennes","8":"tag-actu","9":"tag-actualites","10":"tag-alerte","11":"tag-bretagne","12":"tag-chat","13":"tag-eu","14":"tag-europe","15":"tag-fr","16":"tag-france","17":"tag-news","18":"tag-pompiers","19":"tag-rennes","20":"tag-republique-francaise","21":"tag-societe"},"share_on_mastodon":{"url":"https:\/\/pubeurope.com\/@fr\/114558778981897924","error":""},"_links":{"self":[{"href":"https:\/\/www.europesays.com\/fr\/wp-json\/wp\/v2\/posts\/122715","targetHints":{"allow":["GET"]}}],"collection":[{"href":"https:\/\/www.europesays.com\/fr\/wp-json\/wp\/v2\/posts"}],"about":[{"href":"https:\/\/www.europesays.com\/fr\/wp-json\/wp\/v2\/types\/post"}],"author":[{"embeddable":true,"href":"https:\/\/www.europesays.com\/fr\/wp-json\/wp\/v2\/users\/2"}],"replies":[{"embeddable":true,"href":"https:\/\/www.europesays.com\/fr\/wp-json\/wp\/v2\/comments?post=122715"}],"version-history":[{"count":0,"href":"https:\/\/www.europesays.com\/fr\/wp-json\/wp\/v2\/posts\/122715\/revisions"}],"wp:featuredmedia":[{"embeddable":true,"href":"https:\/\/www.europesays.com\/fr\/wp-json\/wp\/v2\/media\/122716"}],"wp:attachment":[{"href":"https:\/\/www.europesays.com\/fr\/wp-json\/wp\/v2\/media?parent=122715"}],"wp:term":[{"taxonomy":"category","embeddable":true,"href":"https:\/\/www.europesays.com\/fr\/wp-json\/wp\/v2\/categories?post=122715"},{"taxonomy":"post_tag","embeddable":true,"href":"https:\/\/www.europesays.com\/fr\/wp-json\/wp\/v2\/tags?post=122715"}],"curies":[{"name":"wp","href":"https:\/\/api.w.org\/{rel}","templated":true}]}}