{"id":122717,"date":"2025-05-23T19:23:10","date_gmt":"2025-05-23T19:23:10","guid":{"rendered":"https:\/\/www.europesays.com\/fr\/122717\/"},"modified":"2025-05-23T19:23:10","modified_gmt":"2025-05-23T19:23:10","slug":"tourisme-le-projet-europa-vallee-projet-immobilier-controverse-refait-surface-en-centre-alsace","status":"publish","type":"post","link":"https:\/\/www.europesays.com\/fr\/122717\/","title":{"rendered":"Tourisme. Le projet Europa Vall\u00e9e, projet immobilier controvers\u00e9, refait surface en Centre-Alsace"},"content":{"rendered":"<p>Ce jeudi 22\u00a0mai, lors de sa commission permanente, \u00e0 huis clos, la CEA a \u00e9mis un avis favorable au projet de sch\u00e9ma de coh\u00e9rence territoriale de la r\u00e9gion de Strasbourg (Scoters), territoire qui englobe notamment le canton d\u2019Erstein. L\u2019avis est assorti de recommandations dont \u00ab\u00a0la mention du projet Europa Vall\u00e9e dans le document d\u2019orientations et d\u2019objectifs m\u00eame si sa faisabilit\u00e9 et sa d\u00e9finition n\u00e9cessitent concertation et \u00e9tudes\u00a0\u00bb, comme l\u2019a r\u00e9v\u00e9l\u00e9 Rue89 Strasbourg.<\/p>\n<p>Europa Vall\u00e9e est le nom d\u2019un projet que la famille Mack, propri\u00e9taire d\u2019<a href=\"https:\/\/www.dna.fr\/p\/europa-park\" target=\"_blank\" rel=\"noopener\">Europa-Park<\/a>, envisage sous la forme d\u2019un complexe h\u00f4telier d\u2019une centaine d\u2019hectares entre Diebolsheim et Sundhouse.<\/p>\n<p>\u00ab\u00a0Le pr\u00e9sident Bierry avait indiqu\u00e9 que le projet ne se ferait pas\u00a0\u00bb<\/p>\n<p>Cet ajout a&#8230;<\/p>\n","protected":false},"excerpt":{"rendered":"Ce jeudi 22\u00a0mai, lors de sa commission permanente, \u00e0 huis clos, la CEA a \u00e9mis un avis favorable&hellip;\n","protected":false},"author":2,"featured_media":122718,"comment_status":"","ping_status":"","sticky":false,"template":"","format":"standard","meta":{"footnotes":""},"categories":[2820],"tags":[1111,11,2389,2649,24497,33,3143,436,1777,674,107,1011,27,775,12,25,24498,640,602],"class_list":{"0":"post-122717","1":"post","2":"type-post","3":"status-publish","4":"format-standard","5":"has-post-thumbnail","7":"category-strasbourg","8":"tag-actu","9":"tag-actualites","10":"tag-alsace","11":"tag-bas-rhin","12":"tag-diebolsheim","13":"tag-economie","14":"tag-edition-selestat-erstein","15":"tag-environnement","16":"tag-eu","17":"tag-europe","18":"tag-fil-info","19":"tag-fr","20":"tag-france","21":"tag-grand-est","22":"tag-news","23":"tag-republique-francaise","24":"tag-secteur-de-benfeld","25":"tag-strasbourg","26":"tag-tourisme"},"share_on_mastodon":{"url":"https:\/\/pubeurope.com\/@fr\/114558782933061045","error":""},"_links":{"self":[{"href":"https:\/\/www.europesays.com\/fr\/wp-json\/wp\/v2\/posts\/122717","targetHints":{"allow":["GET"]}}],"collection":[{"href":"https:\/\/www.europesays.com\/fr\/wp-json\/wp\/v2\/posts"}],"about":[{"href":"https:\/\/www.europesays.com\/fr\/wp-json\/wp\/v2\/types\/post"}],"author":[{"embeddable":true,"href":"https:\/\/www.europesays.com\/fr\/wp-json\/wp\/v2\/users\/2"}],"replies":[{"embeddable":true,"href":"https:\/\/www.europesays.com\/fr\/wp-json\/wp\/v2\/comments?post=122717"}],"version-history":[{"count":0,"href":"https:\/\/www.europesays.com\/fr\/wp-json\/wp\/v2\/posts\/122717\/revisions"}],"wp:featuredmedia":[{"embeddable":true,"href":"https:\/\/www.europesays.com\/fr\/wp-json\/wp\/v2\/media\/122718"}],"wp:attachment":[{"href":"https:\/\/www.europesays.com\/fr\/wp-json\/wp\/v2\/media?parent=122717"}],"wp:term":[{"taxonomy":"category","embeddable":true,"href":"https:\/\/www.europesays.com\/fr\/wp-json\/wp\/v2\/categories?post=122717"},{"taxonomy":"post_tag","embeddable":true,"href":"https:\/\/www.europesays.com\/fr\/wp-json\/wp\/v2\/tags?post=122717"}],"curies":[{"name":"wp","href":"https:\/\/api.w.org\/{rel}","templated":true}]}}