{"id":122719,"date":"2025-05-23T19:24:06","date_gmt":"2025-05-23T19:24:06","guid":{"rendered":"https:\/\/www.europesays.com\/fr\/122719\/"},"modified":"2025-05-23T19:24:06","modified_gmt":"2025-05-23T19:24:06","slug":"strasbourg-les-ambitions-internationales-du-credit-mutuel","status":"publish","type":"post","link":"https:\/\/www.europesays.com\/fr\/122719\/","title":{"rendered":"Strasbourg. Les ambitions internationales du Cr\u00e9dit Mutuel"},"content":{"rendered":"<p class=\"insetTitle\">17\u00a0millions d\u2019euros pour l\u2019enfance d\u00e9favoris\u00e9e<\/p>\n<p>Le Cr\u00e9dit Mutuel a annonc\u00e9, ce vendredi, le lancement d\u2019un programme national pour l\u2019enfance d\u00e9favoris\u00e9e. Dot\u00e9 de 17\u00a0millions d\u2019euros provenant du dividende soci\u00e9tal, il rassemble une coalition d\u2019organisations non gouvernementales. Les sept premi\u00e8res sont le Secours populaire, <a href=\"https:\/\/www.dna.fr\/social\/2025\/03\/07\/on-a-besoin-de-tout-la-collecte-nationale-des-restos-du-coeur-c-est-ce-week-end\" target=\"_blank\" rel=\"noopener\">Les Restos du C\u0153ur<\/a> , le Secours Catholique Caritas France, Im\u2019pactes, la Cimade, M\u00e9decins du Monde et Action \u00c9ducation.<\/p>\n<p>L\u2019h\u00e9bergement d\u2019urgence des enfants, leur acc\u00e8s aux soins et l\u2019acc\u00e8s aux droits seront les trois volets prioritaires. \u00ab\u00a0Imaginer que des mineurs soient \u00e0 la rue me r\u00e9vulse. Savoir que les enfants de l\u2019aide sociale \u00e0 l\u2019enfance ont une esp\u00e9rance de vie inf\u00e9rieure de 20 ans \u00e0 celle de leur g\u00e9n\u00e9ration me r\u00e9volte\u00a0\u00bb, a indiqu\u00e9 Daniel Baal en accueillant le pr\u00e9sident b\u00e9n\u00e9vole des Restos du C\u0153ur, Patrice Douret. \u00ab\u00a0Les Restos accueillent un enfant pauvre sur quatre en France\u00a0\u00bb, a rappel\u00e9 ce dernier, soulignant que \u00ab\u00a0ce sont des vies condamn\u00e9es d\u2019avance \u00e0 la pauvret\u00e9 si nous n\u2019agissons pas vite, ensemble et avec eux d\u00e8s les trois premi\u00e8res ann\u00e9es de leur vie\u00a0\u00bb.<\/p>\n","protected":false},"excerpt":{"rendered":"17\u00a0millions d\u2019euros pour l\u2019enfance d\u00e9favoris\u00e9e Le Cr\u00e9dit Mutuel a annonc\u00e9, ce vendredi, le lancement d\u2019un programme national pour&hellip;\n","protected":false},"author":2,"featured_media":122720,"comment_status":"","ping_status":"","sticky":false,"template":"","format":"standard","meta":{"footnotes":""},"categories":[2820],"tags":[1111,11,2389,2649,33,2880,1777,674,107,3183,1011,27,775,12,25,640,2879,216],"class_list":{"0":"post-122719","1":"post","2":"type-post","3":"status-publish","4":"format-standard","5":"has-post-thumbnail","7":"category-strasbourg","8":"tag-actu","9":"tag-actualites","10":"tag-alsace","11":"tag-bas-rhin","12":"tag-economie","13":"tag-edition-strasbourg","14":"tag-eu","15":"tag-europe","16":"tag-fil-info","17":"tag-finance-et-fiscalite","18":"tag-fr","19":"tag-france","20":"tag-grand-est","21":"tag-news","22":"tag-republique-francaise","23":"tag-strasbourg","24":"tag-strasbourg-ville","25":"tag-vie-des-entreprises"},"share_on_mastodon":{"url":"https:\/\/pubeurope.com\/@fr\/114558786783636863","error":""},"_links":{"self":[{"href":"https:\/\/www.europesays.com\/fr\/wp-json\/wp\/v2\/posts\/122719","targetHints":{"allow":["GET"]}}],"collection":[{"href":"https:\/\/www.europesays.com\/fr\/wp-json\/wp\/v2\/posts"}],"about":[{"href":"https:\/\/www.europesays.com\/fr\/wp-json\/wp\/v2\/types\/post"}],"author":[{"embeddable":true,"href":"https:\/\/www.europesays.com\/fr\/wp-json\/wp\/v2\/users\/2"}],"replies":[{"embeddable":true,"href":"https:\/\/www.europesays.com\/fr\/wp-json\/wp\/v2\/comments?post=122719"}],"version-history":[{"count":0,"href":"https:\/\/www.europesays.com\/fr\/wp-json\/wp\/v2\/posts\/122719\/revisions"}],"wp:featuredmedia":[{"embeddable":true,"href":"https:\/\/www.europesays.com\/fr\/wp-json\/wp\/v2\/media\/122720"}],"wp:attachment":[{"href":"https:\/\/www.europesays.com\/fr\/wp-json\/wp\/v2\/media?parent=122719"}],"wp:term":[{"taxonomy":"category","embeddable":true,"href":"https:\/\/www.europesays.com\/fr\/wp-json\/wp\/v2\/categories?post=122719"},{"taxonomy":"post_tag","embeddable":true,"href":"https:\/\/www.europesays.com\/fr\/wp-json\/wp\/v2\/tags?post=122719"}],"curies":[{"name":"wp","href":"https:\/\/api.w.org\/{rel}","templated":true}]}}